{"id":279974,"date":"2025-07-28T16:24:17","date_gmt":"2025-07-28T16:24:17","guid":{"rendered":"https:\/\/www.europesays.com\/fr\/279974\/"},"modified":"2025-07-28T16:24:17","modified_gmt":"2025-07-28T16:24:17","slug":"lallemagne-serait-le-pays-plus-impacte-par-laccord-avec-trump","status":"publish","type":"post","link":"https:\/\/www.europesays.com\/fr\/279974\/","title":{"rendered":"L&rsquo;Allemagne serait le pays plus impact\u00e9 par l&rsquo;accord avec Trump"},"content":{"rendered":"<dl class=\"post-meta-box flex flex-wrap items-top border-grey-lighter border-b post-meta relative z-20\">&#13;<br \/>\n                                  &#13;<br \/>\n                                  &#13;<br \/>\n                                  &#13;<\/p>\n<dt class=\"inline-block py-1 leading-5 w-1\/5 sm:1\/6 xl:w-3\/10 flex items-top font-sans text-3xs text-grey tracking-wider uppercase border-grey-lighter border-t\">&#13;<br \/>\n                                    Date                                  <\/dt>\n<p>&#13;<\/p>\n<dd class=\"inline-block w-4\/5 sm:5\/6 xl:w-7\/10 pl-1u lg:pl-0 flex-grow  py-1 font-sans text-xs leading-5 border-grey-lighter border-t\">&#13;<br \/>\n                                    28 juillet 2025&#13;\n                                  <\/dd>\n<p>&#13;\n                                <\/dl>\n<p>                                      &#13;<br \/>\n        &#13;<br \/>\n            &#13;<br \/>\n        &#13;<br \/>\n        &#13;<br \/>\n            &#13;<br \/>\n            &#13;<br \/>\n        &#13;<br \/>\n        Ajouter&#13;<br \/>\n        Article ajout\u00e9&#13;<\/p>\n<p>    &#13;<br \/>\n        T\u00e9l\u00e9charger le PDF&#13;<br \/>\n        &#13;<br \/>\n            &#13;<br \/>\n            &#13;<br \/>\n            &#13;<br \/>\n        &#13;<br \/>\n&#13;<br \/>\n&#13;<\/p>\n<dl class=\"post-meta-box flex flex-wrap items-top border-grey-lighter border-b post-meta relative z-20 mt-4\">&#13;<\/p>\n<dt class=\"partager inline-block py-1 leading-5 w-1\/5 sm:1\/6 xl:w-3\/10 flex items-top font-sans text-3xs text-grey tracking-wider uppercase border-grey-lighter border-t\">&#13;<br \/>\n                                    Partager                                  <\/dt>\n<p>&#13;<\/p>\n<dd class=\"partager inline-block w-4\/5 sm:5\/6 xl:w-7\/10 pl-1u lg:pl-0 flex-grow  py-1 font-sans text-xs leading-5 border-grey-lighter border-t\">&#13;<br \/>\n                                    <a target=\"_blank\" data-social=\"twitter\" class=\"text-red no-underline inline-block w-4 h-4 mr-2\" href=\"https:\/\/twitter.com\/intent\/tweet\/?text=Avec+une+perte+de+0%2C13+point+de+PIB%2C+l%E2%80%99Allemagne+serait+l%E2%80%99%C3%89tat+membre+le+plus+impact%C3%A9+par+l%E2%80%99accord+avec+Trump&amp;url=https%3A%2F%2Flegrandcontinent.eu%2Ffr%2F2025%2F07%2F28%2Favec-une-perte-de-013-point-de-pib-lallemagne-serait-letat-membre-le-plus-impacte-par-laccord-avec-trump%2F\" rel=\"nofollow noopener\">&#13;<br \/>\n                                        &#13;<br \/>\n                                      <\/a>&#13;<br \/>\n                                    <a target=\"_blank\" data-social=\"facebook\" class=\"text-red no-underline inline-block w-4 h-4 mr-2\" href=\"https:\/\/facebook.com\/sharer\/sharer.php?u=https%3A%2F%2Flegrandcontinent.eu%2Ffr%2F2025%2F07%2F28%2Favec-une-perte-de-013-point-de-pib-lallemagne-serait-letat-membre-le-plus-impacte-par-laccord-avec-trump%2F\" rel=\"nofollow noopener\">&#13;<br \/>\n                                        &#13;<br \/>\n                                      <\/a>&#13;<br \/>\n                                    <a target=\"_blank\" data-social=\"linkedin\" class=\"text-red no-underline inline-block w-4 h-4 mr-2\" href=\"https:\/\/www.linkedin.com\/shareArticle?title=Avec+une+perte+de+0%2C13+point+de+PIB%2C+l%E2%80%99Allemagne+serait+l%E2%80%99%C3%89tat+membre+le+plus+impact%C3%A9+par+l%E2%80%99accord+avec+Trump&amp;url=https%3A%2F%2Flegrandcontinent.eu%2Ffr%2F2025%2F07%2F28%2Favec-une-perte-de-013-point-de-pib-lallemagne-serait-letat-membre-le-plus-impacte-par-laccord-avec-trump%2F\" rel=\"nofollow noopener\">&#13;<br \/>\n                                        &#13;<br \/>\n                                      <\/a>&#13;<br \/>\n&#13;<br \/>\n&#13;\n                                  <\/dd>\n<p>&#13;<\/p>\n<p class=\"font-sans text-black text-xs lg:text-2xs\">&#13;<br \/>\n                                        Abonnez-vous pour t\u00e9l\u00e9charger cet article en format PDF                                      <\/p>\n<p>                                      <a href=\"https:\/\/legrandcontinent.eu\/fr\/offre-legc-x\/\" class=\"btn-subscribe flex no-underline mt-4\" rel=\"nofollow noopener\" target=\"_blank\">&#13;<br \/>\n                                        &#13;<br \/>\n                                          \u2192&#13;<br \/>\n                                        &#13;<br \/>\n                                        &#13;<br \/>\n                                          S&rsquo;abonner                                        &#13;<br \/>\n                                      <\/a><\/p>\n<p>                                  &#13;\n                                <\/dl>\n<p>\u00c0 partir du 1er ao\u00fbt, suite \u00e0 l\u2019accord pr\u00e9liminaire annonc\u00e9 hier, dimanche 27 juillet, <a href=\"https:\/\/legrandcontinent.eu\/fr\/2025\/07\/27\/lunion-europeenne-cede-a-trump-analyse-a-chaud-du-traite-inegal-quimpose-15-de-droits-de-douane\/\" rel=\"nofollow noopener\" target=\"_blank\">les \u00c9tats-Unis appliqueront des tarifs de 15\u00a0%<\/a> sur la plupart des importations en provenance des pays de l\u2019Union.<\/p>\n<ul class=\"wp-block-list\">\n<li>Le Kiel Institute for the World Economy, un institut de recherche allemand, estime qu\u2019un taux de 15\u00a0% entra\u00eenera une baisse \u00e0 court terme du PIB de l\u2019Allemagne de 0,13 point de pourcentage par rapport \u00e0 un sc\u00e9nario initial\u00a0<a href=\"#easy-footnote-bottom-1-289864\" title=\"&lt;a href=&quot;https:\/\/www.ifw-kiel.de\/de\/publikationen\/aktuelles\/eu-usa-zolldeal-gefaehrdet-regelbasierten-welthandel\/&quot;&gt;EU-USA-Zolldeal gef\u00e4hrdet regelbasierten Welthandel&lt;\/a&gt;, Kiel Institute for the World Economy, 28 juillet 2025.\">1<\/a>.<\/li>\n<li>\u00c0 l\u2019\u00e9chelle de l\u2019Union, l\u2019accord conclu dimanche 27 juillet conduirait \u00e0 une baisse du PIB de 0,1\u00a0%. La France et l\u2019Italie seraient moins impact\u00e9s, avec des pertes respectives de 0,01 et de 0,02\u00a0% de leur PIB\u00a0<a href=\"#easy-footnote-bottom-2-289864\" title=\"Julien Olk, \u00ab\u00a0&lt;a href=&quot;https:\/\/www.handelsblatt.com\/politik\/konjunktur\/zoelle-milliarden-schaden-fuer-deutsche-wirtschaft-durch-deal-mit-usa\/100144426.html&quot;&gt;Milliarden-Schaden f\u00fcr deutsche Wirtschaft durch Deal mit USA&lt;\/a&gt;\u00a0\u00bb, &lt;em&gt;Handelsblatt&lt;\/em&gt;, 27 juillet 2025.\">2<\/a>.<\/li>\n<li>Ces estimations ne prennent toutefois pas en compte d\u2019\u00e9ventuelles exclusions pour certains secteurs (produits pharmaceutiques, a\u00e9ronautiques, chimiques, agricoles\u2026) qui n\u2019ont pour l\u2019heure pas \u00e9t\u00e9 pr\u00e9cis\u00e9es par Bruxelles et Washington.<\/li>\n<\/ul>\n<ul class=\"wp-block-list\">\n<li>Avec plus de 161 milliards d\u2019euros de biens l\u2019an dernier, l\u2019Allemagne est de loin le principal exportateur europ\u00e9en vers les \u00c9tats-Unis (plus de 30\u00a0% du total des exportations du bloc).<\/li>\n<li>Berlin est suivi par l\u2019Irlande (72 milliards d\u2019euros, dont 35 milliards de produits pharmaceutiques), l\u2019Italie (65 milliards) et la France (47 milliards).<\/li>\n<\/ul>\n<p>Dans le cadre de l\u2019accord, l\u2019Union aurait accept\u00e9 d\u2019acheter pour 750 milliards de dollars \u00ab\u00a0d\u2019\u00e9nergie\u00a0\u00bb am\u00e9ricaine (surtout du GNL, mais aussi p\u00e9trole et nucl\u00e9aire), d\u2019investir 600 milliards de dollars aux \u00c9tats-Unis, en plus des investissements d\u00e9j\u00e0 existants, et d\u2019acheter d\u2019importantes quantit\u00e9s d\u2019\u00e9quipements militaires ainsi que des processeurs graphiques am\u00e9ricains qui, selon von der Leyen, \u00ab\u00a0aideront les \u00c9tats-Unis \u00e0 conserver leur avance technologique\u00a0\u00bb\u00a0<a href=\"#easy-footnote-bottom-3-289864\" title=\"Paola Tamma, \u00ab\u00a0&lt;a href=&quot;https:\/\/www.ft.com\/content\/d974c264-a3ac-4fdc-a9e1-8f95b49e8bf0&quot;&gt;EU pledges to buy AI chips from US&lt;\/a&gt;\u00a0\u00bb, &lt;em&gt;Financial Times&lt;\/em&gt;, 28 juillet 2025.\">3<\/a>.<\/p>\n<ul class=\"wp-block-list\">\n<li>L\u2019annonce de la conclusion de l\u2019accord a conduit \u00e0 une baisse du cours des actions des entreprises europ\u00e9ennes du secteur de la d\u00e9fense (Rheinmetall, Thales, BAE Systems\u2026) lors de l\u2019ouverture des march\u00e9s, lundi matin.<\/li>\n<li>Le Premier ministre fran\u00e7ais Fran\u00e7ois Bayrou a d\u00e9nonc\u00e9 un \u00ab\u00a0jour sombre\u00a0\u00bb et une \u00ab\u00a0soumission\u00a0\u00bb aux \u00c9tats-Unis, tandis que Viktor Orb\u00e1n a d\u00e9clar\u00e9\u00a0: \u00ab\u00a0Ce n\u2019est pas un accord\u2026 Donald Trump a mang\u00e9 von der Leyen au petit-d\u00e9jeuner, voil\u00e0 ce qui s\u2019est pass\u00e9\u00a0\u00bb.<\/li>\n<li>Plusieurs dirigeants europ\u00e9ens dont Friedrich Merz, Giorgia Meloni, Pedro S\u00e1nchez et Petteri Orpo ont quant \u00e0 eux apport\u00e9 leur soutien \u00e0 l\u2019accord en notant que celui-ci apportera de la \u00ab\u00a0stabilit\u00e9\u00a0\u00bb dans la relation bilat\u00e9rale.<\/li>\n<\/ul>\n<p>La Commission insiste sur le fait que l\u2019accord annonc\u00e9 dimanche 27 juillet constitue un \u00ab\u00a0cadre politique\u00a0\u00bb et non un texte juridique. Certains \u00e9l\u00e9ments devront encore faire l\u2019objet de n\u00e9gociations.<\/p>\n<ul class=\"wp-block-list\">\n<li>Selon un responsable europ\u00e9en, l\u2019engagement d\u2019investissement de 600 milliards d\u2019euros n\u2019est qu\u2019une \u00ab\u00a0intention\u00a0\u00bb. Il ne s\u2019agit pas d\u2019une garantie car seules les entreprises peuvent s\u2019y engager.<\/li>\n<li>Les achats de GNL devraient in fine r\u00e9sulter d\u2019une d\u00e9cision prise au niveau des \u00c9tats membres et refl\u00e9tant les besoins de ces derniers, tandis que les achats d\u2019armes refl\u00e8teraient \u00ab\u00a0en grande partie l\u2019hypoth\u00e8se de l\u2019administration selon laquelle les Europ\u00e9ens auront besoin de capacit\u00e9s suppl\u00e9mentaires pour respecter les engagements pris dans le cadre de l\u2019OTAN\u00a0\u00bb.<\/li>\n<li>L\u2019accord final devrait, selon la Commission, inclure des droits de douane nuls dans les deux sens pour les avions et leurs composants, certains produits chimiques, certains m\u00e9dicaments, des \u00e9quipements pour semi-conducteurs, certains produits agricoles, des ressources naturelles et des mati\u00e8res premi\u00e8res critiques.<\/li>\n<\/ul>\n<p>                          <script async src=\"https:\/\/platform.twitter.com\/widgets.js\" charset=\"utf-8\"><\/script><\/p>\n","protected":false},"excerpt":{"rendered":"&#13; &#13; &#13; &#13; &#13; Date &#13; &#13; 28 juillet 2025&#13; &#13; &#13; &#13; &#13; &#13; &#13; &#13;&hellip;\n","protected":false},"author":2,"featured_media":279975,"comment_status":"","ping_status":"","sticky":false,"template":"","format":"standard","meta":{"footnotes":""},"categories":[1587],"tags":[11,672,1804,1805,1803,1777,674,1801,12,1802],"class_list":{"0":"post-279974","1":"post","2":"type-post","3":"status-publish","4":"format-standard","5":"has-post-thumbnail","7":"category-allemagne","8":"tag-actualites","9":"tag-allemagne","10":"tag-bundesrepublik-deutschland","11":"tag-de","12":"tag-deutschland","13":"tag-eu","14":"tag-europe","15":"tag-germany","16":"tag-news","17":"tag-republique-federale-dallemagne"},"share_on_mastodon":{"url":"https:\/\/pubeurope.com\/@fr\/114931791522548030","error":""},"_links":{"self":[{"href":"https:\/\/www.europesays.com\/fr\/wp-json\/wp\/v2\/posts\/279974","targetHints":{"allow":["GET"]}}],"collection":[{"href":"https:\/\/www.europesays.com\/fr\/wp-json\/wp\/v2\/posts"}],"about":[{"href":"https:\/\/www.europesays.com\/fr\/wp-json\/wp\/v2\/types\/post"}],"author":[{"embeddable":true,"href":"https:\/\/www.europesays.com\/fr\/wp-json\/wp\/v2\/users\/2"}],"replies":[{"embeddable":true,"href":"https:\/\/www.europesays.com\/fr\/wp-json\/wp\/v2\/comments?post=279974"}],"version-history":[{"count":0,"href":"https:\/\/www.europesays.com\/fr\/wp-json\/wp\/v2\/posts\/279974\/revisions"}],"wp:featuredmedia":[{"embeddable":true,"href":"https:\/\/www.europesays.com\/fr\/wp-json\/wp\/v2\/media\/279975"}],"wp:attachment":[{"href":"https:\/\/www.europesays.com\/fr\/wp-json\/wp\/v2\/media?parent=279974"}],"wp:term":[{"taxonomy":"category","embeddable":true,"href":"https:\/\/www.europesays.com\/fr\/wp-json\/wp\/v2\/categories?post=279974"},{"taxonomy":"post_tag","embeddable":true,"href":"https:\/\/www.europesays.com\/fr\/wp-json\/wp\/v2\/tags?post=279974"}],"curies":[{"name":"wp","href":"https:\/\/api.w.org\/{rel}","templated":true}]}}