{"id":279976,"date":"2025-07-28T16:25:13","date_gmt":"2025-07-28T16:25:13","guid":{"rendered":"https:\/\/www.europesays.com\/fr\/279976\/"},"modified":"2025-07-28T16:25:13","modified_gmt":"2025-07-28T16:25:13","slug":"leurope-finalement-en-baisse-apres-laccord-commercial-pourtant-tant-attendu-28-07-2025-a-1814","status":"publish","type":"post","link":"https:\/\/www.europesays.com\/fr\/279976\/","title":{"rendered":"L&rsquo;Europe finalement en baisse apr\u00e8s l&rsquo;accord commercial pourtant tant attendu &#8211; 28\/07\/2025 \u00e0 18:14"},"content":{"rendered":"<p>\n (AOF) &#8211; Apr\u00e8s des mois de n\u00e9gociations, un accord commercial entre l\u2019Union europ\u00e9enne et les \u00c9tats-Unis a \u00e9t\u00e9 conclu ce week-end. Dans un premier temps les grands indices europ\u00e9ens ont r\u00e9agi positivement \u00e0 cet accord car il va r\u00e9duire l\u2019incertitude et la volatilit\u00e9. Les march\u00e9s ont ensuite bascul\u00e9 dans le rouge, cet accord profitera surtout \u00e0 Washington et p\u00e8sera sur la croissance europ\u00e9enne.  Le CAC 40 a recul\u00e9 ce soir de 0,43 %, \u00e0 7 800,88 points, l\u2019EuroStoxx 50 a c\u00e9d\u00e9 0,35 %, \u00e0 5 333,65 points.\n<\/p>\n<p>\n Aux \u00c9tats-Unis, c&rsquo;est la prudence qui domine. Le Dow Jones est en tr\u00e8s l\u00e9ger repli de 0,08 %, tandis que le Nasdaq avance timidement de 0,16 %.\n<\/p>\n<p>\n Beaucoup estiment que cet accord est d\u00e9s\u00e9quilibr\u00e9 et nettement favorable aux \u00c9tats-Unis. Il pr\u00e9voit une hausse des taxes douani\u00e8res de 15 % pour de nombreux produits europ\u00e9ens import\u00e9s aux \u00c9tats-Unis.\n<\/p>\n<p>\n Par exemple, si le Dax40 en Allemagne a perdu ce soir 1,13,%, c&rsquo;est \u00e0 cause de la forte exposition de l&rsquo;\u00e9conomie allemande au secteur automobile. De nombreux analystes s&rsquo;attendaient \u00e0 ce que la taxe soit moins \u00e9lev\u00e9e pour les v\u00e9hicules et \u00e9quipementiers automobiles. Certains pr\u00e9voyaient m\u00eame un retour progressif \u00e0 des niveaux pr\u00e9-Trump, soit autour de 2,5 % selon Bloomberg.\n<\/p>\n<p>\n La croissance europ\u00e9enne devrait p\u00e2tir de cet accord commercial. Chez les g\u00e9rants de Rothschild Asset Management par exemple, on estime que cet accord devrait amputer le PIB de l&rsquo;Union europ\u00e9enne de 0,4 % en raison d&rsquo;un affaiblissement de la demande ext\u00e9rieure notamment. Pour les analystes d&rsquo;UBS, le manque \u00e0 gagner sur le produit int\u00e9rieur brut devrait \u00eatre de l&rsquo;ordre de 0,3 %.\n<\/p>\n<p>\n Au chapitre macro-\u00e9conomique, aucune statistique d&rsquo;envergure n&rsquo;\u00e9tait programm\u00e9e.\n<\/p>\n<p>\n En ce qui concerne les valeurs, Forvia a \u00e9t\u00e9 particuli\u00e8rement entour\u00e9e apr\u00e8s la publication des r\u00e9sultats semestriels et le maintien des objectifs annuels. \u00c0 l&rsquo;inverse, Thales et d&rsquo;autres acteurs du secteur de la d\u00e9fense ont fini dans le rouge. Avec l&rsquo;accord commercial, l&rsquo;Union europ\u00e9enne s&rsquo;est engag\u00e9e \u00e0 proc\u00e9der \u00e0 des achats d&rsquo;armements et d&rsquo;\u00e9quipements militaires aupr\u00e8s de soci\u00e9t\u00e9s am\u00e9ricaines.<\/p>\n","protected":false},"excerpt":{"rendered":"(AOF) &#8211; Apr\u00e8s des mois de n\u00e9gociations, un accord commercial entre l\u2019Union europ\u00e9enne et les \u00c9tats-Unis a \u00e9t\u00e9&hellip;\n","protected":false},"author":2,"featured_media":2956,"comment_status":"","ping_status":"","sticky":false,"template":"","format":"standard","meta":{"footnotes":""},"categories":[1586],"tags":[400,11,398,408,405,1777,674,1011,27,403,402,399,404,12,25,401,406,407],"class_list":{"0":"post-279976","1":"post","2":"type-post","3":"status-publish","4":"format-standard","5":"has-post-thumbnail","7":"category-europe","8":"tag-action-cac-40","9":"tag-actualites","10":"tag-bourse-de-paris","11":"tag-boursorama","12":"tag-cotations","13":"tag-eu","14":"tag-europe","15":"tag-fr","16":"tag-france","17":"tag-indices-devises","18":"tag-investir","19":"tag-investissement","20":"tag-marche-boursier","21":"tag-news","22":"tag-republique-francaise","23":"tag-sicav","24":"tag-trackers","25":"tag-warrants"},"share_on_mastodon":{"url":"https:\/\/pubeurope.com\/@fr\/114931795446351443","error":""},"_links":{"self":[{"href":"https:\/\/www.europesays.com\/fr\/wp-json\/wp\/v2\/posts\/279976","targetHints":{"allow":["GET"]}}],"collection":[{"href":"https:\/\/www.europesays.com\/fr\/wp-json\/wp\/v2\/posts"}],"about":[{"href":"https:\/\/www.europesays.com\/fr\/wp-json\/wp\/v2\/types\/post"}],"author":[{"embeddable":true,"href":"https:\/\/www.europesays.com\/fr\/wp-json\/wp\/v2\/users\/2"}],"replies":[{"embeddable":true,"href":"https:\/\/www.europesays.com\/fr\/wp-json\/wp\/v2\/comments?post=279976"}],"version-history":[{"count":0,"href":"https:\/\/www.europesays.com\/fr\/wp-json\/wp\/v2\/posts\/279976\/revisions"}],"wp:featuredmedia":[{"embeddable":true,"href":"https:\/\/www.europesays.com\/fr\/wp-json\/wp\/v2\/media\/2956"}],"wp:attachment":[{"href":"https:\/\/www.europesays.com\/fr\/wp-json\/wp\/v2\/media?parent=279976"}],"wp:term":[{"taxonomy":"category","embeddable":true,"href":"https:\/\/www.europesays.com\/fr\/wp-json\/wp\/v2\/categories?post=279976"},{"taxonomy":"post_tag","embeddable":true,"href":"https:\/\/www.europesays.com\/fr\/wp-json\/wp\/v2\/tags?post=279976"}],"curies":[{"name":"wp","href":"https:\/\/api.w.org\/{rel}","templated":true}]}}