{"id":279977,"date":"2025-07-28T16:26:10","date_gmt":"2025-07-28T16:26:10","guid":{"rendered":"https:\/\/www.europesays.com\/fr\/279977\/"},"modified":"2025-07-28T16:26:10","modified_gmt":"2025-07-28T16:26:10","slug":"la-commission-europeenne-etudie-lexclusion-disrael-du-programme-scientifique-horizon-europe","status":"publish","type":"post","link":"https:\/\/www.europesays.com\/fr\/279977\/","title":{"rendered":"La Commission Europ\u00e9enne \u00c9tudie L&rsquo;exclusion D&rsquo;Isra\u00ebl Du Programme Scientifique Horizon Europe"},"content":{"rendered":"<p class=\"\" data-is=\"component-paragraph\">La Commission europ\u00e9enne a tenu ce lundi une r\u00e9union d\u2019urgence pour envisager la suspension d\u2019Isra\u00ebl du programme scientifique Horizon Europe, une premi\u00e8re mesure concr\u00e8te contre l\u2019\u00c9tat h\u00e9breu, initi\u00e9e par l\u2019Espagne et l\u2019Irlande face \u00e0 la crise humanitaire \u00e0 Gaza. Ce d\u00e9bat, relanc\u00e9 apr\u00e8s un \u00e9chec \u00e0 Bruxelles mi-juillet, marque un tournant dans les relations entre l&rsquo;Europe et Isra\u00ebl.<\/p>\n<p class=\"\" data-is=\"component-paragraph\">Horizon Europe, dot\u00e9 de 95,5 milliards d\u2019euros pour 2021-2027, finance la recherche innovante dans la science, la technologie, la sant\u00e9 ou l\u2019\u00e9nergie. Isra\u00ebl, membre associ\u00e9 depuis 2021, permet \u00e0 ses organisations de candidater \u00e0 des subventions. Une exclusion aurait des cons\u00e9quences importantes, notamment pour les start-ups isra\u00e9liennes, fleuron de l\u2019innovation, risquant de perdre financements et collaborations essentielles.<\/p>\n<p class=\"\" data-is=\"component-paragraph\">Ce geste, \u00e0 la fois symbolique et concret, pourrait nuire \u00e0 l\u2019image d\u2019Isra\u00ebl et cr\u00e9er un pr\u00e9c\u00e9dent pour d\u2019autres sanctions. La ministre isra\u00e9lienne de l\u2019Innovation, Gila Gamliel, a d\u00e9nonc\u00e9 un \u00ab dommage irr\u00e9parable \u00bb, avertissant que cette initiative compromettrait tout accord de cessez-le-feu. Isra\u00ebl insiste sur l\u2019impact n\u00e9gatif pour l\u2019Europe, priv\u00e9e de l\u2019expertise isra\u00e9lienne en s\u00e9curit\u00e9 et technologie.<\/p>\n<p class=\"\" data-is=\"component-paragraph\">Aucune d\u00e9cision n\u2019est encore prise, mais ce d\u00e9bat envoie un message clair : les liens scientifiques ne sont plus \u00e0 l\u2019abri des tensions g\u00e9opolitiques. Isra\u00ebl pr\u00e9pare une contre-offensive diplomatique pour pr\u00e9server son acc\u00e8s \u00e0 ce programme vital, tout en plaidant pour une d\u00e9sescalade r\u00e9gionale.<\/p>\n","protected":false},"excerpt":{"rendered":"La Commission europ\u00e9enne a tenu ce lundi une r\u00e9union d\u2019urgence pour envisager la suspension d\u2019Isra\u00ebl du programme scientifique&hellip;\n","protected":false},"author":2,"featured_media":279978,"comment_status":"","ping_status":"","sticky":false,"template":"","format":"standard","meta":{"footnotes":""},"categories":[1586],"tags":[11,1777,674,1779,1011,27,12,25,1778,364],"class_list":{"0":"post-279977","1":"post","2":"type-post","3":"status-publish","4":"format-standard","5":"has-post-thumbnail","7":"category-europe","8":"tag-actualites","9":"tag-eu","10":"tag-europe","11":"tag-european-union","12":"tag-fr","13":"tag-france","14":"tag-news","15":"tag-republique-francaise","16":"tag-ue","17":"tag-union-europeenne"},"share_on_mastodon":{"url":"https:\/\/pubeurope.com\/@fr\/114931799451678168","error":""},"_links":{"self":[{"href":"https:\/\/www.europesays.com\/fr\/wp-json\/wp\/v2\/posts\/279977","targetHints":{"allow":["GET"]}}],"collection":[{"href":"https:\/\/www.europesays.com\/fr\/wp-json\/wp\/v2\/posts"}],"about":[{"href":"https:\/\/www.europesays.com\/fr\/wp-json\/wp\/v2\/types\/post"}],"author":[{"embeddable":true,"href":"https:\/\/www.europesays.com\/fr\/wp-json\/wp\/v2\/users\/2"}],"replies":[{"embeddable":true,"href":"https:\/\/www.europesays.com\/fr\/wp-json\/wp\/v2\/comments?post=279977"}],"version-history":[{"count":0,"href":"https:\/\/www.europesays.com\/fr\/wp-json\/wp\/v2\/posts\/279977\/revisions"}],"wp:featuredmedia":[{"embeddable":true,"href":"https:\/\/www.europesays.com\/fr\/wp-json\/wp\/v2\/media\/279978"}],"wp:attachment":[{"href":"https:\/\/www.europesays.com\/fr\/wp-json\/wp\/v2\/media?parent=279977"}],"wp:term":[{"taxonomy":"category","embeddable":true,"href":"https:\/\/www.europesays.com\/fr\/wp-json\/wp\/v2\/categories?post=279977"},{"taxonomy":"post_tag","embeddable":true,"href":"https:\/\/www.europesays.com\/fr\/wp-json\/wp\/v2\/tags?post=279977"}],"curies":[{"name":"wp","href":"https:\/\/api.w.org\/{rel}","templated":true}]}}