{"id":279981,"date":"2025-07-28T16:28:10","date_gmt":"2025-07-28T16:28:10","guid":{"rendered":"https:\/\/www.europesays.com\/fr\/279981\/"},"modified":"2025-07-28T16:28:10","modified_gmt":"2025-07-28T16:28:10","slug":"legislative-partielle-a-paris-je-serai-quoi-quil-arrive-candidate-dati-prete-a-entrer-en-dissidence","status":"publish","type":"post","link":"https:\/\/www.europesays.com\/fr\/279981\/","title":{"rendered":"L\u00e9gislative partielle \u00e0 Paris\u00a0: \u00ab\u00a0Je serai quoi qu\u2019il arrive candidate\u00a0\u00bb\u2026 Dati, pr\u00eate \u00e0 entrer en dissidence"},"content":{"rendered":"<p class=\"paragraph text_align_left lp-f-body-02\">Alors que la commission nationale d\u2019investiture du parti (CNI) se r\u00e9unit ce lundi 28 juillet, \u00e0 partir de 17 heures, pour trancher sur cet \u00e9pineux dossier, la ministre de la Culture et maire du VIIe arrondissement confie au Parisien &#8211; Aujourd\u2019hui en France que, co\u00fbte que co\u00fbte, elle d\u00e9fendra ses chances dans la l\u00e9gislative partielle programm\u00e9e, au plus tard, d\u00e9but octobre, apr\u00e8s <a href=\"https:\/\/www.leparisien.fr\/paris-75\/paris-le-conseil-constitutionnel-invalide-lelection-du-depute-jean-laussucq-en-raison-de-depenses-irregulieres-11-07-2025-2PYEQ4BUGRBJ5OCPDEYOEJJHLM.php\" target=\"_blank\" rel=\"noreferrer nofollow noopener\">l\u2019invalidation des comptes de campagne du d\u00e9put\u00e9 sortant, Jean Laussucq<\/a> (Renaissance).<\/p>\n","protected":false},"excerpt":{"rendered":"Alors que la commission nationale d\u2019investiture du parti (CNI) se r\u00e9unit ce lundi 28 juillet, \u00e0 partir de&hellip;\n","protected":false},"author":2,"featured_media":279982,"comment_status":"","ping_status":"","sticky":false,"template":"","format":"standard","meta":{"footnotes":""},"categories":[2],"tags":[11,5949,1011,27,39201,12,316,25],"class_list":{"0":"post-279981","1":"post","2":"type-post","3":"status-publish","4":"format-standard","5":"has-post-thumbnail","7":"category-actualites","8":"tag-actualites","9":"tag-elections","10":"tag-fr","11":"tag-france","12":"tag-legislatives","13":"tag-news","14":"tag-politique","15":"tag-republique-francaise"},"share_on_mastodon":{"url":"https:\/\/pubeurope.com\/@fr\/114931807386068338","error":""},"_links":{"self":[{"href":"https:\/\/www.europesays.com\/fr\/wp-json\/wp\/v2\/posts\/279981","targetHints":{"allow":["GET"]}}],"collection":[{"href":"https:\/\/www.europesays.com\/fr\/wp-json\/wp\/v2\/posts"}],"about":[{"href":"https:\/\/www.europesays.com\/fr\/wp-json\/wp\/v2\/types\/post"}],"author":[{"embeddable":true,"href":"https:\/\/www.europesays.com\/fr\/wp-json\/wp\/v2\/users\/2"}],"replies":[{"embeddable":true,"href":"https:\/\/www.europesays.com\/fr\/wp-json\/wp\/v2\/comments?post=279981"}],"version-history":[{"count":0,"href":"https:\/\/www.europesays.com\/fr\/wp-json\/wp\/v2\/posts\/279981\/revisions"}],"wp:featuredmedia":[{"embeddable":true,"href":"https:\/\/www.europesays.com\/fr\/wp-json\/wp\/v2\/media\/279982"}],"wp:attachment":[{"href":"https:\/\/www.europesays.com\/fr\/wp-json\/wp\/v2\/media?parent=279981"}],"wp:term":[{"taxonomy":"category","embeddable":true,"href":"https:\/\/www.europesays.com\/fr\/wp-json\/wp\/v2\/categories?post=279981"},{"taxonomy":"post_tag","embeddable":true,"href":"https:\/\/www.europesays.com\/fr\/wp-json\/wp\/v2\/tags?post=279981"}],"curies":[{"name":"wp","href":"https:\/\/api.w.org\/{rel}","templated":true}]}}