{"id":279987,"date":"2025-07-28T16:32:10","date_gmt":"2025-07-28T16:32:10","guid":{"rendered":"https:\/\/www.europesays.com\/fr\/279987\/"},"modified":"2025-07-28T16:32:10","modified_gmt":"2025-07-28T16:32:10","slug":"yanis-boulassel-a-retrouve-un-club","status":"publish","type":"post","link":"https:\/\/www.europesays.com\/fr\/279987\/","title":{"rendered":"Yanis Boulassel a retrouv\u00e9 un club !"},"content":{"rendered":"<p>En fin de contrat avec Toulon cette ann\u00e9e apr\u00e8s deux ans de pr\u00eat du c\u00f4t\u00e9 de B\u00e9ziers, Yanis Boulassel \u00e9tait sans club depuis la fin de saison.<\/p>\n<p>Form\u00e9 \u00e0 Toulon, Yanis Boulassel avait d\u00e9but\u00e9 en 2022 avec les Rouge et Noir et disput\u00e9 9 rencontres avec son club formateur.<\/p>\n<p>Les deux derni\u00e8res saisons il \u00e9tait pr\u00eat\u00e9 du c\u00f4t\u00e9 de B\u00e9ziers, en Pro D2.<\/p>\n<p>Avec 26 matchs dont 14 en tant que titulaire avec l\u2019ASBH, le jeune talonneur avait fait sa place dans l\u2019effectif H\u00e9raultais.<\/p>\n<p>Mais Yanis Boulassel n\u2019avait pas \u00e9t\u00e9 conserv\u00e9 par B\u00e9ziers.<\/p>\n<p>Finalement, aujourd\u2019hui, l\u2019ASBH a annonc\u00e9 que le talonneur revenait au club, en tant que joker m\u00e9dical.<\/p>\n<p>M\u00eame s\u2019il s\u2019agit d\u2019un petit contrat, Yanis Boulassel aura l\u2019occasion de se montrer de nouveau afin de pouvoir s\u2019engager sur un plus long terme avec un club professionnel.<\/p>\n<blockquote class=\"twitter-tweet\">\n<p dir=\"ltr\" lang=\"fr\">\ud83d\udd34\ud83d\udd35 \ud835\uddec\ud835\uddee\ud835\uddfb\ud835\uddf6\ud835\ude00 \ud835\uddd5\ud835\udde2\ud835\udde8\ud835\udddf\ud835\uddd4\ud835\udde6\ud835\udde6\ud835\uddd8\ud835\udddf \ud835\uddf3\ud835\uddee\ud835\uddf6\ud835\ude01 \ud835\ude00\ud835\uddfc\ud835\uddfb \ud835\uddff\ud835\uddf2\ud835\ude01\ud835\uddfc\ud835\ude02\ud835\uddff \ud835\ude00\ud835\uddfc\ud835\ude02\ud835\ude00 \ud835\uddfb\ud835\uddfc\ud835\ude00 \ud835\uddf0\ud835\uddfc\ud835\ude02\ud835\uddf9\ud835\uddf2\ud835\ude02\ud835\uddff\ud835\ude00 \ud835\uddf2\ud835\uddfb \ud835\ude01\ud835\uddee\ud835\uddfb\ud835\ude01 \ud835\uddfe\ud835\ude02\ud835\uddf2 \ud835\uddf7\ud835\uddfc\ud835\uddf8\ud835\uddf2\ud835\uddff \ud835\uddfa\ud835\uddf2\u0301\ud835\uddf1\ud835\uddf6\ud835\uddf0\ud835\uddee\ud835\uddf9 !<br \/>\u00c0 23 ans, le talonneur totalise 27 matchs avec nous (14 titularisations) et 3 essais inscrits la saison derni\u00e8re\ud83d\udcaa <a href=\"https:\/\/t.co\/kUVsc5ACsQ\" rel=\"nofollow\">pic.twitter.com\/kUVsc5ACsQ<\/a><\/p>\n<p>\u2014 ASBH Officiel (@ASBHOfficiel) <a href=\"https:\/\/twitter.com\/ASBHOfficiel\/status\/1949842539495739832?ref_src=twsrc%5Etfw\" rel=\"nofollow noopener\" target=\"_blank\">July 28, 2025<\/a><\/p>\n<\/blockquote>\n<p><script async src=\"https:\/\/platform.twitter.com\/widgets.js\" charset=\"utf-8\"><\/script><\/p>\n","protected":false},"excerpt":{"rendered":"En fin de contrat avec Toulon cette ann\u00e9e apr\u00e8s deux ans de pr\u00eat du c\u00f4t\u00e9 de B\u00e9ziers, Yanis&hellip;\n","protected":false},"author":2,"featured_media":279988,"comment_status":"","ping_status":"","sticky":false,"template":"","format":"standard","meta":{"footnotes":""},"categories":[1416],"tags":[1011,27,479,1468,60],"class_list":{"0":"post-279987","1":"post","2":"type-post","3":"status-publish","4":"format-standard","5":"has-post-thumbnail","7":"category-rugby","8":"tag-fr","9":"tag-france","10":"tag-rugby","11":"tag-rugby-football","12":"tag-sports"},"share_on_mastodon":{"url":"https:\/\/pubeurope.com\/@fr\/114931822953055987","error":""},"_links":{"self":[{"href":"https:\/\/www.europesays.com\/fr\/wp-json\/wp\/v2\/posts\/279987","targetHints":{"allow":["GET"]}}],"collection":[{"href":"https:\/\/www.europesays.com\/fr\/wp-json\/wp\/v2\/posts"}],"about":[{"href":"https:\/\/www.europesays.com\/fr\/wp-json\/wp\/v2\/types\/post"}],"author":[{"embeddable":true,"href":"https:\/\/www.europesays.com\/fr\/wp-json\/wp\/v2\/users\/2"}],"replies":[{"embeddable":true,"href":"https:\/\/www.europesays.com\/fr\/wp-json\/wp\/v2\/comments?post=279987"}],"version-history":[{"count":0,"href":"https:\/\/www.europesays.com\/fr\/wp-json\/wp\/v2\/posts\/279987\/revisions"}],"wp:featuredmedia":[{"embeddable":true,"href":"https:\/\/www.europesays.com\/fr\/wp-json\/wp\/v2\/media\/279988"}],"wp:attachment":[{"href":"https:\/\/www.europesays.com\/fr\/wp-json\/wp\/v2\/media?parent=279987"}],"wp:term":[{"taxonomy":"category","embeddable":true,"href":"https:\/\/www.europesays.com\/fr\/wp-json\/wp\/v2\/categories?post=279987"},{"taxonomy":"post_tag","embeddable":true,"href":"https:\/\/www.europesays.com\/fr\/wp-json\/wp\/v2\/tags?post=279987"}],"curies":[{"name":"wp","href":"https:\/\/api.w.org\/{rel}","templated":true}]}}