{"id":279989,"date":"2025-07-28T16:33:12","date_gmt":"2025-07-28T16:33:12","guid":{"rendered":"https:\/\/www.europesays.com\/fr\/279989\/"},"modified":"2025-07-28T16:33:12","modified_gmt":"2025-07-28T16:33:12","slug":"tout-le-monde-me-parle-dun-troisieme-titre-consecutif-mais-jen-suis-encore-loin-pegula-se-montre-prudente-avant-dentamer-le-tournoi-de-montreal","status":"publish","type":"post","link":"https:\/\/www.europesays.com\/fr\/279989\/","title":{"rendered":"\u00ab Tout le monde me parle d\u2019un troisi\u00e8me titre cons\u00e9cutif, mais j\u2019en suis encore loin \u00bb, Pegula se montre prudente avant d\u2019entamer le tournoi de Montr\u00e9al"},"content":{"rendered":"<p>                <img decoding=\"async\" src=\"https:\/\/www.europesays.com\/fr\/wp-content\/uploads\/2025\/07\/Ezts.jpg\" alt=\"\u00ab Tout le monde me parle d\u2019un troisi\u00e8me titre cons\u00e9cutif, mais j\u2019en suis encore loin \u00bb, Pegula se montre prudente avant d\u2019entamer le tournoi de Montr\u00e9al\"\/><\/p>\n<p>Jessica Pegula appr\u00e9cie particuli\u00e8rement le Canada, ayant remport\u00e9 les deux derni\u00e8res \u00e9ditions du WTA 1000 \u00e0 Montr\u00e9al et \u00e0 Toronto.<\/p>\n<p>De retour au Qu\u00e9bec, la n\u00b04 mondiale esp\u00e8re mettre fin \u00e0 sa s\u00e9rie de deux d\u00e9faites subies \u00e0 Wimbledon et \u00e0 Washington. En conf\u00e9rence de presse, elle est revenue sur ces \u00e9checs et ses ambitions dans ce tournoi :<\/p>\n<p>\u00ab Je me sens bien. Je suis arriv\u00e9e hier et mon premier jour d\u2019entra\u00eenement a \u00e9t\u00e9 bon. J\u2019ai de bons souvenirs des derniers tournois \u00e0 Montr\u00e9al et \u00e0 Toronto. Tout le monde me parle d\u2019un troisi\u00e8me titre cons\u00e9cutif, mais j\u2019en suis encore loin. Mais j\u2019esp\u00e8re recr\u00e9er la m\u00eame magie que ces derni\u00e8res ann\u00e9es ici, au Canada.<\/p>\n<p>Wimbledon ne s\u2019est pas d\u00e9roul\u00e9 comme je l\u2019esp\u00e9rais. J\u2019\u00e9tais d\u00e9\u00e7ue, mais il n\u2019y a rien d\u2019horrible \u00e0 rester chez soi pendant deux semaines et demie avant de d\u00e9marrer cette tourn\u00e9e. \u00c0 Washington, j\u2019ai eu des d\u00e9buts difficiles. Le match est all\u00e9 au troisi\u00e8me set contre Leylah (Fernandez), mais elle joue un grand tennis.<\/p>\n<p>Je le dis toujours, mais je me sens plus \u00e0 l\u2019aise quand la situation est compliqu\u00e9e. Ici au Canada, les courts sont un peu plus rapides et \u00e7a convient bien \u00e0 mon jeu. C\u2019est peut-\u00eatre la raison pour laquelle je me suis adapt\u00e9e plus rapidement que mes adversaires. L\u2019ann\u00e9e derni\u00e8re, je d\u00e9barquais des JO de Paris, mais mon adaptation a \u00e9t\u00e9 tr\u00e8s rapide. \u00bb<\/p>\n","protected":false},"excerpt":{"rendered":"Jessica Pegula appr\u00e9cie particuli\u00e8rement le Canada, ayant remport\u00e9 les deux derni\u00e8res \u00e9ditions du WTA 1000 \u00e0 Montr\u00e9al et&hellip;\n","protected":false},"author":2,"featured_media":279990,"comment_status":"","ping_status":"","sticky":false,"template":"","format":"standard","meta":{"footnotes":""},"categories":[1415],"tags":[1011,27,60,1467],"class_list":{"0":"post-279989","1":"post","2":"type-post","3":"status-publish","4":"format-standard","5":"has-post-thumbnail","7":"category-tennis","8":"tag-fr","9":"tag-france","10":"tag-sports","11":"tag-tennis"},"share_on_mastodon":{"url":"https:\/\/pubeurope.com\/@fr\/114931826924104916","error":""},"_links":{"self":[{"href":"https:\/\/www.europesays.com\/fr\/wp-json\/wp\/v2\/posts\/279989","targetHints":{"allow":["GET"]}}],"collection":[{"href":"https:\/\/www.europesays.com\/fr\/wp-json\/wp\/v2\/posts"}],"about":[{"href":"https:\/\/www.europesays.com\/fr\/wp-json\/wp\/v2\/types\/post"}],"author":[{"embeddable":true,"href":"https:\/\/www.europesays.com\/fr\/wp-json\/wp\/v2\/users\/2"}],"replies":[{"embeddable":true,"href":"https:\/\/www.europesays.com\/fr\/wp-json\/wp\/v2\/comments?post=279989"}],"version-history":[{"count":0,"href":"https:\/\/www.europesays.com\/fr\/wp-json\/wp\/v2\/posts\/279989\/revisions"}],"wp:featuredmedia":[{"embeddable":true,"href":"https:\/\/www.europesays.com\/fr\/wp-json\/wp\/v2\/media\/279990"}],"wp:attachment":[{"href":"https:\/\/www.europesays.com\/fr\/wp-json\/wp\/v2\/media?parent=279989"}],"wp:term":[{"taxonomy":"category","embeddable":true,"href":"https:\/\/www.europesays.com\/fr\/wp-json\/wp\/v2\/categories?post=279989"},{"taxonomy":"post_tag","embeddable":true,"href":"https:\/\/www.europesays.com\/fr\/wp-json\/wp\/v2\/tags?post=279989"}],"curies":[{"name":"wp","href":"https:\/\/api.w.org\/{rel}","templated":true}]}}