{"id":279993,"date":"2025-07-28T16:36:12","date_gmt":"2025-07-28T16:36:12","guid":{"rendered":"https:\/\/www.europesays.com\/fr\/279993\/"},"modified":"2025-07-28T16:36:12","modified_gmt":"2025-07-28T16:36:12","slug":"la-rtbf-se-frotte-les-mains-le-cyclisme-la-formule-1-et-leuro-de-foot-feminin-ont-booste-ses-audiences","status":"publish","type":"post","link":"https:\/\/www.europesays.com\/fr\/279993\/","title":{"rendered":"La RTBF se frotte les mains: le cyclisme, la Formule 1 et l&rsquo;Euro de foot f\u00e9minin\u00a0ont boost\u00e9 ses audiences"},"content":{"rendered":"<p class=\"ap-StoryElement ap-StoryElement--mb js-paywall-target ap-StoryText\">\u00ab\u00a0Mais c&rsquo;est l&rsquo;ensemble du Tour qui a brill\u00e9 cette ann\u00e9e\u00a0\u00bb, souligne la RTBF dans un communiqu\u00e9. Avec une moyenne de 196 110 t\u00e9l\u00e9spectateurs et 35,1 % de part de march\u00e9, la comp\u00e9tition cycliste s&rsquo;est hiss\u00e9e en seconde position des audiences, fr\u00f4lant le record historique de 2011 (37,6 %). \u00ab\u00a0Au total, plus de 2,3 millions de t\u00e9l\u00e9spectateurs ont regard\u00e9 au moins un moment de la course, ce qui repr\u00e9sente 1 francophone sur 2\u00a0\u00bb pr\u00e9cise la RTBF.<\/p>\n<blockquote class=\"ap-StoryQuote ap-StoryQuote--blockquote\">\n<p class=\"ap-StoryQuote-text\">Un t\u00e9l\u00e9spectateur sur deux a regard\u00e9 l&rsquo;\u00e9tapte du Mont Ventoux!<\/p>\n<\/blockquote>\n<p class=\"ap-StoryElement ap-StoryElement--mb ap-StoryText\">C&rsquo;est l&rsquo;\u00e9tape 16 entre Montpellier et le Mont Ventoux qui remporte la palme de la plus grosse adh\u00e9sion du public avec 50,6 % de part de march\u00e9.<\/p>\n<p><a href=\"https:\/\/www.dhnet.be\/medias\/television\/2025\/07\/05\/rodrigo-beenkens-sapprete-a-commenter-son-31e-tour-de-france-lors-de-ma-premiere-etape-en-1990-au-mont-saint-michel-on-ma-pris-pour-un-tare-TOOQ7SNVDFFQPGWKTXTWASHNDQ\/\" target=\"_blank\" rel=\"noopener noreferrer\" class=\"ap-StoryInterstitialLink ap-StoryElement ap-StoryElement--mb\">Rodrigo Beenkens s&rsquo;appr\u00eate \u00e0 commenter son 31e Tour de France: \u00ab\u00a0Lors de ma premi\u00e8re \u00e9tape en 1990 au Mont Saint-Michel, on m&rsquo;a pris pour un tar\u00e9\u00a0\u00bb<\/a><\/p>\n<p class=\"ap-StoryElement ap-StoryElement--mb ap-StoryText\"><b>Grand Prix de Francorchamps bien suivi<\/b><\/p>\n<p class=\"ap-StoryElement ap-StoryElement--mb ap-StoryText\">Diffus\u00e9e dimanche apr\u00e8s-midi sur Tipik puis sur La Trois, la manche du Grand Prix de Belgique, disput\u00e9 sur le mythique circuit de Spa-Francorchamps, a tenu toutes ses promesses, malgr\u00e9 la m\u00e9t\u00e9o pluvieuse. L&rsquo;\u00e9preuve remport\u00e9e par le pilote australien Oscar Piastri<b> <\/b>a tenu en haleine 291 075 t\u00e9l\u00e9spectateurs, soit 38,6 % de part de march\u00e9.<\/p>\n<p><a href=\"https:\/\/Rodrigo Beenkens s'appr\u00eate \u00e0 commenter son 31e Tour de France: &quot;Lors de ma premi\u00e8re \u00e9tape en 1990 au Mont Saint-Michel, on m'a pris pour un tar\u00e9&quot;\/\" target=\"_blank\" rel=\"noopener noreferrer\" class=\"ap-StoryInterstitialLink ap-StoryElement ap-StoryElement--mb\">Rodrigo Beenkens apr\u00e8s avoir regard\u00e9 les classiques flandriennnes depuis son fauteuil : \u00ab\u00a0Cela ne m&rsquo;\u00e9tait plus arriv\u00e9 depuis 37 ans\u00a0\u00bb<\/a><\/p>\n<p class=\"ap-StoryElement ap-StoryElement--mb ap-StoryText\"><b>Euro f\u00e9minin<\/b> <b>: on d\u00e9passe les 10<\/b> <b>%<\/b><\/p>\n<p class=\"ap-StoryElement ap-StoryElement--mb ap-StoryText\">Derni\u00e8re grosse comp\u00e9tition sportive \u00e0 prendre fin ce week-end, l&rsquo;Euro de foot f\u00e9minin s&rsquo;est termin\u00e9 au bout du suspense par une s\u00e9ance de tirs au but pleine de rebondissements. La finale Espagne-Angleterre a rassembl\u00e9 sur Tipik en moyenne 128 013 t\u00e9l\u00e9spectateurs<b> <\/b>(pic \u00e0 219 500 t\u00e9l\u00e9spectateurs) pour 12,85 % de part de march\u00e9, avec en parall\u00e8le 22 000 vues<b> <\/b>en direct sur Auvio.<\/p>\n<p><a href=\"https:\/\/www.dhnet.be\/dernieres-depeches\/2025\/07\/24\/euro-feminin-de-football-le-record-daffluence-a-leuro-feminin-de-football-est-officiellement-tombe-35O3LZCHCBCGNAR4SLOBYQNSGY\/\" target=\"_blank\" rel=\"noopener noreferrer\" class=\"ap-StoryInterstitialLink ap-StoryElement ap-StoryElement--mb\">Euro f\u00e9minin de football &#8211; Le record d&rsquo;affluence \u00e0 l&rsquo;Euro f\u00e9minin de football est officiellement tomb\u00e9<\/a><\/p>\n<p class=\"ap-StoryElement ap-StoryElement--mb ap-StoryText\">L&rsquo;ensemble de la comp\u00e9tition totalise une part de march\u00e9 \u00e0 11,1 %.<\/p>\n","protected":false},"excerpt":{"rendered":"\u00ab\u00a0Mais c&rsquo;est l&rsquo;ensemble du Tour qui a brill\u00e9 cette ann\u00e9e\u00a0\u00bb, souligne la RTBF dans un communiqu\u00e9. Avec une&hellip;\n","protected":false},"author":2,"featured_media":279994,"comment_status":"","ping_status":"","sticky":false,"template":"","format":"standard","meta":{"footnotes":""},"categories":[1412],"tags":[41944,40456,17,1154,207,1773,20173,1451,1452,1453,1454,1455,1011,27,23685,1101,19652,23686,23687,8797,8798,41945,4103,8804,40457,4978,23690,209,517,60,3866,23692,40458,3584,210,212,8806,8807,23694,1172,28,213],"class_list":{"0":"post-279993","1":"post","2":"type-post","3":"status-publish","4":"format-standard","5":"has-post-thumbnail","7":"category-f1","8":"tag-pool","9":"tag-2-uwt","10":"tag-17","11":"tag-cycling","12":"tag-cyclisme","13":"tag-elite","14":"tag-etape","15":"tag-f1","16":"tag-formula-1","17":"tag-formula1","18":"tag-formule-1","19":"tag-formule1","20":"tag-fr","21":"tag-france","22":"tag-frankrijk","23":"tag-hommes","24":"tag-le-tour","25":"tag-le-tour-de-france","26":"tag-letour","27":"tag-mannen","28":"tag-men","29":"tag-paris-champs-elysees","30":"tag-rit","31":"tag-road","32":"tag-roadcycling","33":"tag-ronde","34":"tag-ronde-van-frankrijk","35":"tag-route","36":"tag-sport","37":"tag-sports","38":"tag-stage","39":"tag-tdf","40":"tag-tdf2025","41":"tag-tour","42":"tag-tour-de-france","43":"tag-uci","44":"tag-uwt","45":"tag-weg","46":"tag-wegrit","47":"tag-wielrennen","48":"tag-world","49":"tag-world-tour"},"share_on_mastodon":{"url":"https:\/\/pubeurope.com\/@fr\/114931838739109714","error":""},"_links":{"self":[{"href":"https:\/\/www.europesays.com\/fr\/wp-json\/wp\/v2\/posts\/279993","targetHints":{"allow":["GET"]}}],"collection":[{"href":"https:\/\/www.europesays.com\/fr\/wp-json\/wp\/v2\/posts"}],"about":[{"href":"https:\/\/www.europesays.com\/fr\/wp-json\/wp\/v2\/types\/post"}],"author":[{"embeddable":true,"href":"https:\/\/www.europesays.com\/fr\/wp-json\/wp\/v2\/users\/2"}],"replies":[{"embeddable":true,"href":"https:\/\/www.europesays.com\/fr\/wp-json\/wp\/v2\/comments?post=279993"}],"version-history":[{"count":0,"href":"https:\/\/www.europesays.com\/fr\/wp-json\/wp\/v2\/posts\/279993\/revisions"}],"wp:featuredmedia":[{"embeddable":true,"href":"https:\/\/www.europesays.com\/fr\/wp-json\/wp\/v2\/media\/279994"}],"wp:attachment":[{"href":"https:\/\/www.europesays.com\/fr\/wp-json\/wp\/v2\/media?parent=279993"}],"wp:term":[{"taxonomy":"category","embeddable":true,"href":"https:\/\/www.europesays.com\/fr\/wp-json\/wp\/v2\/categories?post=279993"},{"taxonomy":"post_tag","embeddable":true,"href":"https:\/\/www.europesays.com\/fr\/wp-json\/wp\/v2\/tags?post=279993"}],"curies":[{"name":"wp","href":"https:\/\/api.w.org\/{rel}","templated":true}]}}