{"id":279995,"date":"2025-07-28T16:37:12","date_gmt":"2025-07-28T16:37:12","guid":{"rendered":"https:\/\/www.europesays.com\/fr\/279995\/"},"modified":"2025-07-28T16:37:12","modified_gmt":"2025-07-28T16:37:12","slug":"le-pari-fou-des-deux-aventuriers-a-velo-de-marillac-le-franc-deja-a-moitie-gagne","status":"publish","type":"post","link":"https:\/\/www.europesays.com\/fr\/279995\/","title":{"rendered":"Le pari fou des deux aventuriers \u00e0 v\u00e9lo de Marillac-le-Franc d\u00e9j\u00e0 \u00e0 moiti\u00e9 gagn\u00e9\u00a0!"},"content":{"rendered":"<p>        <img decoding=\"async\" id=\"25374294\" src=\"https:\/\/www.europesays.com\/fr\/wp-content\/uploads\/2025\/07\/valdetardoire-37ae0db6c7224f578cbb3840db60126b-181303-ph2.jpg\" alt=\"Vue imprenable sur San Miguel de Allende, ville inscrite au patrimoine de l\u2019Unesco.\" itemprop=\"contentURL\"\/><\/p>\n<p>    Vue imprenable sur San Miguel de Allende, ville inscrite au patrimoine de l\u2019Unesco.<\/p>\n<p>Repro CL<\/p>\n<p>        <img decoding=\"async\" id=\"25374293\" src=\"https:\/\/www.europesays.com\/fr\/wp-content\/uploads\/2025\/07\/valdetardoire-37ae0db6c7224f578cbb3840db60126b-181303-ph3.jpg\" alt=\"Parcours effectu\u00e9 en v\u00e9lo depuis le Grand Nord canadien jusqu\u2019au Salvador.\" itemprop=\"contentURL\"\/><\/p>\n<p>    Parcours effectu\u00e9 en v\u00e9lo depuis le Grand Nord canadien jusqu\u2019au Salvador.<\/p>\n<p>Repro CL<\/p>\n<p>Partis de Tuktoyaktuk dans le Grand Nord canadien en juin 2024, le jeune couple&#8230;<\/p>\n<p>        <img decoding=\"async\" id=\"25374294\" src=\"https:\/\/www.europesays.com\/fr\/wp-content\/uploads\/2025\/07\/valdetardoire-37ae0db6c7224f578cbb3840db60126b-181303-ph2.jpg\" alt=\"Vue imprenable sur San Miguel de Allende, ville inscrite au patrimoine de l\u2019Unesco.\" itemprop=\"contentURL\"\/><\/p>\n<p>    Vue imprenable sur San Miguel de Allende, ville inscrite au patrimoine de l\u2019Unesco.<\/p>\n<p>Repro CL<\/p>\n<p>        <img decoding=\"async\" id=\"25374293\" src=\"https:\/\/www.europesays.com\/fr\/wp-content\/uploads\/2025\/07\/valdetardoire-37ae0db6c7224f578cbb3840db60126b-181303-ph3.jpg\" alt=\"Parcours effectu\u00e9 en v\u00e9lo depuis le Grand Nord canadien jusqu\u2019au Salvador.\" itemprop=\"contentURL\"\/><\/p>\n<p>    Parcours effectu\u00e9 en v\u00e9lo depuis le Grand Nord canadien jusqu\u2019au Salvador.<\/p>\n<p>Repro CL<\/p>\n<p>Partis de Tuktoyaktuk dans le Grand Nord canadien en juin 2024, le jeune couple que forme Claire Guillebaud et Olivier Ch\u00e9decal a d\u00e9j\u00e0 aval\u00e9 la moiti\u00e9 du chemin avec plus de 20\u00a0000\u00a0kilom\u00e8tres au compteur.<\/p>\n<p>    La r\u00e9daction vous conseille<\/p>\n<p>Ils ont travers\u00e9 l\u2019Alaska et ses grizzlis, les Rocheuses et ses routes verglac\u00e9es, les \u00c9tats-Unis alors en pleine campagne pr\u00e9sidentielle. Nous les avions laiss\u00e9s \u00e0 Los Angeles <a href=\"https:\/\/www.charentelibre.fr\/charente\/marillac-le-franc\/pause-charentaise-pour-les-deux-aventuriers-de-marillac-le-franc-qui-traversent-le-continent-americain-a-velo-22615216.php\" target=\"_blank\" rel=\"follow nofollow noopener\">en d\u00e9cembre dernier<\/a>. \u00ab\u00a0Apr\u00e8s avoir long\u00e9 la c\u00f4te Pacifique et ses plages de sable blanc bond\u00e9es de surfeurs jusqu\u2019\u00e0 San Diego, nous avons bifurqu\u00e9 vers le Texas pour d\u00e9couvrir le d\u00e9sert d\u2019Arizona et ses cactus\u00a0; de vrais d\u00e9cors de cin\u00e9ma\u00a0!, se souvient Claire Guillebaud. Le plus difficile n\u2019\u00e9tait pas de supporter la temp\u00e9rature n\u00e9gative en journ\u00e9e mais de trouver de l\u2019eau.\u00a0\u00bb<\/p>\n<p>D\u00e9paysement frappant au Mexique<\/p>\n<p>Enfin, apr\u00e8s 115 jours pass\u00e9s aux \u00c9tats-Unis, les cyclistes entrent au Mexique avec un peu d\u2019appr\u00e9hension et sont parfois sid\u00e9r\u00e9s\u00a0: \u00ab\u00a0D\u00e9paysement total avec des rues pleines de vie et un accueil merveilleux gr\u00e2ce au r\u00e9seau d\u2019entraide cycliste. D\u00e9sert, temples azt\u00e8ques, pueblos magicos [\u00e9quivalent mexicain des plus beaux villages de France, NDLR], sommets \u00e0 plus de 5000 m\u00e8tres, c\u00e9notes et eau turquoise de la p\u00e9ninsule du Yucat\u00e1n\u2026 Tout est magnifique, y compris la faune particuli\u00e8rement riche avec les iguanes, les coatis, les crocodiles, les flamants roses\u2026 Toutefois, nos standards de confort, d\u2019hygi\u00e8ne et de s\u00e9curit\u00e9 ont \u00e9t\u00e9 plus qu\u2019\u00e9branl\u00e9s\u00a0: pas d\u2019eau potable au robinet, des familles qui s\u2019entassent sans casque sur des scooters bringuebalants, des chevaux transport\u00e9s dans des pick-up, des carcasses de viande vendues en pleine rue, les labours des champs \u00e0 la force des bras\u2026\u00a0\u00bb<\/p>\n<p>Les deux aventuriers retiennent cependant la gentillesse des habitants qui leur ont offert l\u2019hospitalit\u00e9 et leur ont fait go\u00fbter des plats typiques\u00a0: tacos, quesadillas, tequila mais aussi le pozole, sorte de soupe de porc ou de poulet, piment\u00e9e avec du ma\u00efs et servie avec de la salade et des radis dedans.<\/p>\n<blockquote><p>\u00ab\u00a030 lettres ont \u00e9t\u00e9 remises \u00e0 leurs destinataires et nous continuons notre collecte et notre distribution.\u00a0\u00bb<\/p><\/blockquote>\n<p>Apr\u00e8s trois mois et demi de d\u00e9couverte au Mexique, supportant des temp\u00e9ratures jusqu\u2019\u00e0 51\u00b0C qui donnent \u00ab\u00a0l\u2019impression de p\u00e9daler dans un four\u00a0\u00bb, les deux aventuriers admirent la lagune de Bacalar puis attaquent l\u2019Am\u00e9rique centrale en entrant au Guatemala. D\u00e9but juillet, apr\u00e8s une journ\u00e9e \u00e0 gravir des c\u00f4tes \u00e0 15\u00a0% \u00ab\u00a0o\u00f9 on n\u2019a pas d\u2019autre choix que de p\u00e9daler sinon on recule\u00a0!\u00a0\u00bb, ils sont surpris par un s\u00e9isme de magnitude 6. Plus de peur que de mal et pas de quoi freiner les ardeurs du couple.<\/p>\n<p>\u00ab\u00a0Nous avons grandi, rencontr\u00e9, d\u00e9couvert\u2026 tant\u00f4t logeant dans des h\u00f4tels miteux ou d\u00e9vor\u00e9s par les moustiques sous la tente, tant\u00f4t invit\u00e9s dans de somptueuses villas au gr\u00e9 d\u2019improbables rencontres. 30 lettres ont \u00e9t\u00e9 remises \u00e0 leurs destinataires et nous continuons notre collecte et notre distribution.\u00a0\u00bb Depuis quelques jours, ils viennent d\u2019arriver au Salvador. L\u2019objectif reste, plus que jamais, d\u2019atteindre Ushuaia, \u00e0 la pointe de l\u2019Am\u00e9rique du Sud, \u00e0 la force des mollets.<\/p>\n<p>Aventure \u00e0 suivre sur <a href=\"https:\/\/www.polarsteps.com\/CycloTopo\/11354045-lettres-en-selles-canada-argentine\" target=\"_blank\" rel=\"nofollow noopener\">Polarsteps, \u00ab\u00a0Lettres en selle, Canada-Argentine\u00a0\u00bb<\/a>.<\/p>\n","protected":false},"excerpt":{"rendered":"Vue imprenable sur San Miguel de Allende, ville inscrite au patrimoine de l\u2019Unesco. Repro CL Parcours effectu\u00e9 en&hellip;\n","protected":false},"author":2,"featured_media":279996,"comment_status":"","ping_status":"","sticky":false,"template":"","format":"standard","meta":{"footnotes":""},"categories":[1411],"tags":[1154,207,1011,27,60],"class_list":{"0":"post-279995","1":"post","2":"type-post","3":"status-publish","4":"format-standard","5":"has-post-thumbnail","7":"category-cyclisme","8":"tag-cycling","9":"tag-cyclisme","10":"tag-fr","11":"tag-france","12":"tag-sports"},"share_on_mastodon":{"url":"https:\/\/pubeurope.com\/@fr\/114931842798878945","error":""},"_links":{"self":[{"href":"https:\/\/www.europesays.com\/fr\/wp-json\/wp\/v2\/posts\/279995","targetHints":{"allow":["GET"]}}],"collection":[{"href":"https:\/\/www.europesays.com\/fr\/wp-json\/wp\/v2\/posts"}],"about":[{"href":"https:\/\/www.europesays.com\/fr\/wp-json\/wp\/v2\/types\/post"}],"author":[{"embeddable":true,"href":"https:\/\/www.europesays.com\/fr\/wp-json\/wp\/v2\/users\/2"}],"replies":[{"embeddable":true,"href":"https:\/\/www.europesays.com\/fr\/wp-json\/wp\/v2\/comments?post=279995"}],"version-history":[{"count":0,"href":"https:\/\/www.europesays.com\/fr\/wp-json\/wp\/v2\/posts\/279995\/revisions"}],"wp:featuredmedia":[{"embeddable":true,"href":"https:\/\/www.europesays.com\/fr\/wp-json\/wp\/v2\/media\/279996"}],"wp:attachment":[{"href":"https:\/\/www.europesays.com\/fr\/wp-json\/wp\/v2\/media?parent=279995"}],"wp:term":[{"taxonomy":"category","embeddable":true,"href":"https:\/\/www.europesays.com\/fr\/wp-json\/wp\/v2\/categories?post=279995"},{"taxonomy":"post_tag","embeddable":true,"href":"https:\/\/www.europesays.com\/fr\/wp-json\/wp\/v2\/tags?post=279995"}],"curies":[{"name":"wp","href":"https:\/\/api.w.org\/{rel}","templated":true}]}}