{"id":280003,"date":"2025-07-28T16:41:24","date_gmt":"2025-07-28T16:41:24","guid":{"rendered":"https:\/\/www.europesays.com\/fr\/280003\/"},"modified":"2025-07-28T16:41:24","modified_gmt":"2025-07-28T16:41:24","slug":"le-rennes-des-livres-rennes-infos-autrement","status":"publish","type":"post","link":"https:\/\/www.europesays.com\/fr\/280003\/","title":{"rendered":"Le Rennes des Livres &#8211; Rennes Infos Autrement"},"content":{"rendered":"<p style=\"text-align: justify;\">Rennes est-elle une ville litt\u00e9raire\u2009? Elle a vu passer son lot d\u2019\u00e9crivains c\u00e9l\u00e8bres : Milan Kundera (install\u00e9 un temps aux Horizons), Paul Ric\u0153ur, <a href=\"https:\/\/www.rennes-infos-autrement.fr\/robert-merle-week-end-a-zuydcoote-habitait-rue-primauguet\/\" rel=\"nofollow noopener\" target=\"_blank\">Robert Merle,<\/a> et bien d\u2019autres encore. Elle est aussi le berceau de Paul F\u00e9val, ma\u00eetre du roman de cape et d\u2019\u00e9p\u00e9e et p\u00e8re du fameux chevalier de Lagard\u00e8re. Ce que l\u2019on sait moins, c\u2019est qu\u2019elle fut \u00e9galement le refuge d\u2019auteurs sulfureux de l\u2019extr\u00eame droite fran\u00e7aise : <a href=\"https:\/\/www.rennes-infos-autrement.fr\/redecouvrons-rennes-2\/\" rel=\"nofollow noopener\" target=\"_blank\">Louis-Ferdinand C\u00e9line<\/a>, Alphonse de Ch\u00e2teaubriant\u2026 Sans oublier les auteurs plus mod\u00e9r\u00e9s, <a href=\"https:\/\/www.rennes-infos-autrement.fr\/jean-de-la-varende-lecrivain-vecut-dans-un-hotel-particulier-du-centre-ville\/\" rel=\"nofollow noopener\" target=\"_blank\">Jean de La Varende<\/a> ou <a href=\"https:\/\/www.rennes-infos-autrement.fr\/michel-mohrt-lacademicien-fut-etudiant-rennais-2\/\" rel=\"nofollow noopener\" target=\"_blank\">Michel Mohrt.<\/a><\/p>\n<p style=\"text-align: justify;\">Derri\u00e8re ces patronymes se cache toute une arm\u00e9e discr\u00e8te de passeurs de livres : les libraires. Le plus embl\u00e9matique reste sans doute Dominique Fredj, \u00e0 la t\u00eate des librairies Le Failler. Install\u00e9 rue Saint-Georges, dans une vieille b\u00e2tisse, il a hiss\u00e9 cette adresse au rang de r\u00e9f\u00e9rence nationale \u2014 au m\u00eame titre que Mollat \u00e0 Bordeaux ou Dialogues \u00e0 Brest. Il a m\u00eame essaim\u00e9 plusieurs antennes, au point que certains parlent d\u00e9sormais de la \u00ab\u2009rue Le Failler\u2009\u00bb.<\/p>\n<p><img fetchpriority=\"high\" decoding=\"async\" class=\"alignnone size-medium wp-image-103544\" src=\"https:\/\/www.europesays.com\/fr\/wp-content\/uploads\/2025\/07\/une1-1-337x600.jpg\" alt=\"\" width=\"337\" height=\"600\" data-wp-pid=\"103544\"  \/><\/p>\n<p style=\"text-align: justify;\">Mais Dominique Fredj n\u2019est pas seul dans la capitale bretonne. On s\u2019inclinera respectueusement devant la <a href=\"https:\/\/www.rennes-infos-autrement.fr\/nouveau-cap-pour-la-librairie-de-copains-et-du-voyage\/\" rel=\"nofollow noopener\" target=\"_blank\">Librairie du Voyage<\/a> (devant l\u2019\u00e9glise Toussaints), les jeunes femmes engag\u00e9es de La Nuit des Temps, <a href=\"https:\/\/www.rennes-infos-autrement.fr\/comment-dire-la-librairie-intemporelle-dalienor\/\" rel=\"nofollow noopener\" target=\"_blank\">Ali\u00e9nor Mauvignier<\/a> (Comment dire) et les grands sp\u00e9cialistes de la BD\u00a0(M\u2019enfin, La Livrerie des Jacobins, La Nef des fous, Japanim, Critic et Ty Bull). L\u2019inventaire \u00e0 la Pr\u00e9vert ne serait pas complet sans les librairies religieuses (La Procure, La Rose Mystique, protestante), Plan\u00e8te IO (rue Saint-Louis), L\u2019Encre de Bretagne (livres bretons), Lendroit \u00e9ditions et La Courte \u00c9chelle (jeunesse). Sans oublier les nouvelles venues dans les quartiers\u00a0: L\u2019Astrolabe (Maurepas), La Rencontre (Baud-Chardonnet) et L\u2019\u00c9tabli des mots (Blosne).<\/p>\n<p style=\"text-align: justify;\">Outre le Forum du Livre, les librairies Leclerc et la FNAC, Rennes compte son propre march\u00e9 de bouquinistes. Jacques Ars et sa bande sont connus de tous. Depuis des ann\u00e9es, ils tiennent le haut du pav\u00e9 sur la place Sainte-Anne. \u00ab\u2009C\u2019est un lieu oblig\u00e9 pour ceux qui aiment le livre\u2009\u00bb, assure un habitu\u00e9. Cet endroit ferait p\u00e2lir d\u2019envie ceux qui vendent leurs bouquins d\u2019occasion en boutiques. Dignes h\u00e9ritiers d\u2019un certain Corre (install\u00e9 jadis rue Hoche), certains ont ouvert rue Paul-Bert (Rapha\u00ebl Thomas) ou derri\u00e8re le Parlement (Sylvain Langlois, Exercice de style).<\/p>\n<p><img loading=\"lazy\" decoding=\"async\" class=\"alignnone size-full wp-image-19125\" src=\"https:\/\/www.europesays.com\/fr\/wp-content\/uploads\/2025\/07\/P1120963.jpg\" alt=\"\" width=\"401\" height=\"301\" data-wp-pid=\"19125\"\/><\/p>\n<p style=\"text-align: justify;\">\u00c0 Rennes, le livre est partout, notamment dans les biblioth\u00e8ques de quartier. Celles-ci sont douze (comme les ap\u00f4tres\u2009!). Parmi elles, les Rennais aiment tout particuli\u00e8rement les Champs Libres, o\u00f9 l\u2019on compulse de vieux manuscrits avec vue sur la capitale bretonne. Au cinqui\u00e8me \u00e9tage, on y fera notamment un d\u00e9tour par le mus\u00e9e du Livre et des Lettres <a href=\"https:\/\/www.rennes-infos-autrement.fr\/redecouvrons-rennes-le-musee-henri-polles\/\" rel=\"nofollow noopener\" target=\"_blank\">Henri Poll\u00e8s<\/a>, lieu insolite injustement oubli\u00e9.<\/p>\n<p style=\"text-align: justify;\">En fl\u00e2nant dans les rues, on s\u2019invitera aussi dans les BU, avec un petit faible pour celle de la rue Hoche. Un peu \u00e0 l\u2019ext\u00e9rieur du centre-ville, la <a href=\"https:\/\/www.rennes-infos-autrement.fr\/redecouvrons-rennes-la-bibliotheque-de-lagrocampus\/\" rel=\"nofollow noopener\" target=\"_blank\">biblioth\u00e8que de l\u2019Agrocampus<\/a> est un endroit \u00e0 part. Sur un espace de 800\u00a0m\u00e8tres carr\u00e9s, le visiteur a l\u2019impression de p\u00e9n\u00e9trer dans un haut lieu de culture, comme s\u2019il entrait \u00e0 la biblioth\u00e8que Sainte-Genevi\u00e8ve ou \u00e0 celle de l\u2019Acad\u00e9mie fran\u00e7aise. Il y d\u00e9couvrira l\u2019un des plus riches fonds patrimoniaux fran\u00e7ais dans le domaine agronomique, compos\u00e9 de 30\u2009000\u00a0volumes, ouvrages et p\u00e9riodiques publi\u00e9s depuis 1571, dans un cadre exceptionnel. Pour parachever le tout, les amoureux des belles lettres feront escale aux archives d\u2019Ille-et-Vilaine et de Rennes, o\u00f9 les vieux manuscrits racontent notre histoire.<\/p>\n<p><img loading=\"lazy\" decoding=\"async\" class=\"wp-image-9647 size-full\" src=\"https:\/\/www.europesays.com\/fr\/wp-content\/uploads\/2025\/07\/24-2.png\" alt=\"\" width=\"840\" height=\"516\" data-wp-pid=\"9647\"  \/>Tout simplement magnifique. La biblioth\u00e8que de l\u2019agrocampus.<\/p>\n<p style=\"text-align: justify;\">M\u00eame les cafetiers jouent la carte de la litt\u00e9rature. Jacques Thipthiphakone a ouvert La Librairie dans le quartier de la Courrouze. Mettant \u00e0 disposition plus de 5\u2009000 volumes, il a imagin\u00e9 son \u00e9tablissement comme une vieille biblioth\u00e8que, avec lumi\u00e8res tamis\u00e9es du plus bel effet. Plus insolites encore : ces bo\u00eetes \u00e0 livres parsem\u00e9es dans la ville : elles cachent parfois de vraies p\u00e9pites. Partout dans les quartiers, elles regorgent de tr\u00e9sors. Nos pr\u00e9f\u00e9r\u00e9es\u2009 sont celles de la rue Paul-Bert et de la rue Lobineau.<\/p>\n<p style=\"text-align: justify;\">Enfin, le long du canal d\u2019Ille-et-Rance, en face des P\u2019tits Bateaux, un portail entrouvert attire l\u2019\u0153il \u2014 et le bon. Entre deux b\u00e2timents flambant neufs, tout droit sortis du fameux \u00ab\u2009vivre ensemble \u00e0 la rennaise\u2009\u00bb, une b\u00e2tisse au charme surann\u00e9 r\u00e9siste au temps. Une demeure\u2009? Oui, mais pas n\u2019importe laquelle : <a href=\"https:\/\/www.rennes-infos-autrement.fr\/poesie-en-liberte-au-bord-du-canal\/\" rel=\"nofollow noopener\" target=\"_blank\">la Maison de la Po\u00e9sie.<\/a> Voil\u00e0 pour les lieux\u2009! Reste \u00e0 \u00e9voquer les animations litt\u00e9raires : le festival Rue des Livres, les rencontres avec le Paris-Brest\u2026 On y croisera peut-\u00eatre ceux qui font la sc\u00e8ne rennaise : Caroline Hinault, Perrine Tripier, Riad Sattouf ou encore Caryl Ferey (le chouchou de nos confr\u00e8res d\u2019Ouest-France). Certains d\u2019entre eux ont leurs habitudes \u00e0 la Cit\u00e9 du Livre, \u00e0 B\u00e9cherel\u2026 mais c\u2019est une autre histoire.<\/p>\n","protected":false},"excerpt":{"rendered":"Rennes est-elle une ville litt\u00e9raire\u2009? Elle a vu passer son lot d\u2019\u00e9crivains c\u00e9l\u00e8bres : Milan Kundera (install\u00e9 un&hellip;\n","protected":false},"author":2,"featured_media":280004,"comment_status":"","ping_status":"","sticky":false,"template":"","format":"standard","meta":{"footnotes":""},"categories":[1357],"tags":[1379,58,59,1011,27,1380],"class_list":{"0":"post-280003","1":"post","2":"type-post","3":"status-publish","4":"format-standard","5":"has-post-thumbnail","7":"category-livres","8":"tag-books","9":"tag-divertissement","10":"tag-entertainment","11":"tag-fr","12":"tag-france","13":"tag-livres"},"share_on_mastodon":{"url":"https:\/\/pubeurope.com\/@fr\/114931858638036460","error":""},"_links":{"self":[{"href":"https:\/\/www.europesays.com\/fr\/wp-json\/wp\/v2\/posts\/280003","targetHints":{"allow":["GET"]}}],"collection":[{"href":"https:\/\/www.europesays.com\/fr\/wp-json\/wp\/v2\/posts"}],"about":[{"href":"https:\/\/www.europesays.com\/fr\/wp-json\/wp\/v2\/types\/post"}],"author":[{"embeddable":true,"href":"https:\/\/www.europesays.com\/fr\/wp-json\/wp\/v2\/users\/2"}],"replies":[{"embeddable":true,"href":"https:\/\/www.europesays.com\/fr\/wp-json\/wp\/v2\/comments?post=280003"}],"version-history":[{"count":0,"href":"https:\/\/www.europesays.com\/fr\/wp-json\/wp\/v2\/posts\/280003\/revisions"}],"wp:featuredmedia":[{"embeddable":true,"href":"https:\/\/www.europesays.com\/fr\/wp-json\/wp\/v2\/media\/280004"}],"wp:attachment":[{"href":"https:\/\/www.europesays.com\/fr\/wp-json\/wp\/v2\/media?parent=280003"}],"wp:term":[{"taxonomy":"category","embeddable":true,"href":"https:\/\/www.europesays.com\/fr\/wp-json\/wp\/v2\/categories?post=280003"},{"taxonomy":"post_tag","embeddable":true,"href":"https:\/\/www.europesays.com\/fr\/wp-json\/wp\/v2\/tags?post=280003"}],"curies":[{"name":"wp","href":"https:\/\/api.w.org\/{rel}","templated":true}]}}