{"id":280007,"date":"2025-07-28T16:43:12","date_gmt":"2025-07-28T16:43:12","guid":{"rendered":"https:\/\/www.europesays.com\/fr\/280007\/"},"modified":"2025-07-28T16:43:12","modified_gmt":"2025-07-28T16:43:12","slug":"le-psg-lance-une-collection-capsule-avec-un-groupe-de-k-pop","status":"publish","type":"post","link":"https:\/\/www.europesays.com\/fr\/280007\/","title":{"rendered":"Le PSG lance une collection capsule avec un groupe de K-Pop"},"content":{"rendered":"<p><img fetchpriority=\"high\" decoding=\"async\" width=\"620\" height=\"413\" src=\"https:\/\/www.europesays.com\/fr\/wp-content\/uploads\/2025\/05\/PSG-Paris-SG-620x413.jpg\" alt=\"Le PSG lance une collection capsule avec un groupe de K-Pop\" class=\"wp-image-343637\"  \/>Le PSG s\u2019unit \u00e0 un groupe cor\u00e9en de K-Pop pour une collection vestimentaire in\u00e9dite.<\/p>\n<p>C\u2019est une collaboration originale, qui sort de l\u2019ordinaire du football. Le <a href=\"https:\/\/sportune.20minutes.fr\/paris-saint-germain-psg\" rel=\"nofollow noopener\" target=\"_blank\">Paris Saint-Germain<\/a> a lanc\u00e9 une collection sp\u00e9ciale en collaboration avec le groupe sud-cor\u00e9en Blackpink. Cette gamme baptis\u00e9e \u00ab\u00a0Blackpink In Your Area\u00a0\u00bb co\u00efncide avec les concerts europ\u00e9ens du quatuor pr\u00e9vus les 2 et 3 ao\u00fbt \u00e0 Paris.<\/p>\n<p>Le partenariat unit le club parisien et le groupe compos\u00e9 de Jennie, Lisa, Jisoo et Ros\u00e9 dans le cadre de leur tourn\u00e9e mondiale. Cette association exclusive vise \u00e0 c\u00e9l\u00e9brer la s\u00e9rie de concerts europ\u00e9ens de Blackpink. La collection comprend des t-shirts et sweats \u00e0 capuche en \u00e9dition limit\u00e9e arborant les logos PSG et de Blackpink. Les pi\u00e8ces reprennent la palette rose et noire caract\u00e9ristique du groupe musical.<\/p>\n<p>Blackpink poursuivra sa tourn\u00e9e en Asie \u00e0 partir d\u2019octobre 2025. De son c\u00f4t\u00e9, le PSG annonce le d\u00e9veloppement de sa pr\u00e9sence dans cette r\u00e9gion avec de nouveaux projets attendus dans les prochains mois. Le <a href=\"https:\/\/sportune.20minutes.fr\/paris-saint-germain-psg\" rel=\"nofollow noopener\" target=\"_blank\">PSG<\/a> m\u00e9nage le suspense quant aux premiers visuels de la collection.<\/p>\n","protected":false},"excerpt":{"rendered":"Le PSG s\u2019unit \u00e0 un groupe cor\u00e9en de K-Pop pour une collection vestimentaire in\u00e9dite. C\u2019est une collaboration originale,&hellip;\n","protected":false},"author":2,"featured_media":82404,"comment_status":"","ping_status":"","sticky":false,"template":"","format":"standard","meta":{"footnotes":""},"categories":[1355],"tags":[58,59,1011,27,1361,873,93,39650],"class_list":{"0":"post-280007","1":"post","2":"type-post","3":"status-publish","4":"format-standard","5":"has-post-thumbnail","7":"category-musique","8":"tag-divertissement","9":"tag-entertainment","10":"tag-fr","11":"tag-france","12":"tag-music","13":"tag-musique","14":"tag-psg","15":"tag-yahoo"},"share_on_mastodon":{"url":"https:\/\/pubeurope.com\/@fr\/114931866301208879","error":""},"_links":{"self":[{"href":"https:\/\/www.europesays.com\/fr\/wp-json\/wp\/v2\/posts\/280007","targetHints":{"allow":["GET"]}}],"collection":[{"href":"https:\/\/www.europesays.com\/fr\/wp-json\/wp\/v2\/posts"}],"about":[{"href":"https:\/\/www.europesays.com\/fr\/wp-json\/wp\/v2\/types\/post"}],"author":[{"embeddable":true,"href":"https:\/\/www.europesays.com\/fr\/wp-json\/wp\/v2\/users\/2"}],"replies":[{"embeddable":true,"href":"https:\/\/www.europesays.com\/fr\/wp-json\/wp\/v2\/comments?post=280007"}],"version-history":[{"count":0,"href":"https:\/\/www.europesays.com\/fr\/wp-json\/wp\/v2\/posts\/280007\/revisions"}],"wp:featuredmedia":[{"embeddable":true,"href":"https:\/\/www.europesays.com\/fr\/wp-json\/wp\/v2\/media\/82404"}],"wp:attachment":[{"href":"https:\/\/www.europesays.com\/fr\/wp-json\/wp\/v2\/media?parent=280007"}],"wp:term":[{"taxonomy":"category","embeddable":true,"href":"https:\/\/www.europesays.com\/fr\/wp-json\/wp\/v2\/categories?post=280007"},{"taxonomy":"post_tag","embeddable":true,"href":"https:\/\/www.europesays.com\/fr\/wp-json\/wp\/v2\/tags?post=280007"}],"curies":[{"name":"wp","href":"https:\/\/api.w.org\/{rel}","templated":true}]}}