{"id":280009,"date":"2025-07-28T16:45:17","date_gmt":"2025-07-28T16:45:17","guid":{"rendered":"https:\/\/www.europesays.com\/fr\/280009\/"},"modified":"2025-07-28T16:45:17","modified_gmt":"2025-07-28T16:45:17","slug":"les-prescriptions-ont-double-depuis-2020","status":"publish","type":"post","link":"https:\/\/www.europesays.com\/fr\/280009\/","title":{"rendered":"les prescriptions ont doubl\u00e9 depuis 2020 !"},"content":{"rendered":"<p>             <a href=\"https:\/\/ma-sante.news\/wp-content\/uploads\/2025\/07\/enfant-tdah-medicaments-surmedication-traitements-confinement-covid-Ma-Sante-.jpg\" data-caption=\"L&#039;exposition \u00e0 des carence affective, du stress, des infections, de la pauvret\u00e9 et des traumatismes sont des facteurs qui augmentent le risque de TDAH. \u00a9\u00a0freepik \" rel=\"nofollow noopener\" target=\"_blank\"><img loading=\"lazy\" decoding=\"async\" width=\"696\" height=\"392\" class=\"entry-thumb td-modal-image\" src=\"data:image\/svg+xml,%3Csvg%20xmlns=\" http:=\"\" data-lazy- data-lazy- alt=\"Une enfant atteinte de TDAH qui prend beaucoup de m\u00e9dicaments pour r\u00e9gler cette condition.\" title=\"enfant tdah me\u0301dicaments surme\u0301dication traitements confinement covid Ma Sante\u0301\" data-lazy-src=\"https:\/\/www.europesays.com\/fr\/wp-content\/uploads\/2025\/07\/enfant-tdah-medicaments-surmedication-traitements-confinement-covid-Ma-Sante--696x392.jpg\"\/><\/a>L&rsquo;exposition \u00e0 des carence affective, du stress, des infections, de la pauvret\u00e9 et des traumatismes sont des facteurs qui augmentent le risque de TDAH. \u00a9\u00a0freepik                                     \t\t\t             <a class=\"gofollow\" data-track=\"MjgsMCwxLDYw\" href=\"https:\/\/ma-sante.news\/inscrivez-vous-a-notre-newsletter\/\" rel=\"nofollow noopener\" target=\"_blank\"><img loading=\"lazy\" decoding=\"async\" width=\"1068\" height=\"131\" src=\"data:image\/svg+xml,%3Csvg%20xmlns=\" http:=\"\" data-lazy-src=\"https:\/\/www.europesays.com\/fr\/wp-content\/uploads\/2025\/03\/banniere-newsletter.png\"\/><\/a> <\/p>\n<p><a href=\"https:\/\/ma-sante.news\/troubles-de-lenfance-avant-cetait-les-cancres-du-fond-de-la-classe\/\" rel=\"nofollow noopener\" target=\"_blank\">Concentration impossible, agitation permanente, impulsivit\u00e9 mal contr\u00f4l\u00e9e\u2026 Le TDAH<\/a>, longtemps cantonn\u00e9 aux bancs des \u00e9coles am\u00e9ricaines, s\u2019impose d\u00e9sormais dans les cabinets m\u00e9dicaux fran\u00e7ais. <\/p>\n<p>Au point que les prescriptions de m\u00e9thylph\u00e9nidate, traitement phare de ce trouble neurod\u00e9veloppemental, ont plus que doubl\u00e9 depuis 2020. Ph\u00e9nom\u00e8ne de rattrapage ou emballement soci\u00e9tal ?<\/p>\n<p>        TDAH : un diagnostic encore tr\u00e8s in\u00e9gal\u00a0    <\/p>\n<p>La Haute Autorit\u00e9 de sant\u00e9 (HAS) estime qu\u2019entre<a href=\"https:\/\/ma-sante.news\/tdah-sommes-nous-tous-atteints-de-troubles-de-lattention\/\" rel=\"nofollow noopener\" target=\"_blank\"> 3,5 % et 5,6 % des enfants en France seraient concern\u00e9s par un TDAH<\/a>. C\u00f4t\u00e9 adultes, les chiffres tournent autour de 2,5 %. Mais la reconnaissance du trouble est tardive, parfois chaotique.\u00a0<\/p>\n<p>En 2024, la HAS a publi\u00e9 de nouvelles recommandations pour les enfants :\u00a0<\/p>\n<ul class=\"wp-block-list\">\n<li>mieux diagnostiquer,\u00a0<\/li>\n<li>ne pas m\u00e9dicaliser \u00e0 outrance,\u00a0<\/li>\n<li>favoriser les approches psycho-\u00e9ducatives.\u00a0<\/li>\n<\/ul>\n<p>Mais les familles, elles, font encore souvent face \u00e0 des parcours du combattant. Raret\u00e9 des sp\u00e9cialistes, disparit\u00e9s territoriales, listes d\u2019attente de plusieurs mois\u2026 Tout cela retarde la prise en charge et accro\u00eet les in\u00e9galit\u00e9s.<\/p>\n<p>        TDAH : mieux rep\u00e9rer ou trop prescrire ?    <strong>Prescriptions en hausse : +154 % depuis 2020\u00a0<\/strong>    <\/p>\n<p>Les prescriptions de m\u00e9thylph\u00e9nidate ont grimp\u00e9 de 154 % entre 2020 et 2024, selon un rapport de l\u2019Assurance maladie. Ce m\u00e9dicament, d\u00e9riv\u00e9 des amph\u00e9tamines, agit sur la dopamine et la noradr\u00e9naline pour r\u00e9guler l\u2019attention et les comportements impulsifs.\u00a0<\/p>\n<p>Jusqu\u2019en 2022, il \u00e9tait principalement r\u00e9serv\u00e9 aux enfants et adolescents. Mais depuis peu, il est rembours\u00e9 aussi chez les adultes, et les prescripteurs autoris\u00e9s se sont multipli\u00e9s : neurop\u00e9diatres, psychiatres, neurologues, et m\u00eame p\u00e9diatres en ville depuis 2021. Un \u00e9largissement bienvenu, mais qui pose aussi la question du suivi.<\/p>\n<p>        <strong>Des enfants n\u00e9s en d\u00e9cembre plus diagnostiqu\u00e9s que les autres\u00a0<\/strong>    <\/p>\n<p>Un fait troublant ressort d\u2019une \u00e9tude men\u00e9e sur plus de 4 millions d\u2019enfants par Epi-Phare. \u00c0 comp\u00e9tence scolaire \u00e9gale, un enfant n\u00e9 en d\u00e9cembre a 55 % de chances en plus de se voir prescrire du m\u00e9thylph\u00e9nidate que s\u2019il \u00e9tait n\u00e9 en janvier. Simplement parce qu\u2019il est le plus jeune de sa classe, donc potentiellement moins mature.\u00a0<\/p>\n<p>Le diagnostic serait donc parfois influenc\u00e9 par le contexte scolaire plus que par la r\u00e9alit\u00e9 clinique. Un biais que la HAS reconna\u00eet et appelle \u00e0 surveiller.<\/p>\n<p>        <strong>Des traitements efficaces mais pas anodins\u00a0<\/strong>    <\/p>\n<p>Le m\u00e9thylph\u00e9nidate est consid\u00e9r\u00e9 comme l\u2019un des m\u00e9dicaments les plus efficaces en psychiatrie p\u00e9diatrique. Il am\u00e9liore nettement la concentration et la gestion des \u00e9motions.\u00a0<\/p>\n<p>Mais ses effets secondaires sont bien r\u00e9els :\u00a0<\/p>\n<p>Une surveillance m\u00e9dicale rapproch\u00e9e est donc indispensable. D\u2019autant que le traitement seul ne suffit pas. Une prise en charge globale, incluant accompagnement parental, soutien scolaire,<a href=\"https:\/\/ma-sante.news\/therapies-comportementales-cognitives-solution-anxiete-depression-phobies\/\" rel=\"nofollow noopener\" target=\"_blank\"> th\u00e9rapies comportementales,<\/a> reste la base.<\/p>\n<p>        Nouveaux psychostimulants : vers une diversification des traitements d\u2019ici 2025    <\/p>\n<p>La France n\u2019autorise aujourd\u2019hui que le m\u00e9thylph\u00e9nidate. Mais d\u2019autres psychostimulants comme la lisdexamf\u00e9tamine ou la dexamf\u00e9tamine pourraient arriver sur le march\u00e9 d\u2019ici 2025. Une demande est en cours. Cette diversit\u00e9 permettrait d\u2019adapter le traitement au profil du patient.\u00a0<\/p>\n<p>Mais elle s\u2019accompagne aussi d\u2019une vigilance accrue, car les tensions d\u2019approvisionnement, les risques de d\u00e9tournement, ou l\u2019usage hors cadre scolaire posent d\u00e9j\u00e0 question.<\/p>\n<blockquote class=\"wp-block-quote is-layout-flow wp-block-quote-is-layout-flow\">\n<p><strong>\u00c0 SAVOIR\u00a0<\/strong><\/p>\n<p>La crise sanitaire a mis un coup de projecteur inattendu sur le TDAH. Confinement, \u00e9cole \u00e0 distance, stress familial\u2026 Autant de facteurs qui ont fait ressortir chez certains enfants des difficult\u00e9s d\u2019attention jusqu\u2019ici peu visibles. Cons\u00e9quence, une hausse notable des diagnostics et donc des prescriptions depuis 2020, comme le confirment JAMA Pediatrics (2023) et l\u2019Assurance maladie.<\/p>\n<\/blockquote>\n<p>      <a class=\"gofollow\" data-track=\"MTIsMCwxLDYw\" href=\"https:\/\/ma-sante.news\/annonceurs\/\" rel=\"nofollow noopener\" target=\"_blank\"><img loading=\"lazy\" decoding=\"async\" width=\"2560\" height=\"2133\" src=\"data:image\/svg+xml,%3Csvg%20xmlns=\" http:=\"\" data-lazy-src=\"https:\/\/www.europesays.com\/fr\/wp-content\/uploads\/2025\/03\/pub-annonceurs-4-scaled.jpg\"\/><\/a>    <img loading=\"lazy\" decoding=\"async\" width=\"755\" height=\"495\" src=\"data:image\/svg+xml,%3Csvg%20xmlns=\" http:=\"\" data-lazy-src=\"https:\/\/www.europesays.com\/fr\/wp-content\/uploads\/2025\/03\/Image1.jpg\"\/>Inscrivez-vous \u00e0 notre newsletter <br \/>Ma Sant\u00e9                      <\/p>\n","protected":false},"excerpt":{"rendered":"L&rsquo;exposition \u00e0 des carence affective, du stress, des infections, de la pauvret\u00e9 et des traumatismes sont des facteurs&hellip;\n","protected":false},"author":2,"featured_media":280010,"comment_status":"","ping_status":"","sticky":false,"template":"","format":"standard","meta":{"footnotes":""},"categories":[10],"tags":[1011,27,72,41946,71,1256],"class_list":{"0":"post-280009","1":"post","2":"type-post","3":"status-publish","4":"format-standard","5":"has-post-thumbnail","7":"category-sante","8":"tag-fr","9":"tag-france","10":"tag-health","11":"tag-phobie-scolaire","12":"tag-sante","13":"tag-tdah"},"share_on_mastodon":{"url":"https:\/\/pubeurope.com\/@fr\/114931874148028909","error":""},"_links":{"self":[{"href":"https:\/\/www.europesays.com\/fr\/wp-json\/wp\/v2\/posts\/280009","targetHints":{"allow":["GET"]}}],"collection":[{"href":"https:\/\/www.europesays.com\/fr\/wp-json\/wp\/v2\/posts"}],"about":[{"href":"https:\/\/www.europesays.com\/fr\/wp-json\/wp\/v2\/types\/post"}],"author":[{"embeddable":true,"href":"https:\/\/www.europesays.com\/fr\/wp-json\/wp\/v2\/users\/2"}],"replies":[{"embeddable":true,"href":"https:\/\/www.europesays.com\/fr\/wp-json\/wp\/v2\/comments?post=280009"}],"version-history":[{"count":0,"href":"https:\/\/www.europesays.com\/fr\/wp-json\/wp\/v2\/posts\/280009\/revisions"}],"wp:featuredmedia":[{"embeddable":true,"href":"https:\/\/www.europesays.com\/fr\/wp-json\/wp\/v2\/media\/280010"}],"wp:attachment":[{"href":"https:\/\/www.europesays.com\/fr\/wp-json\/wp\/v2\/media?parent=280009"}],"wp:term":[{"taxonomy":"category","embeddable":true,"href":"https:\/\/www.europesays.com\/fr\/wp-json\/wp\/v2\/categories?post=280009"},{"taxonomy":"post_tag","embeddable":true,"href":"https:\/\/www.europesays.com\/fr\/wp-json\/wp\/v2\/tags?post=280009"}],"curies":[{"name":"wp","href":"https:\/\/api.w.org\/{rel}","templated":true}]}}