{"id":280025,"date":"2025-07-28T16:54:16","date_gmt":"2025-07-28T16:54:16","guid":{"rendered":"https:\/\/www.europesays.com\/fr\/280025\/"},"modified":"2025-07-28T16:54:16","modified_gmt":"2025-07-28T16:54:16","slug":"la-ville-de-saint-etienne-a-symboliquement-lance-son-plan-biodiversite","status":"publish","type":"post","link":"https:\/\/www.europesays.com\/fr\/280025\/","title":{"rendered":"La Ville de Saint-Etienne a symboliquement lanc\u00e9 son plan biodiversit\u00e9"},"content":{"rendered":"<p class=\"is-style-chapo\">Il a \u00e9t\u00e9 vot\u00e9 fin janvier pour mettre en \u0153uvre de nouvelles actions et conforter ou encore en officialiser d\u2019autres, sugg\u00e9r\u00e9es par l\u2019expertise d\u2019associations comme la LPO et FNE Loire, toutes deux derri\u00e8re un vaste diagnostic de l\u2019existant en 2021. Arbre opportuniste qui cache en r\u00e9alit\u00e9 une for\u00eat de n\u00e9gligences comme l\u2019estime l\u2019opposition \u00e9cologiste ? Ou au contraire avanc\u00e9es par \u00e9tapes bien senties au profit des habitants humains ou non\u00a0? Le \u00ab\u00a0plan d\u2019actions en faveur de la biodiversit\u00e9\u00a0\u00bb a \u00e9t\u00e9 pr\u00e9sent\u00e9 symboliquement d\u00e9but juillet au parc de Montaud.<\/p>\n<p><img loading=\"lazy\" decoding=\"async\" width=\"1024\" height=\"576\" src=\"https:\/\/www.europesays.com\/fr\/wp-content\/uploads\/2025\/07\/esign-IF-664-1024x576.png\" alt=\"\" class=\"wp-image-80188\"  \/>A Montaud, la Ville revendique de laisser pousser plus \u00ab\u00a0librement\u00a0\u00bb qu\u2019ailleurs. \u00a9If Medias \/ XA<\/p>\n<p>Beaucoup de raisons de d\u00e9sesp\u00e9rer. Plus rarement mais, parfois aussi, d\u2019esp\u00e9rer. Fin 2022 \u2013 d\u00e9but 2023, Saint-Etienne M\u00e9tropole communiquait r\u00e9guli\u00e8rement sur les connaissances acquises par la constitution de son \u00ab\u00a0Atlas de la biodiversit\u00e9\u00a0\u00bb. Des <a href=\"https:\/\/www.if-saint-etienne.fr\/breves\/dans-la-loire-les-libellules-sympetrum-sont-plus-nombreuses-que-lon-ne-pensait\" target=\"_blank\" rel=\"noreferrer noopener\">remont\u00e9es<\/a> d\u2019enqu\u00eates de terrain de la part de ses partenaires que sont la LPO Loire et FNE Loire dans le cadre de cette <a href=\"https:\/\/www.if-saint-etienne.fr\/societe\/saint-etienne-metropole-le-defi-titanesque-de-la-biodiversite-vaut-bien-un-atlas\" target=\"_blank\" rel=\"noreferrer noopener\">d\u00e9marche<\/a> d\u2019atlas scientifique men\u00e9e sur son territoire (lanc\u00e9e ailleurs dans la Loire avant elle), en partie <a href=\"https:\/\/engageepourlanature.saint-etienne-metropole.fr\/\" target=\"_blank\" rel=\"noreferrer noopener\">participative<\/a>, financ\u00e9e et d\u00e9velopp\u00e9e par l\u2019Office fran\u00e7ais de la biodiversit\u00e9 (<a href=\"https:\/\/www.ofb.gouv.fr\/\" target=\"_blank\" rel=\"noreferrer noopener\">OFB<\/a>). Etat des lieux d\u2019ampleur in\u00e9dite aux bilans comparatifs, pour ce que l\u2019on connaissait d\u00e9j\u00e0, souvent alarmants.<\/p>\n<p>Fin 2022 par exemple, il pointait <a href=\"https:\/\/www.if-saint-etienne.fr\/breves\/biodiversite-encourageant-pour-lazure-du-serpolet-desesperant-pour-le-sonneur-a-ventre-jaune\" target=\"_blank\" rel=\"noreferrer noopener\">l\u2019\u00e9radication<\/a> tr\u00e8s probable du territoire du crapaud Bombina Variegata, \u00ab\u00a0vernaculairement\u00a0\u00bb sonneur \u00e0 ventre jaune, victime parmi tant d\u2019autre de l\u2019omnipr\u00e9sence humaine alli\u00e9e \u00e0 la s\u00e9cheresse. A l\u2019inverse, les investigations avaient d\u00e9montr\u00e9 la bonne sant\u00e9 du papillon qu\u2019est l\u2019Azur\u00e9 du serpolet (Phengaris arion) sous nos latitudes. Ce n\u2019est pas le cas dans cette derni\u00e8re esp\u00e8ce mais bien souvent, \u00e9taient enfin constat\u00e9es des \u00ab\u00a0<a href=\"https:\/\/www.if-saint-etienne.fr\/breves\/biodiversite-les-papillons-mediterraneens-de-plus-en-plus-presents-dans-le-sud-loire\" target=\"_blank\" rel=\"noreferrer noopener\">remont\u00e9es<\/a>\u00a0\u00bb d\u2019esp\u00e8ces v\u00e9g\u00e9tales ou animales m\u00e9diterran\u00e9ennes, t\u00e9moins du r\u00e9chauffement. Les humains et leurs animaux domestiques ne sont pas les seuls \u00e0 habiter la M\u00e9tropole, pas encore. C\u2019est valable aussi pour Saint-Etienne, intramuros, sans m\u00eame compter donc ses nombreux hectares tr\u00e8s nature situ\u00e9s \u00e0 Saint-Victor-sur-Loire et de Rochetaill\u00e9e, des Gorges de la Loire et du Pilat \u00ab\u00a0st\u00e9phanois\u00a0\u00bb.<\/p>\n<p>720 ha d\u2019espaces verts intramuros<\/p>\n<p>Et si l\u2019intercommunalit\u00e9 a d\u00e9ploy\u00e9 durant le mandat qui s\u2019ach\u00e8ve sa \u00ab strat\u00e9gie de la biodiversit\u00e9\u00a0\u00bb, Saint-Etienne aussi, depuis fin janvier 2025 avec le vote d\u2019un plan sp\u00e9cifique en <a href=\"https:\/\/www.saint-etienne.fr\/seances-du-conseil-municipal\" target=\"_blank\" rel=\"noreferrer noopener\">conseil municipal<\/a>. Infiniment trop tard, trop calcul\u00e9, trop superficiel aux yeux de l\u2019opposition \u00e9cologiste\u00a0: \u00ab\u00a0Apr\u00e8s plus de 10 ans \u00e0 la t\u00eate de la ville, \u00e0 un peu plus d\u2019un an des prochaines \u00e9lections municipales, \u00e7a y est, le maire de Saint-Etienne et son \u00e9quipe s\u2019int\u00e9ressent enfin \u00e0 la biodiversit\u00e9. Pourquoi la signer aujourd\u2019hui seulement ? Ce branle-bas de combat serait-il l\u2019arbre qui cache le vide ?\u00a0\u00bb Des arbres, la municipalit\u00e9 st\u00e9phanoise en compte un tr\u00e8s grand nombre\u00a0: elle est la propri\u00e9taire foresti\u00e8re n\u00b01 du d\u00e9partement avec 1\u00a0500 ha de for\u00eat en sa possession. Le territoire st\u00e9phanois, dans son ensemble, compte selon les diagnostics \u00e0 jour 3\u00a0000 esp\u00e8ces dont 108 menac\u00e9es de disparition. \u00a0<\/p>\n<p><img loading=\"lazy\" decoding=\"async\" width=\"1024\" height=\"576\" src=\"https:\/\/www.europesays.com\/fr\/wp-content\/uploads\/2025\/07\/o-1024x576.jpg\" alt=\"\" class=\"wp-image-80189\"  \/>\u00a9If Medias \/ XA<\/p>\n<p>Mais plus que les grandes \u00e9tendues \u00e0 la fois st\u00e9phanoises et rurales mieux prot\u00e9g\u00e9es qu\u2019hier par une volont\u00e9 publique qui d\u00e9passe le cadre municipal (objet pour certaines parties de trois classifications Natura 2000) et naturellement propices au marketing territorial, ce que la majorit\u00e9 municipale comme son opposition veulent d\u2019abord d\u00e9montrer, c\u2019est ce qui se passe en \u00ab\u00a0ville\u00a0\u00bb m\u00eame. S\u2019y accumule un total 720 ha d\u2019espaces verts en tous genres\u00a0: des 15 grands parcs Montaud et ses 55 ha en t\u00eate, volontairement \u00ab\u00a0peu am\u00e9nag\u00e9\u00a0\u00bb par les services jusqu\u2019au plus petit des 80 jardins et squares \u00e0 massifs fleuris, jeux, mobiliers et cheminements calibr\u00e9s. Le 4 juillet, alors que commen\u00e7ait \u00e0 s\u2019estomper ce qui est pour l\u2019instant l\u2019\u00e9pisode caniculaire de l\u2019\u00e9t\u00e9 2025, la majorit\u00e9 municipale souhaitait, lors d\u2019une visite presse \u00e0 Montaud symboliquement m\u00e9diatiser un \u00ab\u00a0lancement\u00a0\u00bb de ce plan biodiversit\u00e9.<\/p>\n<p>De la gestion diff\u00e9renci\u00e9e<\/p>\n<p>A l\u2019\u00e9coute, sur place, des \u00e9lus et des associations partenaires pr\u00e9sentes, LPO et FNE Loire, que la mairie subventionne de mani\u00e8re cons\u00e9quente, pour l\u2019accompagner ici et ailleurs de leurs expertises\u00a0\u2013 diagnostic, suggestions d\u2019entretien et de p\u00e9dagogie -, il semble que les grandes logiques de ce plan, si elles sont annonc\u00e9es en d\u00e9veloppement, sont en r\u00e9alit\u00e9 d\u00e9j\u00e0 en partie appliqu\u00e9es. Ces associations ont pass\u00e9 du temps \u00e0 effectuer un diagnostic, pr\u00e9alable le plus complet possible \u2013 c\u2019\u00e9tait il y a d\u00e9j\u00e0 4 ans, en 2021 \u2013 afin de dresser un \u00e9tat des lieux de l\u2019existant et sugg\u00e9rer des modalit\u00e9s de \u00ab\u00a0gestion\u00a0\u00bb, parfois activement molles, pour le pr\u00e9server au mieux et faire mieux. Au-del\u00e0 de l\u2019\u00e9limination des produits phytosanitaires normalement acquise \u00e0 \u00e9chelle municipale depuis longtemps ou, c\u00f4t\u00e9 p\u00e9dagogie, par exemple des sympathiques pr\u00e9sentations sonores de 8 esp\u00e8ces d\u2019oiseaux habitant l\u2019immense parc de Montaud, accessibles par des QR codes plac\u00e9s sur des balises sur quelques arbres, il y a cette notion de gestion diff\u00e9renci\u00e9e amen\u00e9e \u00e0 \u00eatre renforc\u00e9e.<\/p>\n<blockquote>\n<p>Nous sommes plut\u00f4t avanc\u00e9s \u00e0 ce sujet \u00e0 l\u2019\u00e9chelle fran\u00e7aise mais c\u2019est Angers la r\u00e9f\u00e9rence fran\u00e7aise et, \u00e0 l\u2019\u00e9chelle europ\u00e9enne loin devant tous, Katowice en Pologne.<\/p>\n<p>Charles Dallara, adjoint aux Parcs et jardins\u00a0<\/p><\/blockquote>\n<p>Tr\u00e8s loin \u00e9videmment d\u2019une r\u00e9alit\u00e9 sauvage, Montaud approche davantage de la \u00ab\u00a0vraie\u00a0\u00bb nature, de cet aspect-l\u00e0 et donc de cette raison d\u2019\u00eatre que le Parc de l\u2019Europe, terrain de jeu plus propice au jardinage et taillage d\u2019\u00e9cole, \u00e0 la \u00ab\u00a0fran\u00e7aise\u00a0\u00bb sans pour autant se croire \u00e0 Versailles non plus. L\u00e0, o\u00f9 un massif de rosiers exige tel et tel soin savant, un parc comme Montand se pr\u00eate plus aux coupes tardives, au bon moment pour maintenir ses atouts, quitte \u00e0 laisser les herbes en folie relative ou laisser pourrir un tronc mort profitant au quotidien d\u2019une foule de b\u00eates, plus ou moins petites. Logique pas toujours comprise, regrette Charles Dallara, adjoint aux Parcs et jardins\u00a0: \u00ab\u00a0Nous sommes plut\u00f4t avanc\u00e9s \u00e0 ce sujet \u00e0 l\u2019\u00e9chelle fran\u00e7aise mais c\u2019est Angers la r\u00e9f\u00e9rence fran\u00e7aise et, \u00e0 l\u2019\u00e9chelle europ\u00e9enne loin devant tous, Katowice en Pologne o\u00f9 personne ne s\u2019offusque de grandes herbes poussant \u00e0 c\u00f4t\u00e9 d\u2019infrastructures en zones tr\u00e8s urbaines. Nous, nous continuons \u00e0 couper les herbes sur quelques m\u00e8tres \u00e0 c\u00f4t\u00e9 des chemins du parc comme Montaud vis-\u00e0-vis de l\u2019acceptation. \u00c7a \u00e9voluera.\u00a0\u00bb<\/p>\n<p>Le Gaz\u00e9 se porte bien \u00e0 Montaud<\/p>\n<p>Selon Christophe Dumas, directeur de FNE Loire, pr\u00e9sent le 4 juillet, en r\u00e9sulte une pr\u00e9sence d\u2019esp\u00e8ces dans un parc comme Montaud allant dans le bon sens depuis plusieurs ann\u00e9es, citant ainsi l\u2019extension r\u00e9cente d\u2019un autre papillon\u00a0: le Gaz\u00e9 ou la Pi\u00e9ride de l\u2019aub\u00e9pin, pourtant en perdition dans la moiti\u00e9 nord de la France, et d\u00e9j\u00e0 disparu de Grande Bretagne. En vrac, dans les intentions affich\u00e9es par le plan\u00a0: des installations de nichoirs\u00a0; cr\u00e9er ou conserver des mares, le fameux plan sp\u00e9cifique au Martinet blanc et autres tentatives annonc\u00e9es de concilier imp\u00e9ratifs des bailleurs sociaux, du B\u00e2timent et l\u2019existence des esp\u00e8ces pr\u00e9sentes\u00a0; une incitation \u00e0 la baisse de produits phytosanitaires dans les 3\u00a0200 jardins familiaux et \u0153uvre de p\u00e9dagogie tout public renforc\u00e9e\u00a0; viabilit\u00e9 hivernale dessal\u00e9e\u00a0; extension de l\u2019\u00e9co p\u00e2turage existant ou encore projets de corridors publics de liaison pr\u00e9serv\u00e9es entre espaces verts de la ville avec incitation des habitants \u00e0 en faire de m\u00eame quand ils poss\u00e8dent un jardin \u00e0 proximit\u00e9.<\/p>\n<p>\u00ab La conclusion des diagnostics associatifs, c\u2019est aussi que chaque St\u00e9phanois habite \u00e0 300 m maximum d\u2019un parc ou d\u2019un jardin\u00a0\u00bb, soulignait d\u2019ailleurs le 4 juillet Ga\u00ebl Perdriau \u00e0 l\u2019entr\u00e9e principale du parc Montaud qui, de par son \u00e9tendue en a d\u2019ailleurs quatre autres distantes l\u2019une de l\u2019autre. Dans sa ligne, la municipalit\u00e9, comme a souhait\u00e9 le mettre en avant fin janvier Diarra Kane, \u00e9lue ayant remplac\u00e9 depuis l\u2019automne dernier Christiane <a href=\"https:\/\/www.if-saint-etienne.fr\/politique-societe\/saint-etienne-ladjointe-christiane-michaud-farigoule-demissionnaire-sinon-demissionnee\" target=\"_blank\" rel=\"noreferrer noopener\">Michaud-Farigoule<\/a>, au poste d\u2019adjointe au d\u00e9veloppement durable, cette strat\u00e9gie de biodiversit\u00e9 est aussi envisag\u00e9e comme un enjeu pour les humains. \u00ab\u00a0Enjeu\u00a0\u00bb de r\u00e9silience, de qualit\u00e9 de vie, donc \u00ab\u00a0d\u2019attractivit\u00e9\u00a0\u00bb. Pas de sommes attach\u00e9es sp\u00e9cifiquement \u00e0 ce plan, dont les exigences sont cens\u00e9s guider la logique d\u2019investissement et de fonctionnement, de mani\u00e8re transversale au-del\u00e0 des seuls parcs et jardins. Fin janvier, Diarra Kane disait cependant que l\u2019argent cumul\u00e9 consacr\u00e9 \u00e0 la biodiversit\u00e9 serait en hausse de 23 % sur le budget d\u00e9veloppement durable 2025.<\/p>\n<p>Un hypercentre trop min\u00e9ral\u00a0?<\/p>\n<p>Selon les \u00e9lus \u00e9cologistes st\u00e9phanois, la logique reste cantonn\u00e9e aux limites d\u2019un symbole mal ficel\u00e9 et opportuniste de fin de mandat. Fin janvier encore, \u00e0 la suite de la pr\u00e9sentation du plan, la conseill\u00e8re d\u2019opposition Julie Tokhi poursuivait son intervention en clamant que \u00ab pr\u00e9server la biodiversit\u00e9 est un objectif vaste et essentiel pour notre avenir commun. Il ne peut \u00eatre r\u00e9duit \u00e0 la protection d\u2019une seule esp\u00e8ce d\u2019oiseaux. Pour y r\u00e9pondre, il faut r\u00e9ellement redonner toute sa place \u00e0 la nature en ville, et pas seulement dans des espaces ferm\u00e9s.\u00a0\u00bb Et de viser pr\u00e9cis\u00e9ment la qualit\u00e9 de vie d\u2019un hypercentre \u00ab\u00a0trop min\u00e9ral\u00a0\u00bb, aspect qui selon elle, \u00ab\u00a0n\u2019a fait que se renforcer au cours de vos mandats. Le v\u00e9g\u00e9tal doit se contenter d\u2019espaces cl\u00f4tur\u00e9s ou p\u00e9riph\u00e9riques. Il est vrai que pour vous et votre \u00e9quipe, les espaces v\u00e9g\u00e9talis\u00e9s constituent, je cite, des \u201cespaces de respiration\u201d. A vous entendre, pour les usagers comme pour la faune, la ville devrait donc se pratiquer en apn\u00e9e, et il faut atteindre un parc ou un jardin pour esp\u00e9rer reprendre de l\u2019oxyg\u00e8ne.\u00a0\u00bb<\/p>\n<blockquote>\n<p>Votre plan est une succession de promesses que vous ne tiendrez pas. <\/p>\n<p>Julie Tokhi, \u00e9lue municipale d\u2019opposition \u00e9cologiste<\/p><\/blockquote>\n<p>Pour les \u00e9lus \u00e9cologistes,\u00a0c\u2019est \u00ab\u00a0l\u2019am\u00e9nagement tout entier de Saint-Etienne qu\u2019il faut repenser. Et tout est l\u00e0, \u00e0 port\u00e9e de main. L\u2019\u00e9tude Trame Verte et Bleue a livr\u00e9 ses conclusions d\u00e8s 2017. Mais constater, c\u2019est bien ; agir, c\u2019est mieux. Le sch\u00e9ma d\u2019am\u00e9nagement pour la Nature en ville est pos\u00e9 sur une jolie carte, mais pas ou presque de r\u00e9alisation concr\u00e8te depuis. Ah si ! Deux am\u00e9nagements pour mieux relier la voie verte en 2019, il y a donc plus de 5 ans\u2026 C\u2019est dire s\u2019il vous faut racler les fonds de tiroirs pour trouver des r\u00e9alisations \u00e9cologiques depuis votre arriv\u00e9e. Heureusement, le riche tissu associatif st\u00e9phanois, par l\u2019engagement de leurs \u00e9quipes, en grande partie b\u00e9n\u00e9voles, assure la protection et le d\u00e9veloppement des espaces naturels et de la biodiversit\u00e9.\u00a0\u00bb (\u2026) Bref, \u00e0 ses yeux, \u00ab\u00a0votre plan est une succession de promesses que vous ne tiendrez pas, j\u2019en veux pour preuve les promesses de campagne non-tenues depuis 2020, et que vous ressortez aujourd\u2019hui. A un an de la prochaine \u00e9ch\u00e9ance, ce plan n\u2019est pas un plan pour sauvegarder la biodiversit\u00e9, c\u2019est une tentative d\u00e9sesp\u00e9r\u00e9e pour conserver votre si\u00e8ge\u00a0\u00bb.<\/p>\n","protected":false},"excerpt":{"rendered":"Il a \u00e9t\u00e9 vot\u00e9 fin janvier pour mettre en \u0153uvre de nouvelles actions et conforter ou encore en&hellip;\n","protected":false},"author":2,"featured_media":280026,"comment_status":"","ping_status":"","sticky":false,"template":"","format":"standard","meta":{"footnotes":""},"categories":[9653],"tags":[1111,11,41948,41949,2430,1130,41950,36219,41951,436,1777,674,1011,27,12,41952,25,4001,41953,15880],"class_list":{"0":"post-280025","1":"post","2":"type-post","3":"status-publish","4":"format-standard","5":"has-post-thumbnail","7":"category-saint-etienne","8":"tag-actu","9":"tag-actualites","10":"tag-adoptif","11":"tag-atlas-de-la-biodiversite","12":"tag-auvergne-rhone-alpes","13":"tag-biodiversite","14":"tag-charles-dallara","15":"tag-conseil-municipal-de-saint-etienne","16":"tag-diarra-kane","17":"tag-environnement","18":"tag-eu","19":"tag-europe","20":"tag-fr","21":"tag-france","22":"tag-news","23":"tag-plan-biodiversite","24":"tag-republique-francaise","25":"tag-saint-etienne","26":"tag-strategie-de-la-biodiversite","27":"tag-ville-de-saint-etienne"},"share_on_mastodon":{"url":"https:\/\/pubeurope.com\/@fr\/114931909706877628","error":""},"_links":{"self":[{"href":"https:\/\/www.europesays.com\/fr\/wp-json\/wp\/v2\/posts\/280025","targetHints":{"allow":["GET"]}}],"collection":[{"href":"https:\/\/www.europesays.com\/fr\/wp-json\/wp\/v2\/posts"}],"about":[{"href":"https:\/\/www.europesays.com\/fr\/wp-json\/wp\/v2\/types\/post"}],"author":[{"embeddable":true,"href":"https:\/\/www.europesays.com\/fr\/wp-json\/wp\/v2\/users\/2"}],"replies":[{"embeddable":true,"href":"https:\/\/www.europesays.com\/fr\/wp-json\/wp\/v2\/comments?post=280025"}],"version-history":[{"count":0,"href":"https:\/\/www.europesays.com\/fr\/wp-json\/wp\/v2\/posts\/280025\/revisions"}],"wp:featuredmedia":[{"embeddable":true,"href":"https:\/\/www.europesays.com\/fr\/wp-json\/wp\/v2\/media\/280026"}],"wp:attachment":[{"href":"https:\/\/www.europesays.com\/fr\/wp-json\/wp\/v2\/media?parent=280025"}],"wp:term":[{"taxonomy":"category","embeddable":true,"href":"https:\/\/www.europesays.com\/fr\/wp-json\/wp\/v2\/categories?post=280025"},{"taxonomy":"post_tag","embeddable":true,"href":"https:\/\/www.europesays.com\/fr\/wp-json\/wp\/v2\/tags?post=280025"}],"curies":[{"name":"wp","href":"https:\/\/api.w.org\/{rel}","templated":true}]}}