{"id":280031,"date":"2025-07-28T16:57:09","date_gmt":"2025-07-28T16:57:09","guid":{"rendered":"https:\/\/www.europesays.com\/fr\/280031\/"},"modified":"2025-07-28T16:57:09","modified_gmt":"2025-07-28T16:57:09","slug":"quelle-equipe-type-pour-toulon-la-saison-prochaine","status":"publish","type":"post","link":"https:\/\/www.europesays.com\/fr\/280031\/","title":{"rendered":"quelle \u00e9quipe type pour Toulon la saison prochaine\u00a0?"},"content":{"rendered":"<p>            Par<br \/>\n        <strong><br \/>\n            <a href=\"https:\/\/actu.fr\/auteur\/anthony-assemat\" title=\"Consulter tous les articles de Anthony Assemat\" target=\"_blank\" rel=\"noopener\">Anthony Assemat<\/a><br \/>\n        <\/strong><\/p>\n<p>        Publi\u00e9 le<\/p>\n<p>            28 juil. 2025 \u00e0 18h14        <\/p>\n<p>Demi-finaliste du Top 14 et quart de finaliste europ\u00e9en, Toulon en veut plus la saison prochaine. L\u2019objectif sera de ramener un troph\u00e9e sur la rade. Voici l\u2019\u00e9quipe type de Toulon la saison prochaine.<\/p>\n<p>Les arriv\u00e9es : le retour de Mercer, le ph\u00e9nom\u00e8ne Tuifua<\/p>\n<p class=\" wall-content\"><a href=\"https:\/\/actu.fr\/sports\/rugby\/pro\/top-14-ce-n-etait-pas-acceptable-du-tout-la-colere-de-pierre-mignoni-apres-la-defaite-de-toulon-a-pau_62652884.html\" target=\"_blank\" rel=\"noopener\">La formation coach\u00e9e par Pierre Mignoni<\/a> a vu partir plusieurs joueurs, dont trois cadres et pas des moindres : l\u2019ailier fidjien et v\u00e9ritable \u00ab\u00a0match winner\u00a0\u00bb Jiuta Wainiqolo, le puissant et habile centre all black Leicester Fainga\u2019Anuku, et le troisi\u00e8me ligne argentin Facundo Isa.<\/p>\n<p class=\" wall-content\">Pour les remplacer, les Varois ont mis\u00e9 sur trois profils diff\u00e9rents. En troisi\u00e8me ligne, on assistera au grand retour en Top 14 de l\u2019Anglais <strong>Zach Mercer.<\/strong> Le champion de France 2022 avec Montpellier, \u00e9lu meilleur joueur cette saison-l\u00e0, sera la grande attraction et on se d\u00e9lecte \u00e0 l\u2019avance des duels qu\u2019il aura \u00e0 jouer avec les plus grands 8 de notre championnat (Jelonch, Papali\u2019i, Du Preez, Alldritt\u2026).<\/p>\n<p class=\" wall-content\">L\u2019arriv\u00e9e du jeune <strong>Patrick Tuifua<\/strong> (21 ans) sera une attraction autant qu\u2019une \u00e9nigme. Celui qui avait crev\u00e9 l\u2019\u00e9cran lors de ses deux matchs disput\u00e9s avec les U20 fran\u00e7ais en 2024 avait tent\u00e9 sa chance en Nouvelle-Z\u00e9lande avec la province de Hawke\u2019s Bay mais n\u2019avait pu int\u00e9grer le squad des Hurricanes pour le Super Rugby.<\/p>\n<p class=\" wall-content\">Derri\u00e8re, Toulon a fait appel au talent et au cerveau de Juan Ignacio Brex, qui a quitt\u00e9 <strong>Tr\u00e9vise (Italie)<\/strong> apr\u00e8s huit ans de loyaut\u00e9. L\u2019international italien (46 s\u00e9lections), d\u2019origine argentine, poss\u00e8de un gros v\u00e9cu au niveau international. Ses qualit\u00e9s de puncheur et de r\u00e9gulateur des lignes arri\u00e8res devraient amener de la fluidit\u00e9 au RCT.\u00a0<\/p>\n<p class=\" wall-content\">Quant au remplacement de Wainiqolo, la t\u00e2che reviendra au Briviste <strong>Mathis Fert\u00e9.<\/strong> Champion du monde U20 en 2023, aux c\u00f4t\u00e9s des Nouchi, Jegou, Depoort\u00e8re, Reus, Jauneau, Gazzotti, il a inscrit 27 essais en trois saisons pass\u00e9es en Corr\u00e8ze. Le tout \u00e0 21 ans \u00e0 peine ! Son arriv\u00e9e sur la Rade est un sacr\u00e9 challenge.<\/p>\n<p class=\" wall-content\"><strong>Les arriv\u00e9es :<\/strong><\/p>\n<p class=\" wall-content\"><strong>-Zach Mercer<\/strong> (3e ligne, Gloucester)<br \/><strong>\u2013 Juan Ignacio Brex<\/strong> (centre, Tr\u00e9vise)<br \/><strong>\u2013 Mathis Fert\u00e9<\/strong> (ailier-arri\u00e8re, Brive)<br \/><strong>\u2013 Mat\u00e9o Garcia<\/strong> (ouvreur, UBB)<br \/><strong>\u2013 Clovis Le Bail<\/strong> (demi de m\u00eal\u00e9e, Racing 92)<br \/><strong>\u2013 Patrick Tuifua<\/strong> (3e ligne, Hawke\u2019s Bay)<br \/><strong>\u2013 Nikoloz Narmania<\/strong> (pilier, Biarritz)<\/p>\n<p>Les d\u00e9parts : des cadres sont partis, Biggar \u00e0 la retraite<\/p>\n<p class=\" wall-content\"><strong>Facundo Isa, Jiuta Wainiqolo et Leicester Fainga\u2019Anuku<\/strong> : voil\u00e0 les trois joueurs majeurs <a href=\"https:\/\/actu.fr\/provence-alpes-cote-d-azur\/toulon_83137\/transfert-toulon-annonce-le-depart-de-10-joueurs-mais-pas-ceux-d-ivaldi-et-sinzelle_62715855.html\" target=\"_blank\" rel=\"noopener\">que Toulon va devoir remplacer cette saison<\/a> ! Pas une sin\u00e9cure mais les profils cibl\u00e9s devront r\u00e9pondre \u00e0 ce d\u00e9fi (lire plus haut)\u2026\u00a0<\/p>\n<p class=\" wall-content\">Toulon a vu partir deux finisseurs en troisi\u00e8me ligne (<strong>Selevasio Tolofua et Matt\u00e9o Le Corvec<\/strong>) et a laiss\u00e9 le minot <strong>Jules Danglot<\/strong> (demi de m\u00eal\u00e9e) tenter de glaner du temps de jeu \u00e0 Colomiers, qui joue le haut du tableau en Pro D2.<\/p>\n<p class=\" wall-content\">Saluons enfin la retraite sportive du demi d\u2019ouverture international gallois <strong>Dan Biggar<\/strong> (35 ans, 112 s\u00e9lections), m\u00eame si ce dernier n\u2019aura pas marqu\u00e9 de son empreinte son passage dans le Var.<\/p>\n<p class=\" wall-content\"><strong>Les d\u00e9parts :\u00a0<\/strong><\/p>\n<p class=\" wall-content\"><strong>-Jiuta Wainiqolo<\/strong> (ailier, Lyon)<br \/><strong>\u2013 Leicester Fainga\u2019Anuku<\/strong> (centre, Crusaders)<br \/><strong>\u2013 Facundo Isa<\/strong> (3e ligne, Pau)<br \/><strong>\u2013 Dan Biggar<\/strong> (ouvreur, retraite)<br \/><strong>\u2013 Duncan Paia\u2019aua<\/strong> (centre, Perpignan)<br \/><strong>\u2013 Jules Danglot<\/strong> (demi de m\u00eal\u00e9e, Colomiers)<br \/><strong>\u2013 Selevasio Tolofua<\/strong> (3e ligne, Clermont en pr\u00eat)<br \/><strong>\u2013 Matt\u00e9o Le Corvec<\/strong> (3e ligne, Perpignan)<br \/><strong>\u2013 Emerick Setiano<\/strong> (pilier, Bayonne)<br \/><strong>\u2013 Davit Mchedlidze<\/strong> (pilier, Nevers en pr\u00eat)<\/p>\n<p>L\u2019objectif : vers un destin \u00e0 la bordelaise ?<\/p>\n<p class=\" wall-content\">Gravir les \u00e9chelons les uns apr\u00e8s les autres\u2026 C\u2019est la strat\u00e9gie qui a r\u00e9ussi \u00e0 l\u2019UBB. Apr\u00e8s une ann\u00e9e 2024 marqu\u00e9e par un quart de finale de Coupe d\u2019Europe et une finale de Top 14, <a href=\"https:\/\/actu.fr\/sports\/rugby\/coupe-deurope\/champions-cup-bordeaux-realise-son-reve-europeen-ce-qui-nous-a-plu-et-deplu_62683809.html\" target=\"_blank\" rel=\"noopener\">le club pr\u00e9sid\u00e9 par Laurent Marti a naturellement gagn\u00e9 un troph\u00e9e en 2025<\/a> (la Coupe d\u2019Europe) et failli faire le doubl\u00e9.<\/p>\n<p class=\" wall-content\">Toulon, quart de finaliste europ\u00e9en et demi-finaliste du Top 14, signerait pour une telle \u00e9volution. Franchir un cap, \u00e9voluer vers le haut : c\u2019est ce que souhaitait d\u00e9j\u00e0 le manager Pierre Mignoni \u00e0 la fin de la saison termin\u00e9e en eau de boudin dans la touffeur du Groupama Stadium de Lyon. \u00ab\u00a0Cette \u00e9quipe a progress\u00e9, mais on n\u2019est pas encore au niveau o\u00f9 on veut \u00eatre. On est sur le bon chemin, on va travailler tr\u00e8s dur pour franchir ce nouveau cap. On a jou\u00e9 un quart de Champions Cup et une demi-finale de Top 14, \u00e7a n\u2019\u00e9tait pas arriv\u00e9 \u00e0 ce club depuis longtemps. D\u00e9sormais, on va travailler encore plus dur, pour franchir un cap physique et dans notre rugby. Comptez sur moi pour qu\u2019on se remette au boulot\u00a0\u00bb, avait-il dit \u00e0 l\u2019\u00e9poque.<\/p>\n<p>L\u2019\u00e9quipe type de Toulon<\/p>\n<p class=\" wall-content\">Comme l\u2019an dernier, Toulon parait arm\u00e9 pour jouer sur les deux tableaux. Il pourra compter d\u2019ici quelques mois sur le retour de Charles Ollivon\u2026 et sur la pr\u00e9sence de l\u2019inoxydable Ma\u2019a Nonu, 43 ans, qui fera toujours partie de l\u2019effectif !<\/p>\n<p class=\" wall-content\"><strong>Le XV type de Toulon :<\/strong> Jaminet ; Dr\u00e9an (ou Fert\u00e9), Brex, Sinzelle, Villi\u00e8re ; (o) Garbisi, (m) Serin ; Ludlam, Mercer, Ollivon (ou Abadie) ; Ribbans, Halagahu ; Sinckler, Baubigny, Gros.<\/p>\n<p class=\" wall-content\">Suivez toute l\u2019actualit\u00e9 de vos villes et m\u00e9dias favoris en vous inscrivant \u00e0 <a href=\"https:\/\/moncompte.actu.fr\" title=\"D\u00e9couvez Mon Actu\" rel=\"nofollow noopener\" data-trk=\"{&quot;cta&quot;:{&quot;action&quot;:&quot;https:\\\/\\\/moncompte.actu.fr&quot;,&quot;category&quot;:&quot;mon compte&quot;,&quot;from&quot;:&quot;article footer&quot;,&quot;name&quot;:&quot;Mon actu&quot;,&quot;type&quot;:&quot;cta&quot;}}\" target=\"_blank\">Mon Actu<\/a>.<\/p>\n<ul class=\"ac-article-tag wall-content\">\n<li><a href=\"https:\/\/actu.fr\/tag\/rct-rugby-club-toulonnais\" data-trk=\"{&quot;cta&quot;:{&quot;action&quot;:&quot;RCT Rugby club toulonnais&quot;,&quot;category&quot;:&quot;tag&quot;,&quot;from&quot;:&quot;article footer&quot;,&quot;name&quot;:&quot;RCT Rugby club toulonnais&quot;,&quot;type&quot;:&quot;cta&quot;}}\" target=\"_blank\" rel=\"noopener\">#RCT Rugby club toulonnais<\/a><\/li>\n<li><a href=\"https:\/\/actu.fr\/tag\/transferts-rugby\" data-trk=\"{&quot;cta&quot;:{&quot;action&quot;:&quot;Transferts rugby&quot;,&quot;category&quot;:&quot;tag&quot;,&quot;from&quot;:&quot;article footer&quot;,&quot;name&quot;:&quot;Transferts rugby&quot;,&quot;type&quot;:&quot;cta&quot;}}\" target=\"_blank\" rel=\"noopener\">#Transferts rugby<\/a><\/li>\n<\/ul>\n","protected":false},"excerpt":{"rendered":"Par Anthony Assemat Publi\u00e9 le 28 juil. 2025 \u00e0 18h14 Demi-finaliste du Top 14 et quart de finaliste&hellip;\n","protected":false},"author":2,"featured_media":280032,"comment_status":"","ping_status":"","sticky":false,"template":"","format":"standard","meta":{"footnotes":""},"categories":[9619],"tags":[1111,11,1777,674,1011,27,12,882,6717,25,479,60,478,2310,477],"class_list":{"0":"post-280031","1":"post","2":"type-post","3":"status-publish","4":"format-standard","5":"has-post-thumbnail","7":"category-toulon","8":"tag-actu","9":"tag-actualites","10":"tag-eu","11":"tag-europe","12":"tag-fr","13":"tag-france","14":"tag-news","15":"tag-provence-alpes-cote-dazur","16":"tag-rct-rugby-club-toulonnais","17":"tag-republique-francaise","18":"tag-rugby","19":"tag-sports","20":"tag-top-14","21":"tag-toulon","22":"tag-transferts-rugby"},"share_on_mastodon":{"url":"https:\/\/pubeurope.com\/@fr\/114931921367907171","error":""},"_links":{"self":[{"href":"https:\/\/www.europesays.com\/fr\/wp-json\/wp\/v2\/posts\/280031","targetHints":{"allow":["GET"]}}],"collection":[{"href":"https:\/\/www.europesays.com\/fr\/wp-json\/wp\/v2\/posts"}],"about":[{"href":"https:\/\/www.europesays.com\/fr\/wp-json\/wp\/v2\/types\/post"}],"author":[{"embeddable":true,"href":"https:\/\/www.europesays.com\/fr\/wp-json\/wp\/v2\/users\/2"}],"replies":[{"embeddable":true,"href":"https:\/\/www.europesays.com\/fr\/wp-json\/wp\/v2\/comments?post=280031"}],"version-history":[{"count":0,"href":"https:\/\/www.europesays.com\/fr\/wp-json\/wp\/v2\/posts\/280031\/revisions"}],"wp:featuredmedia":[{"embeddable":true,"href":"https:\/\/www.europesays.com\/fr\/wp-json\/wp\/v2\/media\/280032"}],"wp:attachment":[{"href":"https:\/\/www.europesays.com\/fr\/wp-json\/wp\/v2\/media?parent=280031"}],"wp:term":[{"taxonomy":"category","embeddable":true,"href":"https:\/\/www.europesays.com\/fr\/wp-json\/wp\/v2\/categories?post=280031"},{"taxonomy":"post_tag","embeddable":true,"href":"https:\/\/www.europesays.com\/fr\/wp-json\/wp\/v2\/tags?post=280031"}],"curies":[{"name":"wp","href":"https:\/\/api.w.org\/{rel}","templated":true}]}}