{"id":280033,"date":"2025-07-28T16:58:11","date_gmt":"2025-07-28T16:58:11","guid":{"rendered":"https:\/\/www.europesays.com\/fr\/280033\/"},"modified":"2025-07-28T16:58:11","modified_gmt":"2025-07-28T16:58:11","slug":"29-oeuvres-a-decouvrir-dans-le-coeur-de-ville-a-toulon-levez-les-yeux-lart-est-dans-la-rue","status":"publish","type":"post","link":"https:\/\/www.europesays.com\/fr\/280033\/","title":{"rendered":"29 \u0153uvres \u00e0 d\u00e9couvrir dans le c\u0153ur de ville: \u00e0 Toulon, levez les yeux, l\u2019art est dans la rue"},"content":{"rendered":"<p>Pas besoin d\u2019aller au mus\u00e9e pour s\u2019en mettre plein les yeux. \u00c0 Toulon, finalement, il suffit de se balader en centre-ville. Et lever la t\u00eate. Vous \u00eates peut-\u00eatre pass\u00e9s des dizaines de fois dans ces rues sans rien remarquer\u2026 Graffitis, collages, pochoirs et m\u00eame fresques sont pourtant bien l\u00e0. L\u2019id\u00e9e de ce parcours de street art, c\u2019est de les mettre en lumi\u00e8re.<\/p>\n<p>La gen\u00e8se du projet<\/p>\n<p>L\u2019initiative est port\u00e9e par Jean-Fran\u00e7ois Ruiz. Le patron de la Galerie Lisa, rue des arts, est un fan de street art. Mais pas seulement. \u00ab\u00a0Nous voulions nous inscrire dans le prolongement <a href=\"https:\/\/www.varmatin.com\/arts\/deja-10-000-visiteurs-pour-l-exposition-banksy-994134\" rel=\"nofollow noopener\" target=\"_blank\">de l&rsquo;exposition Banksy au mus\u00e9e d&rsquo;Art<\/a>. Participer \u00e0 cet \u00e9v\u00e9nement\u00a0\u00bb, assure-t-il.<\/p>\n<p>Le parcours a n\u00e9cessit\u00e9 pr\u00e8s de trois mois de travail. \u00ab\u00a0On s\u2019est d\u2019abord attach\u00e9 \u00e0 tout r\u00e9pertorier. Les \u0153uvres sont \u00e9ph\u00e9m\u00e8res mais doivent tout de m\u00eame s\u2019inscrire dans une certaine durabilit\u00e9.\u00a0\u00bb Un guide a \u00e9t\u00e9 \u00e9dit\u00e9. \u00ab\u00a0Notre objectif est de proposer quelque chose de ludique, comme une chasse au tr\u00e9sor. Et \u00e7a marche! Les enfants notamment se prennent au jeu, ils cochent les \u0153uvres qu\u2019ils trouvent.\u00a0\u00bb<\/p>\n<p>Les \u0153uvres \u00e0 ne pas manquer<\/p>\n<p>              <img ci-src=\"https:\/\/www.varmatin.com\/vie-locale\/protec\/DATA_ART_15982029-E8Jf2CaF.jpg?vh=2fa682&amp;ci_seal=0377df7dfd\" alt=\"\"\/><br \/>\n        Touristes et Toulonnais se prennent au jeu de la chasse au tr\u00e9sor version street art.  <strong>Photo Camille Dodet.<\/strong> <\/p>\n<p>Elles sont vingt-neuf \u00e0 \u00eatre diss\u00e9min\u00e9es un peu partout dans le c\u0153ur de ville. De toutes les tailles et tous les styles. \u00ab\u00a0Il y a des fresques monumentales qui datent de plusieurs ann\u00e9es, comme des pochoirs beaucoup plus discrets ou encore des peintures recouvrant des vitrines de commerces vides\u00a0\u00bb, raconte Jean-Fran\u00e7ois Ruiz.<\/p>\n<p>Parmi nos coups de c\u0153ur, notons la <b>fresque de la place des Savonni\u00e8res<\/b>. Sign\u00e9e Makiko Furuichi, elle mesure 34m\u00e8tres de long et pare le mur de couleurs luxuriantes. \u00c0 d\u00e9couvrir \u00e9galement le tir group\u00e9, <b>rue Pierre-Semard<\/b>, avec un petit \u00ab\u00a0piou-piou\u00a0\u00bb de Daddy Twoer, les portraits de N\u00f4 ou encore celui de Sufyr.<\/p>\n<p>Autre \u0153uvre d\u2019art bien cach\u00e9e: celle de Ciyo qui a produit un Crime parfait. Entre six et huit pochoirs ont \u00e9t\u00e9 utilis\u00e9s pour arriver \u00e0 ce r\u00e9sultat. \u00c0 admirer <b>rue du Noyer.<\/b><\/p>\n<p>Les principaux artistes \u00e0 d\u00e9couvrir<\/p>\n<p>              <img ci-src=\"https:\/\/www.varmatin.com\/vie-locale\/protec\/DATA_ART_15982027-5DQR6SXe.jpg?vh=552aaa&amp;ci_seal=b3b18a417f\" alt=\"\"\/><br \/>\n        En centre-ville, on c\u00f4toie sans le savoir l\u2019art de rue. <\/p>\n<p>Si certains pr\u00e9f\u00e8rent rester anonymes, des street artistes connus et locaux sont bel et bien visibles. Et parfois tr\u00e8s prolifiques.<\/p>\n<p>C\u2019est le cas de<a href=\"https:\/\/www.varmatin.com\/arts\/sufyr-le-varois-qui-percute-les-murs-990121\" rel=\"nofollow noopener\" target=\"_blank\"> Sufyr<\/a>. S\u2019il habite Le Cannet-des-Maures, Toulon est l\u2019un de ses terrains de jeux pr\u00e9f\u00e9r\u00e9s. L\u2019homme se r\u00e9clame comme un disciple de Banksy. Sa marque de fabrique? Des portraits stylis\u00e9s et color\u00e9s. Des couleurs, il y en a aussi chez Daddy Twoer. Lui, sa sp\u00e9cialit\u00e9, c\u2019est un oiseau un peu punk. Tout droit sorti d\u2019une BD ou d\u2019un dessin anim\u00e9. Un collectif aussi s\u2019est attach\u00e9 \u00e0 embellir Toulon de ses cr\u00e9ations: celui des <a href=\"https:\/\/www.varmatin.com\/vie-locale\/dans-l-anonymat-ce-collectif-egaie-les-souterrains-toulonnais-995739\" rel=\"nofollow noopener\" target=\"_blank\">Mains Sales<\/a>. On lui doit notamment le m\u00e9tro toulonnais dans le tunnel sous la gare. C\u2019est aussi lui qui s\u2019est attaqu\u00e9 \u00e0 deux vitrines du Cours Lafayette (autour des num\u00e9ros 76 et 85).<\/p>\n<p>D\u00e9cid\u00e9ment le street art entend bien durer et laisser une trace \u00e0 Toulon.<\/p>\n","protected":false},"excerpt":{"rendered":"Pas besoin d\u2019aller au mus\u00e9e pour s\u2019en mettre plein les yeux. \u00c0 Toulon, finalement, il suffit de se&hellip;\n","protected":false},"author":2,"featured_media":280034,"comment_status":"","ping_status":"","sticky":false,"template":"","format":"standard","meta":{"footnotes":""},"categories":[9619],"tags":[1111,11,251,1777,674,1011,27,12,882,25,2310,3366],"class_list":{"0":"post-280033","1":"post","2":"type-post","3":"status-publish","4":"format-standard","5":"has-post-thumbnail","7":"category-toulon","8":"tag-actu","9":"tag-actualites","10":"tag-culture","11":"tag-eu","12":"tag-europe","13":"tag-fr","14":"tag-france","15":"tag-news","16":"tag-provence-alpes-cote-dazur","17":"tag-republique-francaise","18":"tag-toulon","19":"tag-vie-locale"},"share_on_mastodon":{"url":"https:\/\/pubeurope.com\/@fr\/114931925267575403","error":""},"_links":{"self":[{"href":"https:\/\/www.europesays.com\/fr\/wp-json\/wp\/v2\/posts\/280033","targetHints":{"allow":["GET"]}}],"collection":[{"href":"https:\/\/www.europesays.com\/fr\/wp-json\/wp\/v2\/posts"}],"about":[{"href":"https:\/\/www.europesays.com\/fr\/wp-json\/wp\/v2\/types\/post"}],"author":[{"embeddable":true,"href":"https:\/\/www.europesays.com\/fr\/wp-json\/wp\/v2\/users\/2"}],"replies":[{"embeddable":true,"href":"https:\/\/www.europesays.com\/fr\/wp-json\/wp\/v2\/comments?post=280033"}],"version-history":[{"count":0,"href":"https:\/\/www.europesays.com\/fr\/wp-json\/wp\/v2\/posts\/280033\/revisions"}],"wp:featuredmedia":[{"embeddable":true,"href":"https:\/\/www.europesays.com\/fr\/wp-json\/wp\/v2\/media\/280034"}],"wp:attachment":[{"href":"https:\/\/www.europesays.com\/fr\/wp-json\/wp\/v2\/media?parent=280033"}],"wp:term":[{"taxonomy":"category","embeddable":true,"href":"https:\/\/www.europesays.com\/fr\/wp-json\/wp\/v2\/categories?post=280033"},{"taxonomy":"post_tag","embeddable":true,"href":"https:\/\/www.europesays.com\/fr\/wp-json\/wp\/v2\/tags?post=280033"}],"curies":[{"name":"wp","href":"https:\/\/api.w.org\/{rel}","templated":true}]}}