{"id":280035,"date":"2025-07-28T16:59:09","date_gmt":"2025-07-28T16:59:09","guid":{"rendered":"https:\/\/www.europesays.com\/fr\/280035\/"},"modified":"2025-07-28T16:59:09","modified_gmt":"2025-07-28T16:59:09","slug":"gifle-et-propos-sexistes-dans-le-tramway-une-femme-blessee-au-visage","status":"publish","type":"post","link":"https:\/\/www.europesays.com\/fr\/280035\/","title":{"rendered":"gifle et propos sexistes dans le tramway, une femme bless\u00e9e au visage"},"content":{"rendered":"<p>            Par<br \/>\n        <strong><br \/>\n            <a href=\"https:\/\/actu.fr\/auteur\/lea-pippinato\" title=\"Consulter tous les articles de L\u00e9a Pippinato\" rel=\"nofollow noopener\" target=\"_blank\">L\u00e9a Pippinato<\/a><br \/>\n        <\/strong><\/p>\n<p>        Publi\u00e9 le<\/p>\n<p>            28 juil. 2025 \u00e0 18h29        <\/p>\n<p><strong>Ce vendredi 25 juillet 2025<\/strong>, il est environ 16h25 \u00e0 Montpellier. Le tramway s\u2019appr\u00eate \u00e0 entrer en station place Rondelet, en centre-ville. \u00c0 l\u2019int\u00e9rieur, une situation tendue \u00e9chappe \u00e0 la banalit\u00e9 des trajets quotidiens. Deux jeunes femmes, \u00e2g\u00e9es de 27 et 36 ans, se trouvent \u00e0 bord. L\u2019une est assise, l\u2019autre debout \u00e0 c\u00f4t\u00e9 d\u2019elle. Elles discutent, sans remarquer l\u2019homme install\u00e9 \u00e0 proximit\u00e9.<\/p>\n<p>    <a href=\"https:\/\/www.google.com\/maps\/embed?pb=!1m18!1m12!1m3!1d2889.1694189872237!2d3.872088576459659!3d43.60301397110461!2m3!1f0!2f0!3f0!3m2!1i1024!2i768!4f13.1!3m3!1m2!1s0x12b6afaf9ef2bcf5%3A0x187e8e0be14f80e!2sPl.%20Rondelet%2C%2034000%20Montpellier!5e0!3m2!1sen!2sfr!4v1753717001444!5m2!1sen!2sfr\" title=\"Ouvrie le lien\" rel=\"nofollow noopener\" target=\"_blank\">Cliquez ici pour visualiser le contenu<\/a><\/p>\n<p class=\" wall-content\">L\u2019individu, \u00e2g\u00e9 de 36 ans, commence \u00e0 les interpeller. Il les vise de propos sexistes et insultants. Les mots sont en arabe. Les deux femmes comprennent la langue. Elles demandent \u00e0 l\u2019homme de s\u2019arr\u00eater et le mettent en garde : s\u2019il continue, elles appellent la police.<\/p>\n<p>Un geste brutal \u00e0 la derni\u00e8re seconde<\/p>\n<p class=\" wall-content\">La confrontation aurait pu s\u2019arr\u00eater l\u00e0. Mais l\u2019homme se l\u00e8ve soudainement et frappe l\u2019une des deux jeunes femmes au visage avec le revers de sa main. C\u2019est la plus \u00e2g\u00e9e, celle de 36 ans, qui re\u00e7oit le coup. Sa l\u00e8vre est ouverte. Imm\u00e9diatement apr\u00e8s son geste, l\u2019homme descend du tramway \u00e0 l\u2019arr\u00eat place Rondelet. Les deux amies d\u00e9cident de le suivre. \u00c0 peine sorties, elles sont rejointes par un t\u00e9moin. Ensemble, ils signalent la situation \u00e0 des policiers nationaux pr\u00e9sents \u00e0 proximit\u00e9. Les forces de l\u2019ordre interpellent l\u2019individu.\u00a0<\/p>\n<p class=\" wall-content\">Le contr\u00f4le r\u00e9v\u00e8le un \u00e9tat d\u2019\u00e9bri\u00e9t\u00e9 avanc\u00e9. L\u2019homme souffle dans l\u2019\u00e9thylotest : le r\u00e9sultat affiche 1,6 gramme d\u2019alcool par litre de sang. Interrog\u00e9 sur les faits, il nie en bloc. De nationalit\u00e9 marocaine, il est plac\u00e9 en garde \u00e0 vue et convoqu\u00e9 devant le d\u00e9l\u00e9gu\u00e9 du procureur de la R\u00e9publique <strong>le 1er octobre<\/strong>.\u00a0<\/p>\n<p>Vid\u00e9os : en ce moment sur Actu<\/p>\n<p class=\" wall-content\">Suivez toute l\u2019actualit\u00e9 de vos villes et m\u00e9dias favoris en vous inscrivant \u00e0 <a href=\"https:\/\/moncompte.actu.fr\" title=\"D\u00e9couvez Mon Actu\" rel=\"nofollow noopener\" data-trk=\"{&quot;cta&quot;:{&quot;action&quot;:&quot;https:\\\/\\\/moncompte.actu.fr&quot;,&quot;category&quot;:&quot;mon compte&quot;,&quot;from&quot;:&quot;article footer&quot;,&quot;name&quot;:&quot;Mon actu&quot;,&quot;type&quot;:&quot;cta&quot;}}\" target=\"_blank\">Mon Actu<\/a>.<\/p>\n","protected":false},"excerpt":{"rendered":"Par L\u00e9a Pippinato Publi\u00e9 le 28 juil. 2025 \u00e0 18h29 Ce vendredi 25 juillet 2025, il est environ&hellip;\n","protected":false},"author":2,"featured_media":280036,"comment_status":"","ping_status":"","sticky":false,"template":"","format":"standard","meta":{"footnotes":""},"categories":[9599],"tags":[1111,11,1777,674,118,1011,27,2208,12,2680,1072,25,2803,7501],"class_list":{"0":"post-280035","1":"post","2":"type-post","3":"status-publish","4":"format-standard","5":"has-post-thumbnail","7":"category-montpellier","8":"tag-actu","9":"tag-actualites","10":"tag-eu","11":"tag-europe","12":"tag-faits-divers","13":"tag-fr","14":"tag-france","15":"tag-montpellier","16":"tag-news","17":"tag-occitanie","18":"tag-police","19":"tag-republique-francaise","20":"tag-transport","21":"tag-violences-urbaines"},"share_on_mastodon":{"url":"https:\/\/pubeurope.com\/@fr\/114931929287678122","error":""},"_links":{"self":[{"href":"https:\/\/www.europesays.com\/fr\/wp-json\/wp\/v2\/posts\/280035","targetHints":{"allow":["GET"]}}],"collection":[{"href":"https:\/\/www.europesays.com\/fr\/wp-json\/wp\/v2\/posts"}],"about":[{"href":"https:\/\/www.europesays.com\/fr\/wp-json\/wp\/v2\/types\/post"}],"author":[{"embeddable":true,"href":"https:\/\/www.europesays.com\/fr\/wp-json\/wp\/v2\/users\/2"}],"replies":[{"embeddable":true,"href":"https:\/\/www.europesays.com\/fr\/wp-json\/wp\/v2\/comments?post=280035"}],"version-history":[{"count":0,"href":"https:\/\/www.europesays.com\/fr\/wp-json\/wp\/v2\/posts\/280035\/revisions"}],"wp:featuredmedia":[{"embeddable":true,"href":"https:\/\/www.europesays.com\/fr\/wp-json\/wp\/v2\/media\/280036"}],"wp:attachment":[{"href":"https:\/\/www.europesays.com\/fr\/wp-json\/wp\/v2\/media?parent=280035"}],"wp:term":[{"taxonomy":"category","embeddable":true,"href":"https:\/\/www.europesays.com\/fr\/wp-json\/wp\/v2\/categories?post=280035"},{"taxonomy":"post_tag","embeddable":true,"href":"https:\/\/www.europesays.com\/fr\/wp-json\/wp\/v2\/tags?post=280035"}],"curies":[{"name":"wp","href":"https:\/\/api.w.org\/{rel}","templated":true}]}}