{"id":280039,"date":"2025-07-28T17:03:16","date_gmt":"2025-07-28T17:03:16","guid":{"rendered":"https:\/\/www.europesays.com\/fr\/280039\/"},"modified":"2025-07-28T17:03:16","modified_gmt":"2025-07-28T17:03:16","slug":"le-youtubeur-mcskyz-en-dedicace-a-la-fnac-rouen-sur-inscriptions","status":"publish","type":"post","link":"https:\/\/www.europesays.com\/fr\/280039\/","title":{"rendered":"Le youtubeur McSkyz en d\u00e9dicace \u00e0 la Fnac Rouen ! *Sur inscriptions"},"content":{"rendered":"<p>Le sp\u00e9cialiste fran\u00e7ais du True Crime \u2013 aux 2 millions d\u2019abonn\u00e9s sur Youtube \u2013 viendra d\u00e9dicacer le num\u00e9ro 3 de sa revue trimestrielle \u00ab Affaires Criminelles \u00bb.<\/p>\n<p>                            Ouverture des incriptions prochainement ici !<\/p>\n<p><strong><a href=\"https:\/\/www.fnac.com\/a21360040\/McSkyz-Affaires-criminelles-La-revue-True-Crime-de-McSkyz-N-3\" target=\"_blank\" rel=\"noopener\"><img decoding=\"async\" class=\"floatl\" style=\"width: 145px; height: 205px; padding-right: 10px;\" src=\"https:\/\/www.europesays.com\/fr\/wp-content\/uploads\/2025\/07\/2485611.jpg\" alt=\"Affaires-criminelles-La-revue-True-Crime-de-McSkyz-N-3\"\/><\/a>La revue\u00a0Affaires Criminelles\u00a0est le compagnon id\u00e9al de tous les passionn\u00e9s de chroniques criminelles\u2026 Frissons, myst\u00e8res et \u00e9motions garantis.<\/strong> Ultra document\u00e9e et tr\u00e8s illustr\u00e9e, elle a \u00e9t\u00e9 con\u00e7ue et \u00e9crite par McSkyz et une \u00e9quipe de journalistes sp\u00e9cialis\u00e9s dans les faits divers.<\/p>\n<p>Dans ce nouveau num\u00e9ro, revivez les faits divers ou les cold case qui ont horrifi\u00e9 ou \u00e9mu la France, ainsi que d\u2019incroyables histoires criminelles venues des Etats-Unis. Les affaires criminelles vous sont racont\u00e9es comme si vous les viviez en direct.<\/p>\n<p><strong>Ce 3\u00e8me num\u00e9ro pr\u00e9sente 17 affaires connues ou m\u00e9connues parmi lesquelles :<\/strong><\/p>\n<ul>\n<li><strong>Un dossier central sur 4 femmes tueuses dont la perversion et la cruaut\u00e9 n\u2019ont rien \u00e0 envier aux pires criminels masculins :\u00a0Simone Weber<\/strong>, la diabolique de Nancy ;\u00a0<strong>L\u2019am\u00e9ricaine Andrea Yates<\/strong>, m\u00e8re infanticide de 5 enfants ;\u00a0<strong>Nicole Zawadzki<\/strong>, la perverse manipulatrice ; L\u2019intrigante et tr\u00e8s chic <strong>Marie-Elisabeth Cons-Boutboul<\/strong>.\n<\/li>\n<li><strong>De grands entretiens :\u00a0Philippe Boxho<\/strong>, le m\u00e9decin l\u00e9giste Belge ; <strong>Alain Bauer<\/strong>, le plus grand expert Fran\u00e7ais en criminologie ; <strong>Gilbert Thiel<\/strong>, ancien magistrat atypique qui a jug\u00e9 les pires tueurs.\n<\/li>\n<li><strong>De grandes affaires qui ont marqu\u00e9 l\u2019actualit\u00e9 :\u00a0<\/strong>L\u2019affaire des disparus de Monflanquin ; Les myst\u00e8res de la tuerie de Chevaline ; Les disparues de la gare de Perpignan ; Dans la t\u00eate du tueur Guy Georges ; Ed Gein, le serial killer n\u00e9crophile ; Les disparus du Fort de Tami\u00e9 ; Un crime mystique : la tuerie de Flavin.\n<\/li>\n<li><strong>Des affaires historiques :\u00a0<\/strong>Gilles de Rais, le 1er tueur en s\u00e9rie de l\u2019Histoire de France ; La trag\u00e9die d\u2019Hautefaye, \u00ab\u00a0le village cannibale\u00a0\u00bb<\/li>\n<\/ul>\n<p>Pour chaque affaire, vous d\u00e9couvrez le d\u00e9roulement des faits, l\u2019enqu\u00eate, la psychologie des protagonistes, les d\u00e9bats qui ont anim\u00e9 le proc\u00e8s, les avanc\u00e9es de la criminologie.<\/p>\n<p><strong>Dans\u00a0Affaires Criminelles\u00a0toute les histoires sont vraies\u2026 Rien n\u2019est invent\u00e9, h\u00e9las\u2026<\/strong><\/p>\n<p><strong>McSkyz<\/strong><\/p>\n<p>McSkyz de son vrai nom Joris Delavenne, est un youtubeur True Crime, dont la chaine d\u00e9passe les 2 millions d\u2019abonn\u00e9s.<br \/>Tous les vendredi (ou presque !) depuis 2018, il publie sur sa chaine une nouvelle histoire vraie et flippante.<\/p>\n<p>En 2022, il sort son premier livre\u00a0<a href=\"https:\/\/www.fnac.com\/a16835987\/McSkyz-Tremblez#int=S:Suggestion%7CFA%3ALIV%7C1%7C16835987%7CBL1%7CL1\" target=\"_blank\" rel=\"noopener\">Tremblez !<\/a>\u00a0suivi, en 2023 de\u00a0<a href=\"https:\/\/www.fnac.com\/a17898703\/McSkyz-Tremblez-encore#int=S:Suggestion%7CFA%3ALIV%7C1%7C17898703%7CBL3%7CL1\" target=\"_blank\" rel=\"noopener\">Tremblez encore !<\/a>\u00a0et\u00a0<a href=\"https:\/\/www.fnac.com\/a20245042\/McSkyz-Tremblez-Crimes-au-Japon\" target=\"_blank\" rel=\"noopener\">Tremblez ! Crimes au Japon<\/a>.<\/p>\n<p style=\"text-align: center;\">*\u00c9v\u00e9nement sur inscription, dans la limite des places disponibles<\/p>\n<p>        <img decoding=\"async\" src=\"https:\/\/www.europesays.com\/fr\/wp-content\/uploads\/2025\/04\/logo-rse.png\" alt=\"Logo RSE\" loading=\"lazy\" width=\"84\" height=\"116\"\/><\/p>\n<p>\n        La Fnac s\u2019engage activement dans les initiatives de responsabilit\u00e9 soci\u00e9tale des entreprises (RSE).\n    <\/p>\n<p>\n        Aidez-nous en choisissant la mobilit\u00e9 douce en privil\u00e9giant par exemple le v\u00e9lo (pistes cyclables et stationnements \u00e0 disposition), les transports en commun ou le covoiturage pour nous rejoindre. Ainsi, vous contribuez \u00e0 r\u00e9duire les \u00e9missions de gaz \u00e0 effet de serre et \u00e0 am\u00e9liorer notre qualit\u00e9 de l\u2019air. Pour plus d\u2019information, consultez la fiche du magasin.<br \/>Tous nos \u00e9v\u00e8nements sont en acc\u00e8s gratuit, dans la limite des places disponibles.\n    <\/p>\n","protected":false},"excerpt":{"rendered":"Le sp\u00e9cialiste fran\u00e7ais du True Crime \u2013 aux 2 millions d\u2019abonn\u00e9s sur Youtube \u2013 viendra d\u00e9dicacer le num\u00e9ro&hellip;\n","protected":false},"author":2,"featured_media":280040,"comment_status":"","ping_status":"","sticky":false,"template":"","format":"standard","meta":{"footnotes":""},"categories":[9587],"tags":[1111,11,5149,1777,674,9391,41954,1011,27,41955,12,5161,25,9590,41956],"class_list":{"0":"post-280039","1":"post","2":"type-post","3":"status-publish","4":"format-standard","5":"has-post-thumbnail","7":"category-rouen","8":"tag-actu","9":"tag-actualites","10":"tag-affaire-criminelle","11":"tag-eu","12":"tag-europe","13":"tag-evenement-fnac-gratuit","14":"tag-femmes-tueuses","15":"tag-fr","16":"tag-france","17":"tag-mcskyz","18":"tag-news","19":"tag-normandie","20":"tag-republique-francaise","21":"tag-rouen","22":"tag-true-crimes"},"share_on_mastodon":{"url":"https:\/\/pubeurope.com\/@fr\/114931944944427437","error":""},"_links":{"self":[{"href":"https:\/\/www.europesays.com\/fr\/wp-json\/wp\/v2\/posts\/280039","targetHints":{"allow":["GET"]}}],"collection":[{"href":"https:\/\/www.europesays.com\/fr\/wp-json\/wp\/v2\/posts"}],"about":[{"href":"https:\/\/www.europesays.com\/fr\/wp-json\/wp\/v2\/types\/post"}],"author":[{"embeddable":true,"href":"https:\/\/www.europesays.com\/fr\/wp-json\/wp\/v2\/users\/2"}],"replies":[{"embeddable":true,"href":"https:\/\/www.europesays.com\/fr\/wp-json\/wp\/v2\/comments?post=280039"}],"version-history":[{"count":0,"href":"https:\/\/www.europesays.com\/fr\/wp-json\/wp\/v2\/posts\/280039\/revisions"}],"wp:featuredmedia":[{"embeddable":true,"href":"https:\/\/www.europesays.com\/fr\/wp-json\/wp\/v2\/media\/280040"}],"wp:attachment":[{"href":"https:\/\/www.europesays.com\/fr\/wp-json\/wp\/v2\/media?parent=280039"}],"wp:term":[{"taxonomy":"category","embeddable":true,"href":"https:\/\/www.europesays.com\/fr\/wp-json\/wp\/v2\/categories?post=280039"},{"taxonomy":"post_tag","embeddable":true,"href":"https:\/\/www.europesays.com\/fr\/wp-json\/wp\/v2\/tags?post=280039"}],"curies":[{"name":"wp","href":"https:\/\/api.w.org\/{rel}","templated":true}]}}