{"id":280043,"date":"2025-07-28T17:05:17","date_gmt":"2025-07-28T17:05:17","guid":{"rendered":"https:\/\/www.europesays.com\/fr\/280043\/"},"modified":"2025-07-28T17:05:17","modified_gmt":"2025-07-28T17:05:17","slug":"un-homme-place-sous-mandat-de-depot-pour-avoir-grievement-blesse-une-femme-a-coups-de-couteau","status":"publish","type":"post","link":"https:\/\/www.europesays.com\/fr\/280043\/","title":{"rendered":"un homme plac\u00e9 sous mandat de d\u00e9p\u00f4t pour avoir gri\u00e8vement bless\u00e9 une femme \u00e0 coups de couteau"},"content":{"rendered":"<p itemprop=\"description\"><strong>Un homme de 46 ans a \u00e9t\u00e9 plac\u00e9 sous mandat de d\u00e9p\u00f4t en attendant d\u2019\u00eatre jug\u00e9 par le tribunal correctionnel de Grenoble en septembre. Il est suspect\u00e9 d\u2019avoir gri\u00e8vement bless\u00e9 une femme \u00e0 coups de couteau.<\/strong><\/p>\n<p>Les faits remontent dans la nuit de jeudi 24 au vendredi 25 juillet aux alentours de 0h30. Un homme de 46 ans aurait poignard\u00e9 \u00e0 plusieurs reprises une prostitu\u00e9e nig\u00e9riane de 51 ans dans le quartier de la clinique mutualiste. Ce samedi apr\u00e8s-midi, il a \u00e9t\u00e9 d\u00e9f\u00e9r\u00e9 au parquet. Il a ensuite \u00e9t\u00e9 plac\u00e9 sous mandat de d\u00e9p\u00f4t par un juge des libert\u00e9s et de la d\u00e9tention en attendant d\u2019\u00eatre jug\u00e9 par le tribunal correctionnel de Grenoble le 12 septembre prochain dans le cadre d\u2019une comparution \u00e0 d\u00e9lai diff\u00e9r\u00e9.<\/p>\n<p>Suspect\u00e9 de tentative de meurtre, l\u2019accus\u00e9 compara\u00eetra dans le cadre d\u2019une proc\u00e9dure d\u00e9lictuelle. La qualification retenue par le parquet est celle des coups et des blessures avec arme. L\u2019homme aurait port\u00e9 trois coups \u00e0 la femme, un au visage, un \u00e0 la main droite et un au flanc gauche. A l\u2019arriv\u00e9e des sapeurs-pompiers et du Samu, la victime \u00e9tait consciente. Cependant, elle a \u00e9t\u00e9 transport\u00e9e au CHU Grenoble Alpes avec une grave blessure thoracique. Admise au service d\u00e9chocage, son pronostic vital n\u2019\u00e9tait pas engag\u00e9.<\/p>\n<p>De son c\u00f4t\u00e9, le suspect a pu \u00eatre interpell\u00e9 dans la foul\u00e9e par les services de police non loin des lieux de l\u2019agression. Il a pu \u00eatre plac\u00e9 en d\u00e9grisement. Il a ensuite \u00e9t\u00e9 entendu par les enqu\u00eateurs avant d\u2019\u00eatre d\u00e9f\u00e9r\u00e9 au parquet selon le Dauphin\u00e9 Lib\u00e9r\u00e9. Le quadrag\u00e9naire est d\u00e9j\u00e0 connu des services de police dans une affaire \u00ab\u00a0d\u2019atteinte \u00e0 la personne\u00a0\u00bb.<\/p>\n","protected":false},"excerpt":{"rendered":"Un homme de 46 ans a \u00e9t\u00e9 plac\u00e9 sous mandat de d\u00e9p\u00f4t en attendant d\u2019\u00eatre jug\u00e9 par le&hellip;\n","protected":false},"author":2,"featured_media":280044,"comment_status":"","ping_status":"","sticky":false,"template":"","format":"standard","meta":{"footnotes":""},"categories":[9566],"tags":[1111,11,7733,8279,2430,7736,650,7734,2889,2263,1777,674,1011,27,2731,8280,6417,1114,108,4662,12,3725,1825,25,7737],"class_list":{"0":"post-280043","1":"post","2":"type-post","3":"status-publish","4":"format-standard","5":"has-post-thumbnail","7":"category-grenoble","8":"tag-actu","9":"tag-actualites","10":"tag-alpes","11":"tag-alpes1","12":"tag-auvergne-rhone-alpes","13":"tag-cds","14":"tag-cinema","15":"tag-ecoute","16":"tag-emission","17":"tag-equipe","18":"tag-eu","19":"tag-europe","20":"tag-fr","21":"tag-france","22":"tag-grenoble","23":"tag-haute","24":"tag-information","25":"tag-infos","26":"tag-isere","27":"tag-journal","28":"tag-news","29":"tag-podcast","30":"tag-radio","31":"tag-republique-francaise","32":"tag-winamp"},"share_on_mastodon":{"url":"https:\/\/pubeurope.com\/@fr\/114931952769985386","error":""},"_links":{"self":[{"href":"https:\/\/www.europesays.com\/fr\/wp-json\/wp\/v2\/posts\/280043","targetHints":{"allow":["GET"]}}],"collection":[{"href":"https:\/\/www.europesays.com\/fr\/wp-json\/wp\/v2\/posts"}],"about":[{"href":"https:\/\/www.europesays.com\/fr\/wp-json\/wp\/v2\/types\/post"}],"author":[{"embeddable":true,"href":"https:\/\/www.europesays.com\/fr\/wp-json\/wp\/v2\/users\/2"}],"replies":[{"embeddable":true,"href":"https:\/\/www.europesays.com\/fr\/wp-json\/wp\/v2\/comments?post=280043"}],"version-history":[{"count":0,"href":"https:\/\/www.europesays.com\/fr\/wp-json\/wp\/v2\/posts\/280043\/revisions"}],"wp:featuredmedia":[{"embeddable":true,"href":"https:\/\/www.europesays.com\/fr\/wp-json\/wp\/v2\/media\/280044"}],"wp:attachment":[{"href":"https:\/\/www.europesays.com\/fr\/wp-json\/wp\/v2\/media?parent=280043"}],"wp:term":[{"taxonomy":"category","embeddable":true,"href":"https:\/\/www.europesays.com\/fr\/wp-json\/wp\/v2\/categories?post=280043"},{"taxonomy":"post_tag","embeddable":true,"href":"https:\/\/www.europesays.com\/fr\/wp-json\/wp\/v2\/tags?post=280043"}],"curies":[{"name":"wp","href":"https:\/\/api.w.org\/{rel}","templated":true}]}}