{"id":280047,"date":"2025-07-28T17:07:12","date_gmt":"2025-07-28T17:07:12","guid":{"rendered":"https:\/\/www.europesays.com\/fr\/280047\/"},"modified":"2025-07-28T17:07:12","modified_gmt":"2025-07-28T17:07:12","slug":"prudence-sur-la-route-des-bouchons-se-forment","status":"publish","type":"post","link":"https:\/\/www.europesays.com\/fr\/280047\/","title":{"rendered":"prudence sur la route, des bouchons se forment"},"content":{"rendered":"<p>            Par<br \/>\n        <strong><br \/>\n            <a href=\"https:\/\/actu.fr\/auteur\/clemence-pays02-actu-fr\" title=\"Consulter tous les articles de Cl\u00e9mence Pays\" target=\"_blank\" rel=\"noopener\">Cl\u00e9mence Pays<\/a><br \/>\n        <\/strong><\/p>\n<p>        Publi\u00e9 le<\/p>\n<p>            28 juil. 2025 \u00e0 18h00        <\/p>\n<p>Attention si vous circulez sur la<strong> rocade de Rennes,<\/strong> ce lundi 28\u00a0juillet 2025. Bison Fut\u00e9 alerte sur divers \u00e9v\u00e9nements, peu avant 18h.<\/p>\n<p class=\" wall-content\">Sur la N136, dans le sens ext\u00e9rieur, entre la porte de Br\u00e9quigny et la porte d\u2019Alma\/Nantes, un<strong> accident<\/strong> est survenu entre un poids lourd et un v\u00e9hicule l\u00e9ger.<\/p>\n<p class=\" wall-content\">Un peu plus loin, apr\u00e8s la porte d\u2019Alma\/Nantes, toujours dans le sens ext\u00e9rieur, Bison Fut\u00e9 signale <strong>un poids lourd en panne.<\/strong><\/p>\n<p>Un pi\u00e9ton sur la chauss\u00e9e<\/p>\n<p class=\" wall-content\">Sur la route entre <a href=\"https:\/\/actu.fr\/rennes\/\" target=\"_blank\" rel=\"noopener\">Rennes<\/a> et <a href=\"https:\/\/actu.fr\/nantes\/\" target=\"_blank\" rel=\"noopener\">Nantes<\/a> (N137), dans le sens nord-sud, \u00e0 hauteur de <a href=\"https:\/\/actu.fr\/bretagne\/noyal-chatillon-sur-seiche_35206\" target=\"_blank\" rel=\"noopener\">Noyal-Ch\u00e2tillon-sur-Seiche<\/a>, le centre national d\u2019information routi\u00e8re met en garde face \u00e0 <strong>la pr\u00e9sence d\u2019un pi\u00e9ton sur la chauss\u00e9e.<\/strong><\/p>\n<p class=\" wall-content\">Contact\u00e9, le Centre op\u00e9rationnel d\u00e9partemental d\u2019incendie et de secours n\u2019avait pas connaissance d\u2019une intervention en cours dans le secteur.<\/p>\n<p>Des bouchons se forment<\/p>\n<p class=\" wall-content\">Bison Fut\u00e9 comptabilise <strong>plusieurs kilom\u00e8tres d\u2019embouteillage<\/strong> sur la rocade\u2009:<\/p>\n<ul class=\" wall-content\">\n<li>2,6\u00a0km de bouchons sur la N136, dans le sens ext\u00e9rieur, de Rennes \u00e0 Saint-Gr\u00e9goire, au niveau de la <strong>porte des Longs Champs\u2009;<\/strong><\/li>\n<li>3,4\u00a0km de bouchons sur la N136, dans le sens ext\u00e9rieur,<strong> entre la porte de Cleunay et la porte d\u2019Alma\/Nantes,<\/strong> de Rennes \u00e0 Noyal-Ch\u00e2tillon-sur-Seiche\u2009;<\/li>\n<li>3,7\u00a0km de bouchons sur la N136, dans le sens int\u00e9rieur, <strong>entre la porte de Cleunay et la porte de Brest\u2009;<\/strong><\/li>\n<li>2,5\u00a0km de bouchons sur la N136, dans le sens int\u00e9rieur, <strong>entre la porte des Loges et la porte du Blosne\/Angers,<\/strong> de Chantepie \u00e0 Rennes.<\/li>\n<\/ul>\n<p class=\" wall-content\">Suivez toute l\u2019actualit\u00e9 de vos villes et m\u00e9dias favoris en vous inscrivant \u00e0 <a href=\"https:\/\/moncompte.actu.fr\" title=\"D\u00e9couvez Mon Actu\" rel=\"nofollow noopener\" data-trk=\"{&quot;cta&quot;:{&quot;action&quot;:&quot;https:\\\/\\\/moncompte.actu.fr&quot;,&quot;category&quot;:&quot;mon compte&quot;,&quot;from&quot;:&quot;article footer&quot;,&quot;name&quot;:&quot;Mon actu&quot;,&quot;type&quot;:&quot;cta&quot;}}\" target=\"_blank\">Mon Actu<\/a>.<\/p>\n","protected":false},"excerpt":{"rendered":"Par Cl\u00e9mence Pays Publi\u00e9 le 28 juil. 2025 \u00e0 18h00 Attention si vous circulez sur la rocade de&hellip;\n","protected":false},"author":2,"featured_media":280048,"comment_status":"","ping_status":"","sticky":false,"template":"","format":"standard","meta":{"footnotes":""},"categories":[2821],"tags":[1111,11,829,3542,1777,674,118,1011,27,803,12,584,25,4797],"class_list":{"0":"post-280047","1":"post","2":"type-post","3":"status-publish","4":"format-standard","5":"has-post-thumbnail","7":"category-rennes","8":"tag-actu","9":"tag-actualites","10":"tag-bretagne","11":"tag-circulation","12":"tag-eu","13":"tag-europe","14":"tag-faits-divers","15":"tag-fr","16":"tag-france","17":"tag-info-trafic","18":"tag-news","19":"tag-rennes","20":"tag-republique-francaise","21":"tag-rocade"},"share_on_mastodon":{"url":"https:\/\/pubeurope.com\/@fr\/114931960659405544","error":""},"_links":{"self":[{"href":"https:\/\/www.europesays.com\/fr\/wp-json\/wp\/v2\/posts\/280047","targetHints":{"allow":["GET"]}}],"collection":[{"href":"https:\/\/www.europesays.com\/fr\/wp-json\/wp\/v2\/posts"}],"about":[{"href":"https:\/\/www.europesays.com\/fr\/wp-json\/wp\/v2\/types\/post"}],"author":[{"embeddable":true,"href":"https:\/\/www.europesays.com\/fr\/wp-json\/wp\/v2\/users\/2"}],"replies":[{"embeddable":true,"href":"https:\/\/www.europesays.com\/fr\/wp-json\/wp\/v2\/comments?post=280047"}],"version-history":[{"count":0,"href":"https:\/\/www.europesays.com\/fr\/wp-json\/wp\/v2\/posts\/280047\/revisions"}],"wp:featuredmedia":[{"embeddable":true,"href":"https:\/\/www.europesays.com\/fr\/wp-json\/wp\/v2\/media\/280048"}],"wp:attachment":[{"href":"https:\/\/www.europesays.com\/fr\/wp-json\/wp\/v2\/media?parent=280047"}],"wp:term":[{"taxonomy":"category","embeddable":true,"href":"https:\/\/www.europesays.com\/fr\/wp-json\/wp\/v2\/categories?post=280047"},{"taxonomy":"post_tag","embeddable":true,"href":"https:\/\/www.europesays.com\/fr\/wp-json\/wp\/v2\/tags?post=280047"}],"curies":[{"name":"wp","href":"https:\/\/api.w.org\/{rel}","templated":true}]}}