{"id":280053,"date":"2025-07-28T17:10:11","date_gmt":"2025-07-28T17:10:11","guid":{"rendered":"https:\/\/www.europesays.com\/fr\/280053\/"},"modified":"2025-07-28T17:10:11","modified_gmt":"2025-07-28T17:10:11","slug":"des-accidents-survenus-sur-la8-en-direction-de-litalie-perturbent-la-circulation-autour-de-nice-ce-lundi-soir","status":"publish","type":"post","link":"https:\/\/www.europesays.com\/fr\/280053\/","title":{"rendered":"Des accidents survenus sur l&rsquo;A8 en direction de l&rsquo;Italie perturbent la circulation autour de Nice, ce lundi soir"},"content":{"rendered":"<p>Prudence, si vous circulez sur l&rsquo;A8 en direction de l&rsquo;Italie, ce lundi soir.\u00a0<\/p>\n<p>Deux accidents ont eu lieu, l&rsquo;un du c\u00f4t\u00e9 d&rsquo;Antibes et l&rsquo;autre, du c\u00f4t\u00e9 de Saint-Isidore.\u00a0<\/p>\n<p><strong>L&rsquo;accident survenu du c\u00f4t\u00e9 de l&rsquo;entr\u00e9e d&rsquo;Antibes-est<\/strong> ralentit fortement la circulation sur cet axe, tr\u00e8s emprunt\u00e9 en ce moment, heure de sortie des bureaux.\u00a0Le trafic est ainsi tr\u00e8s perturb\u00e9 entre Cannes et Villeneuve-Loubet.\u00a0<\/p>\n<p>Prudence \u00e9galement un peu plus loin, du c\u00f4t\u00e9 de Cagnes et Saint-Laurent-du-Var. Pas d&rsquo;accident \u00e0 signaler mais une circulation tr\u00e8s dense en direction de Nice.\u00a0<\/p>\n<p>Enfin, toujours en direction de l&rsquo;Italie, <strong>apr\u00e8s l&rsquo;entr\u00e9e 52 \u00e0 Nice Saint-Isidore<\/strong>, un accident a aussi eu lieu et le trafic est l\u00e0 encore, perturb\u00e9.\u00a0<\/p>\n<p>Si vous poursuivez votre route, en direction de Marseille, sachez qu&rsquo;un incendie est en cours\u00a0au niveau de l&rsquo;\u00e9changeur 517, entre les autoroutes A7 et A51 (Pennes Mirabeau et Sept\u00e8mes-les-Vallons). <strong>Les deux autoroutes sont ferm\u00e9es dans les deux sens<\/strong>. Evitez le secteur, donc.\u00a0<\/p>\n","protected":false},"excerpt":{"rendered":"Prudence, si vous circulez sur l&rsquo;A8 en direction de l&rsquo;Italie, ce lundi soir.\u00a0 Deux accidents ont eu lieu,&hellip;\n","protected":false},"author":2,"featured_media":87099,"comment_status":"","ping_status":"","sticky":false,"template":"","format":"standard","meta":{"footnotes":""},"categories":[2819],"tags":[1111,11,1777,674,1011,27,803,12,2401,882,25],"class_list":{"0":"post-280053","1":"post","2":"type-post","3":"status-publish","4":"format-standard","5":"has-post-thumbnail","7":"category-nice","8":"tag-actu","9":"tag-actualites","10":"tag-eu","11":"tag-europe","12":"tag-fr","13":"tag-france","14":"tag-info-trafic","15":"tag-news","16":"tag-nice","17":"tag-provence-alpes-cote-dazur","18":"tag-republique-francaise"},"share_on_mastodon":{"url":"https:\/\/pubeurope.com\/@fr\/114931972393748056","error":""},"_links":{"self":[{"href":"https:\/\/www.europesays.com\/fr\/wp-json\/wp\/v2\/posts\/280053","targetHints":{"allow":["GET"]}}],"collection":[{"href":"https:\/\/www.europesays.com\/fr\/wp-json\/wp\/v2\/posts"}],"about":[{"href":"https:\/\/www.europesays.com\/fr\/wp-json\/wp\/v2\/types\/post"}],"author":[{"embeddable":true,"href":"https:\/\/www.europesays.com\/fr\/wp-json\/wp\/v2\/users\/2"}],"replies":[{"embeddable":true,"href":"https:\/\/www.europesays.com\/fr\/wp-json\/wp\/v2\/comments?post=280053"}],"version-history":[{"count":0,"href":"https:\/\/www.europesays.com\/fr\/wp-json\/wp\/v2\/posts\/280053\/revisions"}],"wp:featuredmedia":[{"embeddable":true,"href":"https:\/\/www.europesays.com\/fr\/wp-json\/wp\/v2\/media\/87099"}],"wp:attachment":[{"href":"https:\/\/www.europesays.com\/fr\/wp-json\/wp\/v2\/media?parent=280053"}],"wp:term":[{"taxonomy":"category","embeddable":true,"href":"https:\/\/www.europesays.com\/fr\/wp-json\/wp\/v2\/categories?post=280053"},{"taxonomy":"post_tag","embeddable":true,"href":"https:\/\/www.europesays.com\/fr\/wp-json\/wp\/v2\/tags?post=280053"}],"curies":[{"name":"wp","href":"https:\/\/api.w.org\/{rel}","templated":true}]}}