{"id":280056,"date":"2025-07-28T17:12:15","date_gmt":"2025-07-28T17:12:15","guid":{"rendered":"https:\/\/www.europesays.com\/fr\/280056\/"},"modified":"2025-07-28T17:12:15","modified_gmt":"2025-07-28T17:12:15","slug":"le-7e-marche-de-la-creation-demarre-tres-prochainement-dans-cette-commune","status":"publish","type":"post","link":"https:\/\/www.europesays.com\/fr\/280056\/","title":{"rendered":"Le 7e march\u00e9 de la cr\u00e9ation d\u00e9marre tr\u00e8s prochainement dans cette commune"},"content":{"rendered":"<p>Cette ann\u00e9e, dix\u00a0cr\u00e9ateurs seront \u00e0 l\u2019affiche, c\u2019est un petit plus que lors des six\u00a0pr\u00e9c\u00e9dentes \u00e9ditions dans ce cadre idyllique au bord du Canal dans la commune de <a href=\"https:\/\/nantes.maville.com\/pays-de-la-loire\/loire-atlantique\/nort-sur-erdre\/\" target=\"_blank\" rel=\"noopener\">Nort-sur-Erdre<\/a>.<\/p>\n<p>Il sera possible de trouver de quoi embellir le quotidien de chacun<\/p>\n<p>Les habitu\u00e9s du rendez-vous annuel retrouveront quelques cr\u00e9ateurs d\u00e9j\u00e0 pr\u00e9sents les pr\u00e9c\u00e9dentes &#8230;<\/p>\n<p>\u00a0<\/p>\n","protected":false},"excerpt":{"rendered":"Cette ann\u00e9e, dix\u00a0cr\u00e9ateurs seront \u00e0 l\u2019affiche, c\u2019est un petit plus que lors des six\u00a0pr\u00e9c\u00e9dentes \u00e9ditions dans ce cadre&hellip;\n","protected":false},"author":2,"featured_media":280057,"comment_status":"","ping_status":"","sticky":false,"template":"","format":"standard","meta":{"footnotes":""},"categories":[2818],"tags":[41957,1111,11,7052,4942,27051,1777,674,1011,27,2089,766,12,2636,41958,25,933],"class_list":{"0":"post-280056","1":"post","2":"type-post","3":"status-publish","4":"format-standard","5":"has-post-thumbnail","7":"category-nantes","8":"tag-7e","9":"tag-actu","10":"tag-actualites","11":"tag-commune","12":"tag-creation","13":"tag-demarre","14":"tag-eu","15":"tag-europe","16":"tag-fr","17":"tag-france","18":"tag-marche","19":"tag-nantes","20":"tag-news","21":"tag-pays-de-la-loire","22":"tag-prochainement","23":"tag-republique-francaise","24":"tag-tres"},"share_on_mastodon":{"url":"https:\/\/pubeurope.com\/@fr\/114931980265343602","error":""},"_links":{"self":[{"href":"https:\/\/www.europesays.com\/fr\/wp-json\/wp\/v2\/posts\/280056","targetHints":{"allow":["GET"]}}],"collection":[{"href":"https:\/\/www.europesays.com\/fr\/wp-json\/wp\/v2\/posts"}],"about":[{"href":"https:\/\/www.europesays.com\/fr\/wp-json\/wp\/v2\/types\/post"}],"author":[{"embeddable":true,"href":"https:\/\/www.europesays.com\/fr\/wp-json\/wp\/v2\/users\/2"}],"replies":[{"embeddable":true,"href":"https:\/\/www.europesays.com\/fr\/wp-json\/wp\/v2\/comments?post=280056"}],"version-history":[{"count":0,"href":"https:\/\/www.europesays.com\/fr\/wp-json\/wp\/v2\/posts\/280056\/revisions"}],"wp:featuredmedia":[{"embeddable":true,"href":"https:\/\/www.europesays.com\/fr\/wp-json\/wp\/v2\/media\/280057"}],"wp:attachment":[{"href":"https:\/\/www.europesays.com\/fr\/wp-json\/wp\/v2\/media?parent=280056"}],"wp:term":[{"taxonomy":"category","embeddable":true,"href":"https:\/\/www.europesays.com\/fr\/wp-json\/wp\/v2\/categories?post=280056"},{"taxonomy":"post_tag","embeddable":true,"href":"https:\/\/www.europesays.com\/fr\/wp-json\/wp\/v2\/tags?post=280056"}],"curies":[{"name":"wp","href":"https:\/\/api.w.org\/{rel}","templated":true}]}}