{"id":280066,"date":"2025-07-28T17:17:09","date_gmt":"2025-07-28T17:17:09","guid":{"rendered":"https:\/\/www.europesays.com\/fr\/280066\/"},"modified":"2025-07-28T17:17:09","modified_gmt":"2025-07-28T17:17:09","slug":"pres-de-toulouse-une-fuite-deau-provoque-leffondrement-dune-chaussee-sur-des-abris-de-jardin","status":"publish","type":"post","link":"https:\/\/www.europesays.com\/fr\/280066\/","title":{"rendered":"Pr\u00e8s de Toulouse, une fuite d&rsquo;eau provoque l&rsquo;effondrement d&rsquo;une chauss\u00e9e sur des abris de jardin"},"content":{"rendered":"<p>            Par<br \/>\n        <strong><br \/>\n            <a href=\"https:\/\/actu.fr\/auteur\/lucie-2\" title=\"Consulter tous les articles de Lucie Fraisse\" rel=\"nofollow noopener\" target=\"_blank\">Lucie Fraisse<\/a><br \/>\n        <\/strong><\/p>\n<p>        Publi\u00e9 le<\/p>\n<p>            28 juil. 2025 \u00e0 19h07        <\/p>\n<p>Au petit matin ce lundi 28 juillet 2025, les pompiers de la Haute-Garonne ont \u00e9t\u00e9 appel\u00e9s apr\u00e8s l\u2019effondrement d\u2019un mur de sout\u00e8nement, dans la commune de <strong>Villemur-sur-Tarn<\/strong>, non loin de <a href=\"https:\/\/actu.fr\/toulouse\/\" rel=\"nofollow noopener\" target=\"_blank\">Toulouse<\/a>.<\/p>\n<p>    <a href=\"https:\/\/www.google.com\/maps\/embed?pb=!1m18!1m12!1m3!1d4760.3281518729555!2d1.5003040773114413!3d43.86781303852212!2m3!1f0!2f0!3f0!3m2!1i1024!2i768!4f13.1!3m3!1m2!1s0x12ac18b83d072f2f%3A0x54de535bc51ed864!2sRue%20de%20la%20Bataille%2C%2031340%20Villemur-sur-Tarn!5e1!3m2!1sfr!2sfr!4v1753721818728!5m2!1sfr!2sfr\" title=\"Ouvrie le lien\" rel=\"nofollow noopener\" target=\"_blank\">Cliquez ici pour visualiser le contenu<\/a><\/p>\n<p>La chauss\u00e9e s\u2019\u00e9croule\u00a0<\/p>\n<p class=\" wall-content\">L\u2019alerte a \u00e9t\u00e9 donn\u00e9e peu avant 5 heures ce lundi matin. Le mur effondr\u00e9 soutenait en fait une voie de circulation qui s\u2019est <strong>\u00e9croul\u00e9e sur des abris de jardin<\/strong> et \u00e0 proximit\u00e9 d\u2019un b\u00e2timent avec trois appartements.\u00a0<\/p>\n<p class=\" wall-content\">La priorit\u00e9 des pompiers a donc \u00e9t\u00e9 de faire des reconnaissances et de confirmer l\u2019absence de victimes. Par s\u00e9curit\u00e9, les habitants des appartements ont \u00e9t\u00e9 \u00e9vacu\u00e9s, le temps que des sp\u00e9cialistes en risque b\u00e2timentaire m\u00e8nent leur inspection. Ils ont ensuite pu regagner leurs logements.<\/p>\n<p>Une fuite sur le r\u00e9seau d\u2019eau\u00a0<\/p>\n<p class=\" wall-content\">C\u2019est en fait une fuite sur le r\u00e9seau d\u2019eau qui a conduit \u00e0 l\u2019effondrement du mur et de la chauss\u00e9e, au niveau de la rue Bataille.<\/p>\n<p class=\" wall-content\">Des restrictions de circulation ont \u00e9t\u00e9 mises en place : il n\u2019est pour le moment plus possible d\u2019emprunter cette art\u00e8re de Villemur-sur-Tarn. Une circulation altern\u00e9e pourra ensuite \u00eatre mise en place.<\/p>\n<p>Vid\u00e9os : en ce moment sur Actu<\/p>\n<p class=\" wall-content\">Cons\u00e9quence de cet effondrement, les terminus et d\u00e9parts des lignes de bus Lio n\u00b0 301 et 351 sont d\u00e9plac\u00e9s sur l\u2019avenue Kennedy, \u00e0 hauteur de l\u2019auto-\u00e9cole. Le terminus de la Ligne 355 est d\u00e9plac\u00e9 avenue Churchill.<\/p>\n<p class=\" wall-content\">Suivez toute l\u2019actualit\u00e9 de vos villes et m\u00e9dias favoris en vous inscrivant \u00e0 <a href=\"https:\/\/moncompte.actu.fr\" title=\"D\u00e9couvez Mon Actu\" rel=\"nofollow noopener\" data-trk=\"{&quot;cta&quot;:{&quot;action&quot;:&quot;https:\\\/\\\/moncompte.actu.fr&quot;,&quot;category&quot;:&quot;mon compte&quot;,&quot;from&quot;:&quot;article footer&quot;,&quot;name&quot;:&quot;Mon actu&quot;,&quot;type&quot;:&quot;cta&quot;}}\" target=\"_blank\">Mon Actu<\/a>.<\/p>\n","protected":false},"excerpt":{"rendered":"Par Lucie Fraisse Publi\u00e9 le 28 juil. 2025 \u00e0 19h07 Au petit matin ce lundi 28 juillet 2025,&hellip;\n","protected":false},"author":2,"featured_media":280067,"comment_status":"","ping_status":"","sticky":false,"template":"","format":"standard","meta":{"footnotes":""},"categories":[2816],"tags":[1111,11,1777,674,118,1011,27,12,2680,1311,25,2312],"class_list":{"0":"post-280066","1":"post","2":"type-post","3":"status-publish","4":"format-standard","5":"has-post-thumbnail","7":"category-toulouse","8":"tag-actu","9":"tag-actualites","10":"tag-eu","11":"tag-europe","12":"tag-faits-divers","13":"tag-fr","14":"tag-france","15":"tag-news","16":"tag-occitanie","17":"tag-pompiers","18":"tag-republique-francaise","19":"tag-toulouse"},"share_on_mastodon":{"url":"https:\/\/pubeurope.com\/@fr\/114932000009999836","error":""},"_links":{"self":[{"href":"https:\/\/www.europesays.com\/fr\/wp-json\/wp\/v2\/posts\/280066","targetHints":{"allow":["GET"]}}],"collection":[{"href":"https:\/\/www.europesays.com\/fr\/wp-json\/wp\/v2\/posts"}],"about":[{"href":"https:\/\/www.europesays.com\/fr\/wp-json\/wp\/v2\/types\/post"}],"author":[{"embeddable":true,"href":"https:\/\/www.europesays.com\/fr\/wp-json\/wp\/v2\/users\/2"}],"replies":[{"embeddable":true,"href":"https:\/\/www.europesays.com\/fr\/wp-json\/wp\/v2\/comments?post=280066"}],"version-history":[{"count":0,"href":"https:\/\/www.europesays.com\/fr\/wp-json\/wp\/v2\/posts\/280066\/revisions"}],"wp:featuredmedia":[{"embeddable":true,"href":"https:\/\/www.europesays.com\/fr\/wp-json\/wp\/v2\/media\/280067"}],"wp:attachment":[{"href":"https:\/\/www.europesays.com\/fr\/wp-json\/wp\/v2\/media?parent=280066"}],"wp:term":[{"taxonomy":"category","embeddable":true,"href":"https:\/\/www.europesays.com\/fr\/wp-json\/wp\/v2\/categories?post=280066"},{"taxonomy":"post_tag","embeddable":true,"href":"https:\/\/www.europesays.com\/fr\/wp-json\/wp\/v2\/tags?post=280066"}],"curies":[{"name":"wp","href":"https:\/\/api.w.org\/{rel}","templated":true}]}}