{"id":280068,"date":"2025-07-28T17:18:12","date_gmt":"2025-07-28T17:18:12","guid":{"rendered":"https:\/\/www.europesays.com\/fr\/280068\/"},"modified":"2025-07-28T17:18:12","modified_gmt":"2025-07-28T17:18:12","slug":"a-lille-loic-alias-delo-19-ans-chante-dans-la-rue-pour-se-faire-connaitre","status":"publish","type":"post","link":"https:\/\/www.europesays.com\/fr\/280068\/","title":{"rendered":"\u00c0 Lille, Lo\u00efc, alias Delo, 19 ans, chante dans la rue pour se faire conna\u00eetre"},"content":{"rendered":"<p>            Par<br \/>\n        <strong><br \/>\n            <a href=\"https:\/\/actu.fr\/auteur\/amandine-vachez\" title=\"Consulter tous les articles de Amandine Vachez\" target=\"_blank\" rel=\"noopener\">Amandine Vachez<\/a><br \/>\n        <\/strong><\/p>\n<p>        Publi\u00e9 le<\/p>\n<p>            28 juil. 2025 \u00e0 18h30        <\/p>\n<p><b>Lo\u00efc Dellavedova<\/b>, du haut de ses 19\u00a0ans, n\u2019a pas froid aux yeux. Avec son mat\u00e9riel, il s\u2019installe<b> dans la rue<\/b>, \u00e0 <a href=\"https:\/\/actu.fr\/lille\/\" target=\"_blank\" rel=\"noopener\">Lille<\/a> (Nord), et <b>chante devant les passants.<\/b> Deux micros, une enceinte, un socle pour porter son t\u00e9l\u00e9phone. Il<b> lance sa playlist et enchante les badauds avec sa voix.<\/b> Au fil des chansons, les curieux s\u2019agglutinent. \u00ab\u2009N\u2019h\u00e9sitez pas \u00e0 prendre ma carte, vous pouvez me retrouver sur les r\u00e9seaux sociaux.\u2009\u00bb Ce <b>jeune compositeur et interpr\u00e8te nordiste<\/b> tente de se faire remarquer, et a d\u00e9j\u00e0 un<b> beau parcours musical <\/b>derri\u00e8re lui. Portrait.<\/p>\n<p>\u00ab\u2009Chanter dans la rue, \u00e7a permet de faire de belles rencontres\u2009\u00bb<\/p>\n<p class=\" wall-content\">Mercredi 23\u00a0juillet, en fin d\u2019apr\u00e8s-midi sous un beau soleil, on entendait aux abords de l\u2019op\u00e9ra de Lille une voix qui porte. Sur un air d\u2019Ed Sheeran, un jeune chanteur en tee-shirt, jean et baskets, avec sa m\u00e8che rebelle devant les yeux, attirait la curiosit\u00e9 des passants. On s\u2019est laiss\u00e9 porter par la magie du moment, et on a, comme beaucoup, \u00e9t\u00e9 d\u00e9couvrir l\u2019univers de l\u2019artiste <a href=\"https:\/\/www.instagram.com\/delo_off\/\" target=\"_blank\" rel=\"noopener\">sur Instagram<\/a>. Deux jours plus tard, on a pu accompagner Delo sur une sortie, au m\u00eame endroit. L\u2019occasion de faire son <a href=\"https:\/\/actu.fr\/tag\/portrait\" target=\"_blank\" rel=\"noopener\">portrait<\/a>.<\/p>\n<p class=\" wall-content\"><a href=\"https:\/\/www.instagram.com\/p\/DJ1W5EjoBTb\/embed\" title=\"Ouvrir le lien sur Instagram\" target=\"_blank\" rel=\"noopener\">Visualiser le contenu sur Instagram<\/a><\/p>\n<p class=\" wall-content\">Delo, de son nom d\u2019artiste, est nordiste, originaire de Douai. Il fait de la <a href=\"https:\/\/actu.fr\/tag\/musique\" target=\"_blank\" rel=\"noopener\">musique<\/a> \u00ab\u2009depuis toujours, aussi loin que je m\u2019en souvienne\u2009\u00bb. Il est d\u2019ailleurs le seul, dans sa famille. \u00ab\u2009Mes parents ne sont pas du tout l\u00e0-dedans\u2009\u00bb, sourit-il, avant de nous confier qu\u2019il a \u00ab\u2009l\u2019oreille absolue\u2009\u00bb. Enfant, il a pris tr\u00e8s t\u00f4t des cours de musique. Il est <b>entr\u00e9 au conservatoire \u00e0 14\u00a0ans<\/b> et a \u00e9tudi\u00e9<b> la guitare classique, le chant et le piano.<\/b><\/p>\n<p>    <img   decoding=\"async\" loading=\"lazy\" class=\"size-large\" src=\"https:\/\/www.europesays.com\/fr\/wp-content\/uploads\/2025\/07\/0a54ca92478862e54ca9247880264cv-960x640.jpeg\" alt=\"Du haut de ses 19 ans, Delo n'a pas froid aux yeux. Il chante dans la rue ou \u00e0 la gare Lille-Flandres, notamment.\" width=\"960\" height=\"640\"\/><br \/>\n    Du haut de ses 19\u00a0ans, Delo n\u2019a pas froid aux yeux. Il chante dans la rue ou \u00e0 la gare Lille Flandres, notamment. \u00a9Amandine Vachez<\/p>\n<p class=\" wall-content\">Adolescent, d\u00e9j\u00e0, il chantait dans la rue. \u00ab\u2009Je prenais le train et je venais faire du piano \u00e0 Lille Flandres. Chanter dans la rue, \u00e7a permet de faire de belles rencontres\u2009\u00bb, confie le jeune homme. Les gens s\u2019arr\u00eatent pour profiter du moment, tout simplement. Parfois ils filment. Certains se d\u00e9placent pour mettre une ou plusieurs pi\u00e8ces dans la pochette que laisse Delo \u00e0 cet effet. D\u2019autres prennent simplement sa carte. Le jour de notre venue, une future mari\u00e9e a demand\u00e9 un titre en particulier, du film A Star Is Born.\u00a0 \u00ab\u2009Oui, je la connais tr\u00e8s bien, je l\u2019ai d\u00e9j\u00e0 faite en <a href=\"https:\/\/actu.fr\/tag\/casting\" target=\"_blank\" rel=\"noopener\">casting<\/a>\u2009\u00bb, a r\u00e9pondu l\u2019artiste, qui a \u00e9mu aux larmes la jeune femme et ses amies.<\/p>\n<blockquote class=\"ac-article-quote wall-content\">\n<p>\u00ab\u2009Je chante dans la rue pour me faire conna\u00eetre, mais aussi pour partager ma musique. \u00c0 Lille Flandres, j\u2019ai fait de tr\u00e8s belles rencontres.\u2009\u00bb<\/p>\n<p>Delo.<\/p><\/blockquote>\n<p class=\" wall-content\">Parmi les anecdotes \u00e0 raconter, Delo a, il y a quelques jours, re\u00e7u en cadeau un dessin de lui, en train de chanter. \u00ab\u2009Une fille qui \u00e9tait l\u00e0 a pris le temps de me dessiner et m\u2019a donn\u00e9 ses croquis, c\u2019est fou\u2009!\u2009\u00bb Il \u00e9voque aussi une m\u00e8re et sa fille, qui sont rest\u00e9es tout le temps de sa prestation, attentives.<\/p>\n<p>Castings, grosses sc\u00e8nes et compositions<\/p>\n<p class=\" wall-content\">Ne vous fiez pas \u00e0 l\u2019\u00e2ge de Delo, il a d\u00e9j\u00e0 un joli parcours derri\u00e8re lui\u2009! \u00ab\u2009Je ne chante pas que dans la rue,<b> j\u2019ai d\u00e9j\u00e0 fait des concerts, dans des restaurants, des bars ou sur des sc\u00e8nes<\/b>.\u2009\u00bb Il a notamment<b> chant\u00e9 \u00e0 l\u2019A\u00e9ronef<\/b>, dans le cadre de l\u2019<a href=\"https:\/\/actu.fr\/hauts-de-france\/lille_59350\/a-lille-les-lyceens-de-l-aero-teenage-tour-diffuseront-leur-concert-en-ligne_38887844.html\" target=\"_blank\" rel=\"noopener\">A\u00e9ro Teenage Tour<\/a>, ou encore <b>en 2022 au Z\u00e9nith de Lille avec \u2013 M \u2013<\/b>, qui lui a propos\u00e9 une autre date \u00e0 Bercy devant 20\u2009000 personnes. \u00ab\u2009J\u2019avais 16 ans \u00e0 l\u2019\u00e9poque\u2009\u00bb, confie le jeune homme, encore marqu\u00e9 par cette exp\u00e9rience.<\/p>\n<p>    <img   decoding=\"async\" loading=\"lazy\" class=\"size-large\" src=\"https:\/\/www.europesays.com\/fr\/wp-content\/uploads\/2025\/07\/9395ba924788630a5ba92478856a5bv-960x640.jpeg\" alt=\"Vous avez peut-\u00eatre d\u00e9j\u00e0 vu Delo, de son nom Lo\u00efc Dellavedova, chanter dans la rue \u00e0 Lille (Nord). Il interpr\u00eate des titres connus et les siens.\" width=\"960\" height=\"640\"\/><br \/>\n    Vous avez peut-\u00eatre d\u00e9j\u00e0 vu Delo, de son nom Lo\u00efc Dellavedova, chanter dans la rue \u00e0 Lille (Nord). Il interpr\u00e8te des titres connus et les siens. \u00a9Amandine Vachez<\/p>\n<p class=\" wall-content\">\u00c0 c\u00f4t\u00e9 de \u00e7a, il fait des castings pour se faire remarquer, et <b>compose lui-m\u00eame ses titres.<\/b> Il nous fait \u00e9couter <b>un morceau, pop, \u00e0 la touche jazzy.<\/b> \u00ab\u2009Je travaille sur mes chansons, que j\u2019enregistre en studio, au <a href=\"https:\/\/www.instagram.com\/lgr_studios\/\" target=\"_blank\" rel=\"noopener\">LGR Studio<\/a>, qui a une super \u00e9quipe.\u2009\u00bb Les projets men\u00e9s par Delo sont issus de rencontres, des passionn\u00e9s qui travaillent avec des passionn\u00e9s. \u00ab\u2009La musique est un petit monde. Parfois des amis passent, quand je chante dans la rue, et s\u2019arr\u00eatent pour faire un titre avec moi.\u2009\u00bb<\/p>\n<p>Sur les routes de France pendant l\u2019\u00e9t\u00e9<\/p>\n<p class=\" wall-content\">D\u2019ici peu, Delo va lancer une <b>campagne de financement <\/b>pour \u00eatre aid\u00e9 dans son projet d\u2019opus. <b>Un EP ou un album<\/b>, il ne sait pas encore. \u00ab\u2009Je fais tout en autofinancement. Mais c\u2019est un budget\u2009\u00bb, confie-t-il. D\u2019autant que Delo est, \u00e0 c\u00f4t\u00e9 de \u00e7a, <b>\u00e9tudiant<\/b>. Il vient de valider sa premi\u00e8re ann\u00e9e de proth\u00e9siste dentaire \u00e0 Lille. Id\u00e9alement, il aimerait vivre de la musique, mais assure ses arri\u00e8res.<\/p>\n<p class=\" wall-content\">Au mois d\u2019ao\u00fbt, vous pourrez croiser Delo dans plusieurs endroits. Par exemple si vous \u00eates en vacances dans le sud\u2009! Le musicien va partir en train avec son mat\u00e9riel et s\u2019arr\u00eater dans des villes pour chanter dans la rue. L\u2019occasion pour lui, on l\u2019esp\u00e8re, de faire de jolies rencontres. Et peut-\u00eatre une qui saura faire la diff\u00e9rence pour la suite\u2009!<\/p>\n<p class=\" wall-content\">Suivez toute l\u2019actualit\u00e9 de vos villes et m\u00e9dias favoris en vous inscrivant \u00e0 <a href=\"https:\/\/moncompte.actu.fr\" title=\"D\u00e9couvez Mon Actu\" rel=\"nofollow noopener\" data-trk=\"{&quot;cta&quot;:{&quot;action&quot;:&quot;https:\\\/\\\/moncompte.actu.fr&quot;,&quot;category&quot;:&quot;mon compte&quot;,&quot;from&quot;:&quot;article footer&quot;,&quot;name&quot;:&quot;Mon actu&quot;,&quot;type&quot;:&quot;cta&quot;}}\" target=\"_blank\">Mon Actu<\/a>.<\/p>\n<p>                    <script async src=\"\/\/www.instagram.com\/embed.js\"><\/script><\/p>\n","protected":false},"excerpt":{"rendered":"Par Amandine Vachez Publi\u00e9 le 28 juil. 2025 \u00e0 18h30 Lo\u00efc Dellavedova, du haut de ses 19\u00a0ans, n\u2019a&hellip;\n","protected":false},"author":2,"featured_media":280069,"comment_status":"","ping_status":"","sticky":false,"template":"","format":"standard","meta":{"footnotes":""},"categories":[2815],"tags":[1111,11,1777,674,1011,27,811,1307,1652,873,12,9026,25],"class_list":{"0":"post-280068","1":"post","2":"type-post","3":"status-publish","4":"format-standard","5":"has-post-thumbnail","7":"category-lille","8":"tag-actu","9":"tag-actualites","10":"tag-eu","11":"tag-europe","12":"tag-fr","13":"tag-france","14":"tag-hauts-de-france","15":"tag-lille","16":"tag-loisirs-culture","17":"tag-musique","18":"tag-news","19":"tag-portrait","20":"tag-republique-francaise"},"share_on_mastodon":{"url":"https:\/\/pubeurope.com\/@fr\/114932004006807560","error":""},"_links":{"self":[{"href":"https:\/\/www.europesays.com\/fr\/wp-json\/wp\/v2\/posts\/280068","targetHints":{"allow":["GET"]}}],"collection":[{"href":"https:\/\/www.europesays.com\/fr\/wp-json\/wp\/v2\/posts"}],"about":[{"href":"https:\/\/www.europesays.com\/fr\/wp-json\/wp\/v2\/types\/post"}],"author":[{"embeddable":true,"href":"https:\/\/www.europesays.com\/fr\/wp-json\/wp\/v2\/users\/2"}],"replies":[{"embeddable":true,"href":"https:\/\/www.europesays.com\/fr\/wp-json\/wp\/v2\/comments?post=280068"}],"version-history":[{"count":0,"href":"https:\/\/www.europesays.com\/fr\/wp-json\/wp\/v2\/posts\/280068\/revisions"}],"wp:featuredmedia":[{"embeddable":true,"href":"https:\/\/www.europesays.com\/fr\/wp-json\/wp\/v2\/media\/280069"}],"wp:attachment":[{"href":"https:\/\/www.europesays.com\/fr\/wp-json\/wp\/v2\/media?parent=280068"}],"wp:term":[{"taxonomy":"category","embeddable":true,"href":"https:\/\/www.europesays.com\/fr\/wp-json\/wp\/v2\/categories?post=280068"},{"taxonomy":"post_tag","embeddable":true,"href":"https:\/\/www.europesays.com\/fr\/wp-json\/wp\/v2\/tags?post=280068"}],"curies":[{"name":"wp","href":"https:\/\/api.w.org\/{rel}","templated":true}]}}