{"id":280070,"date":"2025-07-28T17:19:19","date_gmt":"2025-07-28T17:19:19","guid":{"rendered":"https:\/\/www.europesays.com\/fr\/280070\/"},"modified":"2025-07-28T17:19:19","modified_gmt":"2025-07-28T17:19:19","slug":"mercato-psg-lucas-chevalier-tout-proche-de-rejoindre-le-paris-saint-germain-sport","status":"publish","type":"post","link":"https:\/\/www.europesays.com\/fr\/280070\/","title":{"rendered":"Mercato &#8211; PSG. Lucas Chevalier tout proche de rejoindre le Paris Saint-Germain . Sport"},"content":{"rendered":"<p>Le Paris Saint-Germain est actif sur le march\u00e9 des gardiens. <a href=\"https:\/\/rennes.maville.com\/sport\/detail_-mercato.-le-psg-recrute-le-gardien-renato-marin-en-provenance-de-l-as-roma-_54135-6904050_actu.Htm?utm_source=fluxpublicactu&amp;utm_medium=fluxrss&amp;utm_campaign=banquedecontenu\" target=\"_self\" rel=\"noopener\">Apr\u00e8s avoir recrut\u00e9 Renato Marin, pour son poste de 3e gardien<\/a>, c\u2019est cette fois-ci au poste de gardien num\u00e9ro\u00a01 que la direction Parisienne souhaite du sang neuf. Malgr\u00e9 une deuxi\u00e8me partie de saison exceptionnelle, Gianluigi Donnarumma ne fait pas l\u2019unanimit\u00e9 au sein du PSG et ne va pas prolonger avec le club de la capitale. Selon les informations de <a href=\"https:\/\/www.footmercato.net\/a2274593461904941057-accord-verbal-losc-psg-pour-lucas-chevalier\" target=\"_self\" rel=\"noopener\"> Foot Mercato <\/a>, un accord verbal a \u00e9t\u00e9 trouv\u00e9 entre le LOSC et le Paris Saint-Germain pour l\u2019arriv\u00e9e de Lucas Chevalier. <a href=\"https:\/\/rmcsport.bfmtv.com\/football\/transferts\/mercato-le-psg-se-rapproche-d-un-accord-total-avec-lille-pour-lucas-chevalier_AV-202507280391.html\" target=\"_self\" rel=\"noopener\"> RMC Sport <\/a> indique que Lille r\u00e9clame 55\u00a0millions d\u2019euros pour son portier et que Lucas Chevalier est d\u2019accord avec le PSG pour un contrat de cinq ans.<\/p>\n<p>Une concurrence entre les deux gardiens\u00a0?<\/p>\n<p>Plusieurs noms de clubs sont \u00e9voqu\u00e9s pour Gianluigi Donnarumma, qui est pouss\u00e9 vers la sortie par le PSG. Parmi eux, Chelsea ou encore les deux clubs de Manchester sont int\u00e9ress\u00e9s.<\/p>\n<p><strong>Lire aussi\u00a0: <\/strong> <a href=\"https:\/\/rennes.maville.com\/sport\/detail_-psg.-la-reprise-de-l-entrainement-aura-lieu-seulement-une-semaine-avant-le-retour-a-la-competition-_54135-6913531_actu.Htm\" target=\"_self\" rel=\"noopener\">PSG. La reprise de l\u2019entra\u00eenement aura lieu seulement une semaine avant le retour \u00e0 la comp\u00e9tition<\/a><\/p>\n<p><a href=\"https:\/\/rmcsport.bfmtv.com\/football\/transferts\/mercato-le-psg-se-rapproche-d-un-accord-total-avec-lille-pour-lucas-chevalier_AV-202507280391.html\" target=\"_self\" rel=\"noopener\"> RMC Sport <\/a> affirme qu\u2019en interne, il n\u2019est pas impossible de voir Donnarumma et Chevalier en concurrence la saison prochaine.<\/p>\n<p>\u00a0<\/p>\n","protected":false},"excerpt":{"rendered":"Le Paris Saint-Germain est actif sur le march\u00e9 des gardiens. Apr\u00e8s avoir recrut\u00e9 Renato Marin, pour son poste&hellip;\n","protected":false},"author":2,"featured_media":280071,"comment_status":"","ping_status":"","sticky":false,"template":"","format":"standard","meta":{"footnotes":""},"categories":[2815],"tags":[1111,11,3809,1465,1777,674,63,1011,27,1792,811,1922,1307,12,25,479,517,1470],"class_list":{"0":"post-280070","1":"post","2":"type-post","3":"status-publish","4":"format-standard","5":"has-post-thumbnail","7":"category-lille","8":"tag-actu","9":"tag-actualites","10":"tag-ball","11":"tag-basket","12":"tag-eu","13":"tag-europe","14":"tag-football","15":"tag-fr","16":"tag-france","17":"tag-handball","18":"tag-hauts-de-france","19":"tag-info","20":"tag-lille","21":"tag-news","22":"tag-republique-francaise","23":"tag-rugby","24":"tag-sport","25":"tag-volley"},"share_on_mastodon":{"url":"https:\/\/pubeurope.com\/@fr\/114932007828110210","error":""},"_links":{"self":[{"href":"https:\/\/www.europesays.com\/fr\/wp-json\/wp\/v2\/posts\/280070","targetHints":{"allow":["GET"]}}],"collection":[{"href":"https:\/\/www.europesays.com\/fr\/wp-json\/wp\/v2\/posts"}],"about":[{"href":"https:\/\/www.europesays.com\/fr\/wp-json\/wp\/v2\/types\/post"}],"author":[{"embeddable":true,"href":"https:\/\/www.europesays.com\/fr\/wp-json\/wp\/v2\/users\/2"}],"replies":[{"embeddable":true,"href":"https:\/\/www.europesays.com\/fr\/wp-json\/wp\/v2\/comments?post=280070"}],"version-history":[{"count":0,"href":"https:\/\/www.europesays.com\/fr\/wp-json\/wp\/v2\/posts\/280070\/revisions"}],"wp:featuredmedia":[{"embeddable":true,"href":"https:\/\/www.europesays.com\/fr\/wp-json\/wp\/v2\/media\/280071"}],"wp:attachment":[{"href":"https:\/\/www.europesays.com\/fr\/wp-json\/wp\/v2\/media?parent=280070"}],"wp:term":[{"taxonomy":"category","embeddable":true,"href":"https:\/\/www.europesays.com\/fr\/wp-json\/wp\/v2\/categories?post=280070"},{"taxonomy":"post_tag","embeddable":true,"href":"https:\/\/www.europesays.com\/fr\/wp-json\/wp\/v2\/tags?post=280070"}],"curies":[{"name":"wp","href":"https:\/\/api.w.org\/{rel}","templated":true}]}}