{"id":280074,"date":"2025-07-28T17:21:14","date_gmt":"2025-07-28T17:21:14","guid":{"rendered":"https:\/\/www.europesays.com\/fr\/280074\/"},"modified":"2025-07-28T17:21:14","modified_gmt":"2025-07-28T17:21:14","slug":"deux-plages-de-marseille-toujours-fermees-en-raison-de-la-pollution-de-leau","status":"publish","type":"post","link":"https:\/\/www.europesays.com\/fr\/280074\/","title":{"rendered":"deux plages de Marseille toujours ferm\u00e9es en raison de la pollution de l&rsquo;eau"},"content":{"rendered":"<p>Depuis une semaine, les <a href=\"https:\/\/www.laprovence.com\/article\/region\/1875403599485614\/a-marseille-5-plages-du-littoral-sud-fermees-ce-mercredi-a-cause-de-la-pollution-de-leau\" target=\"_blank\" rel=\"noopener\">eaux brunes des plages de l\u2019Huveaune et de Bor\u00e9ly<\/a>, \u00e0 <a href=\"https:\/\/www.laprovence.com\/bouches-du-rhone\/marseille-13055\" target=\"_blank\" rel=\"noopener\">Marseille<\/a> (8e), sont interdites \u00e0 la baignade. Une fermeture anormalement longue, in\u00e9dite en pleine p\u00e9riode estivale, d\u2019abord li\u00e9e \u00e0 un \u00e9pisode pluvieux intense qui a fait d\u00e9border les \u00e9gouts et les syst\u00e8mes d\u2019\u00e9coulement de pluie dans la mer. Mais depuis le milieu de la semaine derni\u00e8re, ce sont <a href=\"https:\/\/www.laprovence.com\/article\/region\/84953957069984\/feux-de-foret-les-bouches-du-rhone-et-le-vaucluse-toujours-places-en-vigilance-rouge-ce-lundi\" target=\"_blank\" rel=\"noopener\">le vent et les courants d\u00e9favorables<\/a> qui rabattent sans cesse vers la c\u00f4te les masses d\u2019eaux souill\u00e9es.<\/p>\n<p>\u00ab\u00a0Nous vous rappelons que l\u2019eau est impropre \u00e0 la baignade. Y plonger sa t\u00eate, ou m\u00eame son orteil, est formellement interdit.\u00a0\u00bb L\u2019annonce des ma\u00eetres-nageurs de la Ville est diffus\u00e9e toutes les demi-heures sur la plage de l\u2019Huveaune.<\/p>\n","protected":false},"excerpt":{"rendered":"Depuis une semaine, les eaux brunes des plages de l\u2019Huveaune et de Bor\u00e9ly, \u00e0 Marseille (8e), sont interdites&hellip;\n","protected":false},"author":2,"featured_media":280075,"comment_status":"","ping_status":"","sticky":false,"template":"","format":"standard","meta":{"footnotes":""},"categories":[2814],"tags":[17,1111,11,4070,1777,674,1011,27,41960,884,12,8302,882,16,25,1447,1810,96],"class_list":{"0":"post-280074","1":"post","2":"type-post","3":"status-publish","4":"format-standard","5":"has-post-thumbnail","7":"category-marseille","8":"tag-17","9":"tag-actu","10":"tag-actualites","11":"tag-deux","12":"tag-eu","13":"tag-europe","14":"tag-fr","15":"tag-france","16":"tag-infernale","17":"tag-marseille","18":"tag-news","19":"tag-plages","20":"tag-provence-alpes-cote-dazur","21":"tag-region","22":"tag-republique-francaise","23":"tag-situation","24":"tag-toujours","25":"tag-une"},"share_on_mastodon":{"url":"https:\/\/pubeurope.com\/@fr\/114932015748761626","error":""},"_links":{"self":[{"href":"https:\/\/www.europesays.com\/fr\/wp-json\/wp\/v2\/posts\/280074","targetHints":{"allow":["GET"]}}],"collection":[{"href":"https:\/\/www.europesays.com\/fr\/wp-json\/wp\/v2\/posts"}],"about":[{"href":"https:\/\/www.europesays.com\/fr\/wp-json\/wp\/v2\/types\/post"}],"author":[{"embeddable":true,"href":"https:\/\/www.europesays.com\/fr\/wp-json\/wp\/v2\/users\/2"}],"replies":[{"embeddable":true,"href":"https:\/\/www.europesays.com\/fr\/wp-json\/wp\/v2\/comments?post=280074"}],"version-history":[{"count":0,"href":"https:\/\/www.europesays.com\/fr\/wp-json\/wp\/v2\/posts\/280074\/revisions"}],"wp:featuredmedia":[{"embeddable":true,"href":"https:\/\/www.europesays.com\/fr\/wp-json\/wp\/v2\/media\/280075"}],"wp:attachment":[{"href":"https:\/\/www.europesays.com\/fr\/wp-json\/wp\/v2\/media?parent=280074"}],"wp:term":[{"taxonomy":"category","embeddable":true,"href":"https:\/\/www.europesays.com\/fr\/wp-json\/wp\/v2\/categories?post=280074"},{"taxonomy":"post_tag","embeddable":true,"href":"https:\/\/www.europesays.com\/fr\/wp-json\/wp\/v2\/tags?post=280074"}],"curies":[{"name":"wp","href":"https:\/\/api.w.org\/{rel}","templated":true}]}}