{"id":280080,"date":"2025-07-28T17:24:28","date_gmt":"2025-07-28T17:24:28","guid":{"rendered":"https:\/\/www.europesays.com\/fr\/280080\/"},"modified":"2025-07-28T17:24:28","modified_gmt":"2025-07-28T17:24:28","slug":"lastuce-de-valerie-pecresse-pour-remplacer-les-voitures-thermiques","status":"publish","type":"post","link":"https:\/\/www.europesays.com\/fr\/280080\/","title":{"rendered":"l&rsquo;astuce de Val\u00e9rie P\u00e9cresse pour remplacer les voitures thermiques"},"content":{"rendered":"<p>            Par<br \/>\n        <strong><br \/>\n            <a href=\"https:\/\/actu.fr\/auteur\/thibault-nadal-actu-fr\" title=\"Consulter tous les articles de Thibault Nadal\" target=\"_blank\" rel=\"noopener\">Thibault Nadal<\/a><br \/>\n        <\/strong><\/p>\n<p>        Publi\u00e9 le<\/p>\n<p>            2 f\u00e9vr. 2025 \u00e0 13h52        <\/p>\n<p>La r\u00e9gion <a href=\"https:\/\/actu.fr\/ile-de-france\/\" target=\"_blank\" rel=\"noopener\">\u00cele-de-France<\/a> au chevet du <a href=\"https:\/\/actu.fr\/tag\/pouvoir-d-achat\" target=\"_blank\" rel=\"noopener\">portefeuille<\/a> de ses habitants. Depuis le 1er\u00a0janvier 2025, l\u2019ensemble des <a href=\"https:\/\/actu.fr\/ile-de-france\/paris_75056\/pass-derogations-plateforme-les-vehicules-crit-air-3-pourront-encore-circuler-dans-la-zfe-du-grand-paris_62010239.html\" target=\"_blank\" rel=\"noopener\">v\u00e9hicules Crit\u2019Air 3<\/a> (et plus, soit les 4, 5 et non class\u00e9s) n\u2019ont plus le droit d\u2019\u00eatre emprunt\u00e9s dans les <strong>77\u00a0communes<\/strong> prenant part \u00e0 <a href=\"https:\/\/actu.fr\/ile-de-france\/paris_75056\/zfe-la-metropole-du-grand-paris-ne-coupera-pas-a-l-interdiction-des-crit-air-3-en-2025_60840471.html\" target=\"_blank\" rel=\"noopener\">la Zone \u00e0 faibles \u00e9missions<\/a> (ZFE) du <a href=\"https:\/\/actu.fr\/tag\/metropole-du-grand-paris\" target=\"_blank\" rel=\"noopener\">Grand Paris<\/a>. Dans le d\u00e9tail, ce sont tous les v\u00e9hicules diesel immatricul\u00e9s avant 2011 et les essences avant 2006, soit <strong>480\u2009000 v\u00e9hicules au total<\/strong> qui n\u2019ont plus le droit de rouler en semaine dans la ZFE.<\/p>\n<p>La r\u00e9gion veut \u00ab\u2009r\u00e9trofiter\u2009\u00bb les v\u00e9hicules thermiques<\/p>\n<p class=\" wall-content\">Face \u00e0 cette situation et pour aider les m\u00e9nages les plus modestes, <a href=\"https:\/\/actu.fr\/tag\/valerie-pecresse\" target=\"_blank\" rel=\"noopener\">Val\u00e9rie P\u00e9cresse<\/a> et ses \u00e9quipes ont adopt\u00e9 ce jeudi 30\u00a0janvier 2025 \u00ab\u2009la premi\u00e8re prime \u00e0 la non-casse, un bonus <a href=\"https:\/\/actu.fr\/tag\/ecologie\" target=\"_blank\" rel=\"noopener\">\u00e9cologique<\/a> pour les particuliers, pour les entreprises et les collectivit\u00e9s\u2009\u00bb.<\/p>\n<p class=\" wall-content\">Mais ce coup de pouce a une petite particularit\u00e9\u2009: il permet de \u00ab\u2009r\u00e9trofiter\u2009\u00bb son v\u00e9hicule thermique. Concr\u00e8tement, <strong>votre voiture ne sera pas envoy\u00e9e \u00e0 la casse, mais \u00ab\u2009transformer en \u00e9lectrique\u2009\u00bb<\/strong>.<\/p>\n<p class=\" wall-content\">La r\u00e9gion explique que mettre \u00ab\u2009hors-service un v\u00e9hicule fonctionnel plut\u00f4t que de le r\u00e9employer en l\u2019\u00e9lectrifiant est <strong>un non-sens \u00e9cologique<\/strong>\u2009\u00bb. \u00ab\u2009Notre adversaire n\u2019est pas la voiture\u2009: c\u2019est la voiture polluante\u2009!\u2009\u00bb, commente Val\u00e9rie P\u00e9cresse dans le communiqu\u00e9.<\/p>\n<blockquote class=\"ac-article-quote wall-content\">\n<p>Cette nouvelle fili\u00e8re fran\u00e7aise est tr\u00e8s vertueuse environnementalement : en prolongeant la dur\u00e9e de vie d&rsquo;un v\u00e9hicule existant, r\u00e9trofiter une voiture citadine \u00e9met deux fois moins de gaz \u00e0 effet de serre que l&rsquo;acquisition d&rsquo;une voiture \u00e9lectrique neuve.<\/p>\n<p>    <strong>R\u00e9gion \u00cele-de-France<\/strong>\n            <\/p><\/blockquote>\n<p>Une prime de 6\u2009000\u00a0euros<\/p>\n<p class=\" wall-content\">Prise <strong>\u00ab\u2009dans un contexte budg\u00e9taire difficile\u2009\u00bb<\/strong>, cette mesure doit profiter \u00e0 une large partie de la population francilienne. Pour les voitures, le coup de pouce s\u2019\u00e9l\u00e8ve \u00e0 6\u2009000\u00a0euros et \u00e0 <strong>1\u2009000\u00a0euros pour les propri\u00e9taires d\u2019un deux-roues<\/strong>.<\/p>\n<p class=\" wall-content\">Les entreprises de plus de 50 salari\u00e9s peuvent aussi en b\u00e9n\u00e9ficier, tout comme les collectivit\u00e9s locales de moins de 10\u2009000\u00a0habitants.<\/p>\n<p class=\" wall-content\">Avec cette nouvelle aide, la r\u00e9gion \u2013 qui est la premi\u00e8re \u00e0 choisir cette fili\u00e8re dans tout le pays \u2013 souhaite pallier <strong>la fin de la prime \u00e0 la conversion depuis le 2\u00a0d\u00e9cembre 2024<\/strong>.<\/p>\n<p class=\" wall-content\">Suivez toute l\u2019actualit\u00e9 de vos villes et m\u00e9dias favoris en vous inscrivant \u00e0 <a href=\"https:\/\/moncompte.actu.fr\" title=\"D\u00e9couvez Mon Actu\" rel=\"nofollow noopener\" data-trk=\"{&quot;cta&quot;:{&quot;action&quot;:&quot;https:\\\/\\\/moncompte.actu.fr&quot;,&quot;category&quot;:&quot;mon compte&quot;,&quot;from&quot;:&quot;article footer&quot;,&quot;name&quot;:&quot;Mon actu&quot;,&quot;type&quot;:&quot;cta&quot;}}\" target=\"_blank\">Mon Actu<\/a>.<\/p>\n","protected":false},"excerpt":{"rendered":"Par Thibault Nadal Publi\u00e9 le 2 f\u00e9vr. 2025 \u00e0 13h52 La r\u00e9gion \u00cele-de-France au chevet du portefeuille de&hellip;\n","protected":false},"author":2,"featured_media":280081,"comment_status":"","ping_status":"","sticky":false,"template":"","format":"standard","meta":{"footnotes":""},"categories":[1592],"tags":[1111,11,646,33,1777,674,1011,27,662,12,626,2922,25,2328],"class_list":{"0":"post-280080","1":"post","2":"type-post","3":"status-publish","4":"format-standard","5":"has-post-thumbnail","7":"category-ile-de-france","8":"tag-actu","9":"tag-actualites","10":"tag-automobile","11":"tag-economie","12":"tag-eu","13":"tag-europe","14":"tag-fr","15":"tag-france","16":"tag-ile-de-france","17":"tag-news","18":"tag-paris","19":"tag-pouvoir-dachat","20":"tag-republique-francaise","21":"tag-valerie-pecresse"},"share_on_mastodon":{"url":"https:\/\/pubeurope.com\/@fr\/114932027390593837","error":""},"_links":{"self":[{"href":"https:\/\/www.europesays.com\/fr\/wp-json\/wp\/v2\/posts\/280080","targetHints":{"allow":["GET"]}}],"collection":[{"href":"https:\/\/www.europesays.com\/fr\/wp-json\/wp\/v2\/posts"}],"about":[{"href":"https:\/\/www.europesays.com\/fr\/wp-json\/wp\/v2\/types\/post"}],"author":[{"embeddable":true,"href":"https:\/\/www.europesays.com\/fr\/wp-json\/wp\/v2\/users\/2"}],"replies":[{"embeddable":true,"href":"https:\/\/www.europesays.com\/fr\/wp-json\/wp\/v2\/comments?post=280080"}],"version-history":[{"count":0,"href":"https:\/\/www.europesays.com\/fr\/wp-json\/wp\/v2\/posts\/280080\/revisions"}],"wp:featuredmedia":[{"embeddable":true,"href":"https:\/\/www.europesays.com\/fr\/wp-json\/wp\/v2\/media\/280081"}],"wp:attachment":[{"href":"https:\/\/www.europesays.com\/fr\/wp-json\/wp\/v2\/media?parent=280080"}],"wp:term":[{"taxonomy":"category","embeddable":true,"href":"https:\/\/www.europesays.com\/fr\/wp-json\/wp\/v2\/categories?post=280080"},{"taxonomy":"post_tag","embeddable":true,"href":"https:\/\/www.europesays.com\/fr\/wp-json\/wp\/v2\/tags?post=280080"}],"curies":[{"name":"wp","href":"https:\/\/api.w.org\/{rel}","templated":true}]}}