{"id":280082,"date":"2025-07-28T17:26:12","date_gmt":"2025-07-28T17:26:12","guid":{"rendered":"https:\/\/www.europesays.com\/fr\/280082\/"},"modified":"2025-07-28T17:26:12","modified_gmt":"2025-07-28T17:26:12","slug":"legislative-a-paris-lr-investit-michel-barnier-comme-candidat","status":"publish","type":"post","link":"https:\/\/www.europesays.com\/fr\/280082\/","title":{"rendered":"L\u00e9gislative \u00e0 Paris : LR investit Michel Barnier comme candidat"},"content":{"rendered":"<p>Selon plusieurs sources concordantes aupr\u00e8s de l\u2019AFP, Michel Barnier aurait \u00e9t\u00e9 investi par LR pour \u00eatre candidat lors de l\u2019\u00e9lection l\u00e9gislative partielle dans la deuxi\u00e8me circonscription de Paris. L\u2019investiture \u00e9tait \u00e9galement convoit\u00e9e par la ministre de la Culture, Rachida Dati, \u00e9galement pressentie pour l\u2019\u00e9lection municipale de 2026 dans la capitale. Alors que l\u2019\u00e9lection l\u00e9gislative doit se tenir au plus tard en octobre, la ministre de la Culture aurait annonc\u00e9, devant la commission nationale d\u2019investiture de LR, qu\u2019elle serait candidate dans la deuxi\u00e8me circonscription de la capitale quoi qu\u2019il arrive.\u00a0<\/p>\n<p>\u00ab Cette \u00e9lection ne peut pas servir qu\u2019\u00e0 porter les ambitions pr\u00e9sidentielles de Michel Barnier. C\u2019est un manque de respect pour tout le monde, en plus de son parachutage \u00bb, d\u00e9plore Rachida Dati dans une interview accord\u00e9e au Parisien, reprochant \u00e0 son concurrent d\u2019avoir \u00e9t\u00e9 \u00ab pouss\u00e9 par ceux qui veulent m\u2019emp\u00eacher de gagner Paris \u00bb.<\/p>\n<p>(Avec AFP)<\/p>\n","protected":false},"excerpt":{"rendered":"Selon plusieurs sources concordantes aupr\u00e8s de l\u2019AFP, Michel Barnier aurait \u00e9t\u00e9 investi par LR pour \u00eatre candidat lors&hellip;\n","protected":false},"author":2,"featured_media":280083,"comment_status":"","ping_status":"","sticky":false,"template":"","format":"standard","meta":{"footnotes":""},"categories":[1888],"tags":[1111,1928,11,1927,1777,674,1011,27,3228,27636,12,1926,626,1925,316,417,25],"class_list":{"0":"post-280082","1":"post","2":"type-post","3":"status-publish","4":"format-standard","5":"has-post-thumbnail","7":"category-paris","8":"tag-actu","9":"tag-actu-paris","10":"tag-actualites","11":"tag-actualites-paris","12":"tag-eu","13":"tag-europe","14":"tag-fr","15":"tag-france","16":"tag-lr","17":"tag-michel-barnier","18":"tag-news","19":"tag-news-paris","20":"tag-paris","21":"tag-paris-news","22":"tag-politique","23":"tag-rachida-dati","24":"tag-republique-francaise"},"share_on_mastodon":{"url":"https:\/\/pubeurope.com\/@fr\/114932035326583078","error":""},"_links":{"self":[{"href":"https:\/\/www.europesays.com\/fr\/wp-json\/wp\/v2\/posts\/280082","targetHints":{"allow":["GET"]}}],"collection":[{"href":"https:\/\/www.europesays.com\/fr\/wp-json\/wp\/v2\/posts"}],"about":[{"href":"https:\/\/www.europesays.com\/fr\/wp-json\/wp\/v2\/types\/post"}],"author":[{"embeddable":true,"href":"https:\/\/www.europesays.com\/fr\/wp-json\/wp\/v2\/users\/2"}],"replies":[{"embeddable":true,"href":"https:\/\/www.europesays.com\/fr\/wp-json\/wp\/v2\/comments?post=280082"}],"version-history":[{"count":0,"href":"https:\/\/www.europesays.com\/fr\/wp-json\/wp\/v2\/posts\/280082\/revisions"}],"wp:featuredmedia":[{"embeddable":true,"href":"https:\/\/www.europesays.com\/fr\/wp-json\/wp\/v2\/media\/280083"}],"wp:attachment":[{"href":"https:\/\/www.europesays.com\/fr\/wp-json\/wp\/v2\/media?parent=280082"}],"wp:term":[{"taxonomy":"category","embeddable":true,"href":"https:\/\/www.europesays.com\/fr\/wp-json\/wp\/v2\/categories?post=280082"},{"taxonomy":"post_tag","embeddable":true,"href":"https:\/\/www.europesays.com\/fr\/wp-json\/wp\/v2\/tags?post=280082"}],"curies":[{"name":"wp","href":"https:\/\/api.w.org\/{rel}","templated":true}]}}