{"id":280084,"date":"2025-07-28T17:27:12","date_gmt":"2025-07-28T17:27:12","guid":{"rendered":"https:\/\/www.europesays.com\/fr\/280084\/"},"modified":"2025-07-28T17:27:12","modified_gmt":"2025-07-28T17:27:12","slug":"cette-legislative-partielle-a-paris-tourne-bien-au-psychodrame-a-droite","status":"publish","type":"post","link":"https:\/\/www.europesays.com\/fr\/280084\/","title":{"rendered":"cette l\u00e9gislative partielle \u00e0 Paris tourne bien au psychodrame \u00e0 droite"},"content":{"rendered":"<p>AFP Videos &#8211; France<\/p>\n<p><a class=\"Td(n) C($inherit) LineClamp(2,45px) D(f) rapidnofollow\" data-uuid=\"9489defa-d269-34c2-9462-d7a8e05a2681\" href=\"https:\/\/fr.news.yahoo.com\/r%C3%A9publicains-r%C3%A9unissent-%C3%A9viter-guerre-fratricide-153059149.html\" data-ylk=\"elm:hdln;itc:0;pos:1;sec:strm;subsec:moreforyou;cpos:9;ct:video;g:9489defa-d269-34c2-9462-d7a8e05a2681\" data-hosted-type=\"HOSTED\" target=\"_blank\" rel=\"noopener\">Les R\u00e9publicains se r\u00e9unissent pour \u00e9viter une guerre fratricide \u00e0 Paris<\/a><\/p>\n<p class=\"M(0) C($summaryColor) Fz(14px) Lh(1.43em) LineClamp(3,60px)\">Les R\u00e9publicains ont entam\u00e9 lundi une r\u00e9union d\u00e9terminante pour \u00e9viter une guerre fratricide entre Michel Barnier et Rachida Dati, qui envisagent tous deux de se pr\u00e9senter \u00e0 la rentr\u00e9e \u00e0 une l\u00e9gislative partielle dans la deuxi\u00e8me circonscription de Paris.L&rsquo;ancien chef du gouvernement et la ministre de la Culture sont arriv\u00e9s en fin d&rsquo;apr\u00e8s-midi pour participer \u00e0 la r\u00e9union de la commission nationale d&rsquo;investiture (CNI), pr\u00e9sid\u00e9e par la ministre de l&rsquo;Agriculture Annie Genevard.\u00a0\u00bbJe ne suis candidat contre personne, ou plut\u00f4t avec tout le monde\u00a0\u00bb, a d\u00e9clar\u00e9 \u00e0 la presse Michel Barnier, assurant qu&rsquo;il \u00e9tait \u00ab\u00a0tr\u00e8s d\u00e9termin\u00e9, tr\u00e8s humble\u00a0\u00bb. Rachida Dati a refus\u00e9, en revanche, de faire des d\u00e9clarations.Selon une source LR, tous deux disposeront de 15 minutes pour d\u00e9fendre leur candidature et la CNI devrait ensuite voter, si Rachida Dati pr\u00e9sentait officiellement la sienne. Jusqu&rsquo;\u00e0 pr\u00e9sent, elle a seulement fait savoir \u00e0 des proches qu&rsquo;elle envisageait de se lancer dans la course.\u00a0\u00a0Michel Barnier, \u00e9ph\u00e9m\u00e8re Premier ministre, s&rsquo;est port\u00e9 candidat le 15 juillet, quelques jours apr\u00e8s la d\u00e9cision du Conseil constitutionnel de d\u00e9clarer in\u00e9ligible le macroniste Jean Laussucq.Pour tenter d&rsquo;\u00e9viter une nouvelle guerre interne dont le parti est coutumier, une r\u00e9union s&rsquo;est tenue \u00ab\u00a0dimanche soir\u00a0\u00bb entre les deux int\u00e9ress\u00e9s autour de Bruno Retailleau, selon l&rsquo;entourage du pr\u00e9sident du parti, \u00e9galement ministre de l&rsquo;Int\u00e9rieur.\u00a0\u00bbLes deux ambitions \u2013 la mairie de Paris pour Rachida Dati et la l\u00e9gislative partielle pour Michel Barnier \u2013 sont compatibles\u00a0\u00bb, a assur\u00e9 dans le JDD Annie Genevard, pr\u00e9sidente de la CNI et proche du patron de LR.\u00a0&#8211; \u00ab\u00a0Psychodrames\u00a0\u00bb -A priori, une surprise semble improbable.\u00a0Le pr\u00e9sident des R\u00e9publicains a d&rsquo;ores et d\u00e9j\u00e0 apport\u00e9 son soutien au Savoyard. Et la CNI, dont la composition a \u00e9t\u00e9 remani\u00e9e il y a \u00e0 peine un mois, est favorable au ministre de l&rsquo;Int\u00e9rieur.Mais, \u00ab\u00a0il faut trancher le sujet au plus vite, pour ne pas s&rsquo;exposer \u00e0 des psychodrames et partir en campagne\u00a0\u00bb, a mis en garde samedi dans Le Parisien Jean-Fran\u00e7ois Cop\u00e9, l&rsquo;ancien patron de l&rsquo;UMP (avant LR), longtemps en conflit ouvert avec Fran\u00e7ois Fillon.Exclue des R\u00e9publicains en 2024 apr\u00e8s avoir \u00e9t\u00e9 d\u00e9bauch\u00e9e par Gabriel Attal pour entrer dans son gouvernement comme ministre de la Culture, Rachida Dati a repris sa carte chez LR. Pendant la campagne interne \u00e0 la pr\u00e9sidence du parti, son entourage a soutenu Laurent Wauquiez face au ministre de l&rsquo;Int\u00e9rieur.Sa col\u00e8re contre Michel Barnier est-elle retomb\u00e9e ? Lors d&rsquo;une r\u00e9union publique, elle l&rsquo;a r\u00e9cemment accus\u00e9 d&rsquo;\u00eatre \u00ab\u00a0instrumentalis\u00e9 par certains qui veulent la division\u00a0\u00bb.Ces tensions surgissent \u00e0 huit mois des municipales. Des proches de Rachida Dati, renvoy\u00e9e la semaine derni\u00e8re en proc\u00e8s pour corruption et trafic d&rsquo;influence, disent craindre que Michel Barnier ait lui aussi des ambitions pour l&rsquo;H\u00f4tel de Ville si elle ne pouvait pas se pr\u00e9senter, ce que l&rsquo;int\u00e9ress\u00e9 a d\u00e9menti.A ce stade, Les R\u00e9publicains n&rsquo;ont pas apport\u00e9 leur soutien \u00e0 la ministre pour la mairie de Paris.\u00a0\u00bbCe n&rsquo;est plus seulement une question de personnalit\u00e9 mais d&rsquo;\u00e9quilibre\u00a0\u00bb, s&rsquo;est content\u00e9 de commenter Bruno Retailleau.- Sortir \u00ab\u00a0par le haut\u00a0\u00bb -\u00ab\u00a0On peut sortir par le haut de cette histoire. Michel Barnier devrait dire tr\u00e8s clairement qu&rsquo;il soutient Rachida Dati\u00a0\u00bb pour l&rsquo;H\u00f4tel de Ville, commente \u00e0 l&rsquo;AFP le maire LR du 6e arrondissement Jean-Pierre Lecoq, proche de la ministre.Mais la strat\u00e9gie du Savoyard, qui nourrit des ambitions pr\u00e9sidentielles, suscite des interrogations au sein de LR. Un cadre du parti le soup\u00e7onne \u00ab\u00a0de briguer la pr\u00e9sidence du groupe des d\u00e9put\u00e9s\u00a0\u00bb, actuellement occup\u00e9e par Laurent Wauquiez.Pour corser le tout, les autres membres de la coalition gouvernementale n&rsquo;ont gu\u00e8re appr\u00e9ci\u00e9 sa fa\u00e7on de faire, \u00e0 l&rsquo;image de Gabriel Attal qui a \u00ab\u00a0regrett\u00e9\u00a0\u00bb que LR ne se soit pas coordonn\u00e9 avec Renaissance, alors que le d\u00e9put\u00e9 sortant si\u00e9geait dans les rangs du parti pr\u00e9sidentiel.Ces divisions pourraient ravir la gauche. Elle avait cr\u00e9\u00e9 la surprise l&rsquo;an dernier en parvenant \u00e0 se glisser au second tour dans cette circonscription, longtemps consid\u00e9r\u00e9e comme \u00ab\u00a0imperdable\u00a0\u00bb par la droite. Les socialistes doivent choisir leur candidat dans les jours qui viennent. \u00a0Quant \u00e0 Thierry Mariani, ex-ministre de Nicolas Sarkozy pass\u00e9 au Rassemblement national, il pr\u00e9tend \u00e9galement \u00e0 cette circonscription qui couvre une grande partie des hupp\u00e9s 5e, 6e et 7e arrondissements parisiens et qu&rsquo;il pr\u00e9sente comme \u00ab\u00a0the place to be\u00a0\u00bb.arz\/are\/jco<\/p>\n","protected":false},"excerpt":{"rendered":"AFP Videos &#8211; France Les R\u00e9publicains se r\u00e9unissent pour \u00e9viter une guerre fratricide \u00e0 Paris Les R\u00e9publicains ont&hellip;\n","protected":false},"author":2,"featured_media":280085,"comment_status":"","ping_status":"","sticky":false,"template":"","format":"standard","meta":{"footnotes":""},"categories":[1888],"tags":[22794,1111,1928,11,1927,1013,33380,1777,674,1011,27,39207,27636,2616,12,1926,626,1925,25],"class_list":{"0":"post-280084","1":"post","2":"type-post","3":"status-publish","4":"format-standard","5":"has-post-thumbnail","7":"category-paris","8":"tag-7e-arrondissement-de-paris","9":"tag-actu","10":"tag-actu-paris","11":"tag-actualites","12":"tag-actualites-paris","13":"tag-bruno-retailleau","14":"tag-dati","15":"tag-eu","16":"tag-europe","17":"tag-fr","18":"tag-france","19":"tag-legislative-partielle","20":"tag-michel-barnier","21":"tag-ministre-de-la-culture","22":"tag-news","23":"tag-news-paris","24":"tag-paris","25":"tag-paris-news","26":"tag-republique-francaise"},"share_on_mastodon":{"url":"https:\/\/pubeurope.com\/@fr\/114932039236399093","error":""},"_links":{"self":[{"href":"https:\/\/www.europesays.com\/fr\/wp-json\/wp\/v2\/posts\/280084","targetHints":{"allow":["GET"]}}],"collection":[{"href":"https:\/\/www.europesays.com\/fr\/wp-json\/wp\/v2\/posts"}],"about":[{"href":"https:\/\/www.europesays.com\/fr\/wp-json\/wp\/v2\/types\/post"}],"author":[{"embeddable":true,"href":"https:\/\/www.europesays.com\/fr\/wp-json\/wp\/v2\/users\/2"}],"replies":[{"embeddable":true,"href":"https:\/\/www.europesays.com\/fr\/wp-json\/wp\/v2\/comments?post=280084"}],"version-history":[{"count":0,"href":"https:\/\/www.europesays.com\/fr\/wp-json\/wp\/v2\/posts\/280084\/revisions"}],"wp:featuredmedia":[{"embeddable":true,"href":"https:\/\/www.europesays.com\/fr\/wp-json\/wp\/v2\/media\/280085"}],"wp:attachment":[{"href":"https:\/\/www.europesays.com\/fr\/wp-json\/wp\/v2\/media?parent=280084"}],"wp:term":[{"taxonomy":"category","embeddable":true,"href":"https:\/\/www.europesays.com\/fr\/wp-json\/wp\/v2\/categories?post=280084"},{"taxonomy":"post_tag","embeddable":true,"href":"https:\/\/www.europesays.com\/fr\/wp-json\/wp\/v2\/tags?post=280084"}],"curies":[{"name":"wp","href":"https:\/\/api.w.org\/{rel}","templated":true}]}}