{"id":280092,"date":"2025-07-28T17:31:09","date_gmt":"2025-07-28T17:31:09","guid":{"rendered":"https:\/\/www.europesays.com\/fr\/280092\/"},"modified":"2025-07-28T17:31:09","modified_gmt":"2025-07-28T17:31:09","slug":"un-collectif-transforme-un-camion-de-pompiers-en-cabinet-dentaire-mobile-pour-venir-en-aide-aux-ukrainiens","status":"publish","type":"post","link":"https:\/\/www.europesays.com\/fr\/280092\/","title":{"rendered":"Un collectif transforme un camion de pompiers en cabinet dentaire mobile pour venir en aide aux Ukrainiens"},"content":{"rendered":"<p>Un camion de pompiers rouge tr\u00f4ne dans le jardin d\u2019Yves et Florence Delmas, au milieu des oliviers \u00e0 Auriol. \u00c0 l\u2019int\u00e9rieur y est am\u00e9nag\u00e9 un cabinet de soins mobile. Le camion prendra bient\u00f4t la route pour l\u2019Ukraine. \u00ab\u00a0On fait la part du colibri\u00a0: petit \u00e0 petit, on essaye d\u2019aider\u00a0\u00bb, explique Yves Delmas. C\u2019est cette philosophie que le retrait\u00e9 de 80\u00a0ans a choisi d\u2019adopter vis-\u00e0-vis du conflit qui fait rage en Ukraine depuis plus de trois ans.<\/p>\n<p>Un projet presque pr\u00eat \u00e0 voir le jour<\/p>\n<p>Face \u00e0 l\u2019horreur de la guerre, le collectif auriolais Solidarit\u00e9 Ukraine Auriol &amp; Pays d\u2019Aubagne et de l\u2019Etoile se constitue d\u00e8s f\u00e9vrier\u00a02022. Yves et Florence, qui viennent d\u2019<a href=\"https:\/\/www.laprovence.com\/article\/societe\/34132589450303\/nombre-hebergement-emploi-que-sait-on-des-refugies-ukrainiens-en-provence-deux-ans-apres-le-debut-de-la-guerre\" target=\"_blank\" rel=\"nofollow noopener\">accueillir une famille de r\u00e9fugi\u00e9s ukrainiens<\/a>, y adh\u00e8rent rapidement. Le collectif, devenu association depuis, r\u00e9alise des actions pour aider les civils et les soldats sur le front\u00a0: envoi de v\u00e9hicules, de m\u00e9dicaments, de mat\u00e9riel,\u00a0etc. Florence s\u2019occupe de r\u00e9cup\u00e9rer des m\u00e9dicaments gr\u00e2ce au r\u00e9seau d\u2019un m\u00e9decin.\u00a0\u00ab\u00a0Le but, c\u2019est d\u2019enlever les m\u00e9dicaments p\u00e9rim\u00e9s puis de ranger les bo\u00eetes par cat\u00e9gorie et date\u00a0\u00bb, explique l\u2019ancienne pharmacienne de 77\u00a0ans.<\/p>\n","protected":false},"excerpt":{"rendered":"Un camion de pompiers rouge tr\u00f4ne dans le jardin d\u2019Yves et Florence Delmas, au milieu des oliviers \u00e0&hellip;\n","protected":false},"author":2,"featured_media":280093,"comment_status":"","ping_status":"","sticky":false,"template":"","format":"standard","meta":{"footnotes":""},"categories":[1590],"tags":[17,11,41848,660,7819,41961,1777,674,26280,12,1311,104,7784,220],"class_list":{"0":"post-280092","1":"post","2":"type-post","3":"status-publish","4":"format-standard","5":"has-post-thumbnail","7":"category-ukraine","8":"tag-17","9":"tag-actualites","10":"tag-cabinet","11":"tag-camion","12":"tag-collectif","13":"tag-dentaire","14":"tag-eu","15":"tag-europe","16":"tag-mobile","17":"tag-news","18":"tag-pompiers","19":"tag-societe","20":"tag-transforme","21":"tag-ukraine"},"share_on_mastodon":{"url":"https:\/\/pubeurope.com\/@fr\/114932054994517225","error":""},"_links":{"self":[{"href":"https:\/\/www.europesays.com\/fr\/wp-json\/wp\/v2\/posts\/280092","targetHints":{"allow":["GET"]}}],"collection":[{"href":"https:\/\/www.europesays.com\/fr\/wp-json\/wp\/v2\/posts"}],"about":[{"href":"https:\/\/www.europesays.com\/fr\/wp-json\/wp\/v2\/types\/post"}],"author":[{"embeddable":true,"href":"https:\/\/www.europesays.com\/fr\/wp-json\/wp\/v2\/users\/2"}],"replies":[{"embeddable":true,"href":"https:\/\/www.europesays.com\/fr\/wp-json\/wp\/v2\/comments?post=280092"}],"version-history":[{"count":0,"href":"https:\/\/www.europesays.com\/fr\/wp-json\/wp\/v2\/posts\/280092\/revisions"}],"wp:featuredmedia":[{"embeddable":true,"href":"https:\/\/www.europesays.com\/fr\/wp-json\/wp\/v2\/media\/280093"}],"wp:attachment":[{"href":"https:\/\/www.europesays.com\/fr\/wp-json\/wp\/v2\/media?parent=280092"}],"wp:term":[{"taxonomy":"category","embeddable":true,"href":"https:\/\/www.europesays.com\/fr\/wp-json\/wp\/v2\/categories?post=280092"},{"taxonomy":"post_tag","embeddable":true,"href":"https:\/\/www.europesays.com\/fr\/wp-json\/wp\/v2\/tags?post=280092"}],"curies":[{"name":"wp","href":"https:\/\/api.w.org\/{rel}","templated":true}]}}