{"id":280094,"date":"2025-07-28T17:32:15","date_gmt":"2025-07-28T17:32:15","guid":{"rendered":"https:\/\/www.europesays.com\/fr\/280094\/"},"modified":"2025-07-28T17:32:15","modified_gmt":"2025-07-28T17:32:15","slug":"droits-de-douane-etats-unis-europe-que-dasymetries","status":"publish","type":"post","link":"https:\/\/www.europesays.com\/fr\/280094\/","title":{"rendered":"Droits de douane : Etats-Unis-Europe, que d&rsquo;asym\u00e9tries"},"content":{"rendered":"<p>        <a class=\"Link \" href=\"https:\/\/www.lopinion.fr\/economie\/lunion-europeenne-defend-son-accord-commercial-noue-avec-donald-trump\" data-cms-ai=\"0\" rel=\"nofollow noopener\" target=\"_blank\">L&rsquo;Union europ\u00e9enne d\u00e9fend son accord commercial nou\u00e9 avec Donald Trump<\/a><\/p>\n<p>l&rsquo;Opinion (avec AFP)<\/p>\n<p>Bruxelles &#8211; Un \u00abbon\u00bb compromis ou une capitulation face \u00e0 Trump? L\u2019Union europ\u00e9enne a cherch\u00e9 lundi \u00e0 d\u00e9fendre son accord commercial nou\u00e9 avec les Etats-Unis, qui suscite des r\u00e9actions tr\u00e8s contrast\u00e9es des capitales et grandes industries. \u00abJe suis 100% s\u00fbr que cet accord est meilleur qu\u2019une guerre commerciale avec les Etats-Unis\u00bb, a affirm\u00e9 le n\u00e9gociateur en chef de l\u2019UE, Maros Sefcovic, lors d\u2019une conf\u00e9rence de presse. \u00abC\u2019est clairement le meilleur accord que nous pouvions obtenir dans des circonstances tr\u00e8s difficiles\u00bb, a revendiqu\u00e9 ce commissaire europ\u00e9en, responsable des tractations avec Washington au nom des 27 Etats membres. Scell\u00e9 dimanche en Ecosse par la cheffe de la Commission, Ursula von der Leyen, et Donald Trump, le \u00abdeal\u00bb pr\u00e9voit une taxe de 15% sur les produits europ\u00e9ens export\u00e9s aux Etats-Unis. C\u2019est bien plus que le taux en vigueur avant le retour au pouvoir du pr\u00e9sident am\u00e9ricain. Mais bien moins que ce que le milliardaire r\u00e9publicain mena\u00e7ait d\u2019imposer au Vieux continent, faute d\u2019accord. En plus des droits de douane impos\u00e9s aux produits europ\u00e9ens, l\u2019UE s\u2019est engag\u00e9e \u00e0 750 milliards de dollars d\u2019achats d&rsquo;\u00e9nergie et \u00e0 600 milliards d\u2019investissements suppl\u00e9mentaires aux Etats-Unis. Les autres modalit\u00e9s ne sont pas encore connues et devraient \u00eatre partag\u00e9es par l\u2019UE et les Etats-Unis dans une d\u00e9claration commune au cours des prochains jours. Mais l\u2019accord a d\u00e9j\u00e0 fait bondir plusieurs capitales. Le Premier ministre fran\u00e7ais Fran\u00e7ois Bayrou a accus\u00e9 l\u2019Europe de se \u00absoumettre\u00bb aux Etats-Unis, et regrett\u00e9 un \u00abjour sombre\u00bb. Pour le dirigeant hongrois Viktor Orban, tr\u00e8s critique de Bruxelles, Donald Trump n\u2019a fait qu\u2019une bouch\u00e9e de la Commission europ\u00e9enne, charg\u00e9e de n\u00e9gocier cet accord commercial au nom des 27 Etats membres. \u00abCela ressemble un peu \u00e0 une capitulation\u00bb, note Alberto Rizzi, analyste aupr\u00e8s du Conseil europ\u00e9en pour les affaires \u00e9trang\u00e8res (ECFR). L\u2019accord accept\u00e9 par l\u2019UE est \u00abassez d\u00e9s\u00e9quilibr\u00e9\u00bb, a affirm\u00e9 l\u2019expert \u00e0 l\u2019AFP, voyant l\u00e0 une \u00abvictoire politique pour Trump\u00bb. Ce partenariat commercial a m\u00eame \u00e9t\u00e9 raill\u00e9 par Moscou, qui a moqu\u00e9 les cons\u00e9quences \u00abtr\u00e8s dures\u00bb pour l\u2019industrie europ\u00e9enne. \u00abLe mieux qu\u2019on pouvait obtenir\u00bb La pr\u00e9sidente de la Commission europ\u00e9enne a au contraire d\u00e9fendu un \u00abbon accord\u00bb assurant qu\u2019il apporterait \u00abde la stabilit\u00e9\u00bb aux consommateurs, investisseurs et industriels des deux c\u00f4t\u00e9s de l\u2019Atlantique. L\u2019accord permet d\u2019\u00a0\u00bb\u00e9viter une escalade inutile\u00bb, a estim\u00e9 le chancelier allemand Friedrich Merz. Il \u00e9vite un sc\u00e9nario \u00abpotentiellement d\u00e9vastateur\u00bb, a rench\u00e9ri la cheffe du gouvernement italien Giorgia Meloni. A Bruxelles, on admet que le deal n\u00e9goci\u00e9 place les Europ\u00e9ens dans une moins bonne posture qu\u2019auparavant. Tout en martelant que les alternatives &#8211; des droits de douane encore plus \u00e9lev\u00e9s ou l\u2019incertitude autour de l\u2019absence d\u2019accord &#8211; auraient \u00e9t\u00e9 bien pires. Et pour cause: les deux principales puissances commerciales de la plan\u00e8te s&rsquo;\u00e9changent chaque jour pr\u00e8s de 4,4 milliards d\u2019euros de biens et services. Le commissaire europ\u00e9en Maros Sefcovic a soulign\u00e9 qu\u2019il s&rsquo;\u00e9tait rendu \u00e0 Washington 10 fois avec ses \u00e9quipes pour trouver une issue \u00e0 ce diff\u00e9rend commercial. Et que des droits de douane plus \u00e9lev\u00e9s auraient mis jusqu&rsquo;\u00e0 5 millions d\u2019emplois europ\u00e9ens en p\u00e9ril. Mais \u00e0 l\u2019image des capitales europ\u00e9ennes, les Bourses mondiales ont aussi r\u00e9serv\u00e9 un accueil mitig\u00e9 \u00e0 cet accord, \u00e9voluant sans v\u00e9ritable entrain. Pour le lobby europ\u00e9en de l\u2019automobile, une des industries les plus touch\u00e9es par ces droits de douane, il marque une \u00abd\u00e9sescalade\u00bb bienvenue dans un contexte de \u00abgrave incertitude\u00bb. Les droits de douane convenus restent \u00abtrop \u00e9lev\u00e9s\u00bb, a toutefois protest\u00e9 la chimie allemande, qui repr\u00e9sente des g\u00e9ants industriels comme Bayer ou BASF. Il \u00abillustre la difficult\u00e9 qu\u2019a encore l\u2019UE \u00e0 faire valoir la puissance de son \u00e9conomie et l\u2019importance de son march\u00e9 int\u00e9rieur\u00bb, a encore d\u00e9clar\u00e9 la premi\u00e8re organisation patronale fran\u00e7aise, le Medef. Raziye AKKOC \u00a9 Agence France-Presse<\/p>\n","protected":false},"excerpt":{"rendered":"L&rsquo;Union europ\u00e9enne d\u00e9fend son accord commercial nou\u00e9 avec Donald Trump l&rsquo;Opinion (avec AFP) Bruxelles &#8211; Un \u00abbon\u00bb compromis&hellip;\n","protected":false},"author":2,"featured_media":280095,"comment_status":"","ping_status":"","sticky":false,"template":"","format":"standard","meta":{"footnotes":""},"categories":[1589],"tags":[11,73,1866,12,1864,1865,1863,308],"class_list":{"0":"post-280094","1":"post","2":"type-post","3":"status-publish","4":"format-standard","5":"has-post-thumbnail","7":"category-etats-unis","8":"tag-actualites","9":"tag-etats-unis","10":"tag-etats-unis-damerique","11":"tag-news","12":"tag-united-states","13":"tag-united-states-of-america","14":"tag-us","15":"tag-usa"},"share_on_mastodon":{"url":"https:\/\/pubeurope.com\/@fr\/114932058916520266","error":""},"_links":{"self":[{"href":"https:\/\/www.europesays.com\/fr\/wp-json\/wp\/v2\/posts\/280094","targetHints":{"allow":["GET"]}}],"collection":[{"href":"https:\/\/www.europesays.com\/fr\/wp-json\/wp\/v2\/posts"}],"about":[{"href":"https:\/\/www.europesays.com\/fr\/wp-json\/wp\/v2\/types\/post"}],"author":[{"embeddable":true,"href":"https:\/\/www.europesays.com\/fr\/wp-json\/wp\/v2\/users\/2"}],"replies":[{"embeddable":true,"href":"https:\/\/www.europesays.com\/fr\/wp-json\/wp\/v2\/comments?post=280094"}],"version-history":[{"count":0,"href":"https:\/\/www.europesays.com\/fr\/wp-json\/wp\/v2\/posts\/280094\/revisions"}],"wp:featuredmedia":[{"embeddable":true,"href":"https:\/\/www.europesays.com\/fr\/wp-json\/wp\/v2\/media\/280095"}],"wp:attachment":[{"href":"https:\/\/www.europesays.com\/fr\/wp-json\/wp\/v2\/media?parent=280094"}],"wp:term":[{"taxonomy":"category","embeddable":true,"href":"https:\/\/www.europesays.com\/fr\/wp-json\/wp\/v2\/categories?post=280094"},{"taxonomy":"post_tag","embeddable":true,"href":"https:\/\/www.europesays.com\/fr\/wp-json\/wp\/v2\/tags?post=280094"}],"curies":[{"name":"wp","href":"https:\/\/api.w.org\/{rel}","templated":true}]}}