{"id":280096,"date":"2025-07-28T17:33:10","date_gmt":"2025-07-28T17:33:10","guid":{"rendered":"https:\/\/www.europesays.com\/fr\/280096\/"},"modified":"2025-07-28T17:33:10","modified_gmt":"2025-07-28T17:33:10","slug":"au-royaume-uni-donald-trump-comme-a-la-maison-liberation","status":"publish","type":"post","link":"https:\/\/www.europesays.com\/fr\/280096\/","title":{"rendered":"Au Royaume-Uni, Donald Trump comme \u00e0 la maison \u2013 Lib\u00e9ration"},"content":{"rendered":"<p class=\"sc-ksZaOG ehjQrN text-element\">Donald Trump a beau \u00eatre en visite sur le territoire britannique, c\u2019est bien le pr\u00e9sident am\u00e9ricain qui a accueilli lundi 28 juillet Keir Starmer. Inversant les r\u00f4les, le premier attendait le second sur le perron de son complexe de golf de Turnberry, en Ecosse, et c\u2019est le chef du gouvernement britannique qui a mont\u00e9 les marches pour aller serrer la main de son h\u00f4te. Le tout au son des cornemuses, qui r\u00e9sonnaient d\u2019ailleurs toujours quand Donald Trump a commenc\u00e9 un \u00e9change impromptu avec la presse, habitu\u00e9 qu\u2019il est des d\u00e9clarations \u00e0 la presse dans le bruit assourdissant des h\u00e9lices d\u2019Air Force One avant embarquement.<\/p>\n<p class=\"sc-ksZaOG ehjQrN text-element\">Lors de ce questions-r\u00e9ponses, ni pr\u00e9vu ni visiblement pr\u00e9par\u00e9, un journaliste a demand\u00e9 au pr\u00e9sident am\u00e9ricain s\u2019il avait des conseils \u00e0 donner \u00e0 Londres sur la question migratoire et les travers\u00e9es de la Manche. Starmer a d\u00fb lui expliquer de quoi on parlait, et l\u2019Am\u00e9ricain a alors d\u00e9nonc\u00e9 l\u2019arriv\u00e9e de \u00abmeurtriers et de dealeurs de drogue\u00bb au Royaume-Uni. Le Premier ministre britannique a \u00e9cout\u00e9 sans rien laisser para\u00eetre, m\u00eame s\u2019il n\u2019a pas manqu\u00e9 de dire sa fiert\u00e9 d\u2019avoir renvoy\u00e9 \u00ab35 000\u00bb personnes sans titre de s\u00e9jour depuis qu\u2019il est arriv\u00e9 au pouvoir, en juillet 2024.<\/p>\n<p class=\"sc-ksZaOG ehjQrN text-element\">Plut\u00f4t que de migrants, Keir Starmer voulait surtout parler commerce transatlantique et droits de douane en Ecosse, au lendemain de la rencontre entre la <a href=\"https:\/\/www.liberation.fr\/international\/amerique\/voitures-vin-luxe-des-fleurons-europeens-affectes-par-les-surtaxes-a&lt;\/p&gt;&lt;\/div&gt;&lt;\/article&gt;&lt;\/div&gt;&lt;div data-fusion-lazy-id=\" f0f8vgvlad832fw=\"\" target=\"_blank\" rel=\"noopener\"><\/p>\n","protected":false},"excerpt":{"rendered":"Donald Trump a beau \u00eatre en visite sur le territoire britannique, c\u2019est bien le pr\u00e9sident am\u00e9ricain qui a&hellip;\n","protected":false},"author":2,"featured_media":280097,"comment_status":"","ping_status":"","sticky":false,"template":"","format":"standard","meta":{"footnotes":""},"categories":[1588],"tags":[11,75,1777,674,1074,2581,12,473,1853,1851,364,1850,1852],"class_list":{"0":"post-280096","1":"post","2":"type-post","3":"status-publish","4":"format-standard","5":"has-post-thumbnail","7":"category-royaume-uni","8":"tag-actualites","9":"tag-donald-trump","10":"tag-eu","11":"tag-europe","12":"tag-guerre-commerciale","13":"tag-keir-starmer","14":"tag-news","15":"tag-royaume-uni","16":"tag-royaume-uni-de-grande-bretagne-et-dirlande-du-nord","17":"tag-uk","18":"tag-union-europeenne","19":"tag-united-kingdom","20":"tag-united-kingdom-of-great-britain-and-northern-ireland"},"share_on_mastodon":{"url":"https:\/\/pubeurope.com\/@fr\/114932062831934429","error":""},"_links":{"self":[{"href":"https:\/\/www.europesays.com\/fr\/wp-json\/wp\/v2\/posts\/280096","targetHints":{"allow":["GET"]}}],"collection":[{"href":"https:\/\/www.europesays.com\/fr\/wp-json\/wp\/v2\/posts"}],"about":[{"href":"https:\/\/www.europesays.com\/fr\/wp-json\/wp\/v2\/types\/post"}],"author":[{"embeddable":true,"href":"https:\/\/www.europesays.com\/fr\/wp-json\/wp\/v2\/users\/2"}],"replies":[{"embeddable":true,"href":"https:\/\/www.europesays.com\/fr\/wp-json\/wp\/v2\/comments?post=280096"}],"version-history":[{"count":0,"href":"https:\/\/www.europesays.com\/fr\/wp-json\/wp\/v2\/posts\/280096\/revisions"}],"wp:featuredmedia":[{"embeddable":true,"href":"https:\/\/www.europesays.com\/fr\/wp-json\/wp\/v2\/media\/280097"}],"wp:attachment":[{"href":"https:\/\/www.europesays.com\/fr\/wp-json\/wp\/v2\/media?parent=280096"}],"wp:term":[{"taxonomy":"category","embeddable":true,"href":"https:\/\/www.europesays.com\/fr\/wp-json\/wp\/v2\/categories?post=280096"},{"taxonomy":"post_tag","embeddable":true,"href":"https:\/\/www.europesays.com\/fr\/wp-json\/wp\/v2\/tags?post=280096"}],"curies":[{"name":"wp","href":"https:\/\/api.w.org\/{rel}","templated":true}]}}