{"id":280098,"date":"2025-07-28T17:34:10","date_gmt":"2025-07-28T17:34:10","guid":{"rendered":"https:\/\/www.europesays.com\/fr\/280098\/"},"modified":"2025-07-28T17:34:10","modified_gmt":"2025-07-28T17:34:10","slug":"lindustrie-allemande-denonce-un-signal-fatal-pour-le-commerce-bilateral","status":"publish","type":"post","link":"https:\/\/www.europesays.com\/fr\/280098\/","title":{"rendered":"l\u2019industrie allemande d\u00e9nonce un \u00absignal fatal\u00bb pour le commerce bilat\u00e9ral"},"content":{"rendered":"<p>Le gouvernement de Friedrich Merz avait pouss\u00e9 \u00e0 la signature rapide d\u2019un accord, pour \u00e9viter une escalade commerciale.<\/p>\n<p class=\"fig-paragraph\">En Allemagne, seul le gouvernement de Friedrich Merz s\u2019est f\u00e9licit\u00e9\u00a0<a href=\"http:\/\/www.lefigaro.fr\/conjoncture\/donald-trump-annonce-un-accord-avec-l-ue-sur-des-droits-de-douane-de-15-20250727\" data-fig-type=\"NewsFlash\" data-gtm-custom-categorie=\"navigation\" data-gtm-custom-action=\"crossclick\" data-gtm-custom-label=\"Contextuel\" data-gtm-event=\"customEventSPE\" data-fig-domain=\"LEFIGARO\" rel=\"nofollow noopener\" target=\"_blank\">de l\u2019accord commercial entre les \u00c9tats-Unis et l\u2019Union europ\u00e9enne<\/a>, pas tant en raison de son contenu que par le soulagement d\u2019avoir \u00e9vit\u00e9 un conflit commercial avec Washington. \u00ab\u00a0L\u2019unit\u00e9 de l\u2019UE et le travail acharn\u00e9 des n\u00e9gociateurs ont port\u00e9 leurs fruits\u00a0\u00bb, s\u2019\u00e9tait r\u00e9joui le chancelier dans un premier temps, rappelant que l\u2019\u00e9conomie allemande, adepte du libre-\u00e9change, \u00e9tait tr\u00e8s orient\u00e9e vers l\u2019exportation.<\/p>\n<p class=\"fig-paragraph\">Plus tard dans la soir\u00e9e, le leader du parti conservateur a n\u00e9anmoins corrig\u00e9 son discours, ajoutant que les droits de douane \u00abconstituent une charge consid\u00e9rable pour les \u00e9conomies exportatrices\u00bb du pays. \u00abJe ne suis pas satisfait de ce r\u00e9sultat dans le sens o\u00f9 je pense que c&rsquo;est une bonne chose. Je dis simplement qu&rsquo;il \u00e9tait \u00e9vident qu&rsquo;il n&rsquo;\u00e9tait pas possible d&rsquo;obtenir davantage compte tenu de la situation initiale avec les \u00c9tats-Unis\u00bb, s\u2019est-il amend\u00e9.<\/p>\n<p class=\"fig-paragraph\">\u00c0 la diff\u00e9rence de Paris, Berlin s\u2019\u00e9tait r\u00e9sign\u00e9 depuis longtemps\u2026<\/p>\n<p class=\"fig-premium-paywall__infos\">\n        Cet article est r\u00e9serv\u00e9 aux abonn\u00e9s.        Il vous reste 73% \u00e0 d\u00e9couvrir.\n    <\/p>\n<p>                <img  data- alt=\"Le Figaro\" class=\"fig-img--complete fig-img\"\/><\/p>\n<p class=\"fig-premium-paywall__title\">Vous avez envie de lire la suite ?<\/p>\n<p class=\"fig-premium-paywall__subtitle\">D\u00e9bloquez tous les articles imm\u00e9diatement.<\/p>\n<p class=\"fig-premium-paywall__connect\">\n                D\u00e9j\u00e0 abonn\u00e9\u00a0?                <a class=\"fig-premium-paywall__connect-link\" href=\"https:\/\/connect.lefigaro.fr\/login?client=horizon_web&amp;type=main&amp;redirect_uri=https%3A%2F%2Fwww.lefigaro.fr%2Fconjoncture%2Faccord-union-europeenne-etats-unis-l-industrie-allemande-denonce-un-signal-fatal-pour-le-commerce-bilateral-20250728\" data-js-gtm=\"{&quot;customCategorie&quot;: &quot;conversion&quot;, &quot;customAction&quot;: &quot;before_Landing_Connexion_paywall_auto&quot;, &quot;customLabel&quot;: &quot;bGVmaWdhcm8uZnJfXzFmMDZiYjg3LWJlODktNmQwNi1hYmQxLWRkZmRiMjE4ZTY5M19fQXJ0aWNsZQ==_Accord Union europ\u00e9enne-\u00c9tats-Unis: l\u2019industrie allemande d\u00e9nonce un \u00absignal fatal\u00bb pour le commerce bilat\u00e9ral_56&quot;, &quot;customIDSPE&quot;: &quot;bGVmaWdhcm8uZnJfXzFmMDZiYjg3LWJlODktNmQwNi1hYmQxLWRkZmRiMjE4ZTY5M19fQXJ0aWNsZQ==&quot;, &quot;event&quot;: &quot;customEventSPE&quot;}\" rel=\"nofollow noopener\" target=\"_blank\"><br \/>\n                    Connectez-vous<br \/>\n                <\/a>\n            <\/p>\n","protected":false},"excerpt":{"rendered":"Le gouvernement de Friedrich Merz avait pouss\u00e9 \u00e0 la signature rapide d\u2019un accord, pour \u00e9viter une escalade commerciale.&hellip;\n","protected":false},"author":2,"featured_media":280099,"comment_status":"","ping_status":"","sticky":false,"template":"","format":"standard","meta":{"footnotes":""},"categories":[1587],"tags":[11,672,1804,1805,1803,33,1777,674,1801,12,1802],"class_list":{"0":"post-280098","1":"post","2":"type-post","3":"status-publish","4":"format-standard","5":"has-post-thumbnail","7":"category-allemagne","8":"tag-actualites","9":"tag-allemagne","10":"tag-bundesrepublik-deutschland","11":"tag-de","12":"tag-deutschland","13":"tag-economie","14":"tag-eu","15":"tag-europe","16":"tag-germany","17":"tag-news","18":"tag-republique-federale-dallemagne"},"share_on_mastodon":{"url":"https:\/\/pubeurope.com\/@fr\/114932066801728108","error":""},"_links":{"self":[{"href":"https:\/\/www.europesays.com\/fr\/wp-json\/wp\/v2\/posts\/280098","targetHints":{"allow":["GET"]}}],"collection":[{"href":"https:\/\/www.europesays.com\/fr\/wp-json\/wp\/v2\/posts"}],"about":[{"href":"https:\/\/www.europesays.com\/fr\/wp-json\/wp\/v2\/types\/post"}],"author":[{"embeddable":true,"href":"https:\/\/www.europesays.com\/fr\/wp-json\/wp\/v2\/users\/2"}],"replies":[{"embeddable":true,"href":"https:\/\/www.europesays.com\/fr\/wp-json\/wp\/v2\/comments?post=280098"}],"version-history":[{"count":0,"href":"https:\/\/www.europesays.com\/fr\/wp-json\/wp\/v2\/posts\/280098\/revisions"}],"wp:featuredmedia":[{"embeddable":true,"href":"https:\/\/www.europesays.com\/fr\/wp-json\/wp\/v2\/media\/280099"}],"wp:attachment":[{"href":"https:\/\/www.europesays.com\/fr\/wp-json\/wp\/v2\/media?parent=280098"}],"wp:term":[{"taxonomy":"category","embeddable":true,"href":"https:\/\/www.europesays.com\/fr\/wp-json\/wp\/v2\/categories?post=280098"},{"taxonomy":"post_tag","embeddable":true,"href":"https:\/\/www.europesays.com\/fr\/wp-json\/wp\/v2\/tags?post=280098"}],"curies":[{"name":"wp","href":"https:\/\/api.w.org\/{rel}","templated":true}]}}