{"id":280110,"date":"2025-07-28T17:40:20","date_gmt":"2025-07-28T17:40:20","guid":{"rendered":"https:\/\/www.europesays.com\/fr\/280110\/"},"modified":"2025-07-28T17:40:20","modified_gmt":"2025-07-28T17:40:20","slug":"championnat-deurope-individuel-dames-brentcheneff-5e-delon-6e","status":"publish","type":"post","link":"https:\/\/www.europesays.com\/fr\/280110\/","title":{"rendered":"Championnat d&rsquo;Europe individuel Dames\u00a0: Brentcheneff 5e, Delon 6e"},"content":{"rendered":"<p>Plac\u00e9e en avant-derni\u00e8re partie apr\u00e8s la conclusion du troisi\u00e8me tour samedi aux aurores, <strong>Sara Brentcheneff <\/strong>a tr\u00e8s longtemps figur\u00e9 dans la course au titre. La Lyonnaise a tr\u00e8s bien lanc\u00e9 son quatri\u00e8me tour, alignant trois birdies du 3 au 5, apr\u00e8s un bogey au 2 qui n&rsquo;\u00e9tait que le deuxi\u00e8me de son tournoi. Mais la machine a eu de la peine \u00e0 maintenir la m\u00eame cadence sur le retour, apr\u00e8s un bogey sauv\u00e9 in extremis au 9. Un dernier bogey au 11 a fini d&rsquo;\u00e9loigner Brentcheneff de la course \u00e0 la victoire, m\u00eame si elle n&rsquo;a rien l\u00e2ch\u00e9 jusqu&rsquo;au bout, avec des birdies au 14 et au 18. Au final, sa carte de 71 (-2) et son score de -17 lui permettent de terminer seule \u00e0 la 5e place.<\/p>\n<p>Pr\u00e9sente sur le bord du green du 18 pour la fin de partie de sa co\u00e9quipi\u00e8re en \u00e9quipe de France Dames, <strong>Valentine Delon <\/strong>a pu la voir lui passer devant sur le fil, avec ce dernier birdie. Il faut dire que la Cantilienne en avait termin\u00e9 de son Championnat d&rsquo;Europe depuis un moment, mais que les joueuses se succ\u00e9daient jusque-l\u00e0 sans parvenir \u00e0 la devancer. En effet, son 65 (-8) a constitu\u00e9 le meilleur score du dernier tour. Huit birdies et un eagle, contre deux bogeys, lui ont servi \u00e0 \u00e9tablir ce score tr\u00e8s solide, qui lui a fait gagner 19 places pour terminer au 6e rang, sur les talons de Brentcheneff.<\/p>\n<p>La journ\u00e9e a \u00e9t\u00e9 sans faute pour <strong>Giselle Zhao<\/strong>, qui en a profit\u00e9 pour signer son tout premier top 10 dans un Championnat d&rsquo;Europe. La championne de France en titre a sign\u00e9 un 67 (-6) habill\u00e9 de six birdies pour prendre la 9e place finale, \u00e0 -15, un coup derri\u00e8re <strong>Valentine Delon<\/strong>. Derni\u00e8re Fran\u00e7aise \u00e0 figurer dans le top 20 final, <strong>Vairana Heck <\/strong>a conclu son tournoi par un 69 (-4), pour une 15e place \u00e0 -13.<\/p>\n","protected":false},"excerpt":{"rendered":"Plac\u00e9e en avant-derni\u00e8re partie apr\u00e8s la conclusion du troisi\u00e8me tour samedi aux aurores, Sara Brentcheneff a tr\u00e8s longtemps&hellip;\n","protected":false},"author":2,"featured_media":280111,"comment_status":"","ping_status":"","sticky":false,"template":"","format":"standard","meta":{"footnotes":""},"categories":[1418],"tags":[1011,27,1472,60],"class_list":{"0":"post-280110","1":"post","2":"type-post","3":"status-publish","4":"format-standard","5":"has-post-thumbnail","7":"category-golf","8":"tag-fr","9":"tag-france","10":"tag-golf","11":"tag-sports"},"share_on_mastodon":{"url":"https:\/\/pubeurope.com\/@fr\/114932090348451428","error":""},"_links":{"self":[{"href":"https:\/\/www.europesays.com\/fr\/wp-json\/wp\/v2\/posts\/280110","targetHints":{"allow":["GET"]}}],"collection":[{"href":"https:\/\/www.europesays.com\/fr\/wp-json\/wp\/v2\/posts"}],"about":[{"href":"https:\/\/www.europesays.com\/fr\/wp-json\/wp\/v2\/types\/post"}],"author":[{"embeddable":true,"href":"https:\/\/www.europesays.com\/fr\/wp-json\/wp\/v2\/users\/2"}],"replies":[{"embeddable":true,"href":"https:\/\/www.europesays.com\/fr\/wp-json\/wp\/v2\/comments?post=280110"}],"version-history":[{"count":0,"href":"https:\/\/www.europesays.com\/fr\/wp-json\/wp\/v2\/posts\/280110\/revisions"}],"wp:featuredmedia":[{"embeddable":true,"href":"https:\/\/www.europesays.com\/fr\/wp-json\/wp\/v2\/media\/280111"}],"wp:attachment":[{"href":"https:\/\/www.europesays.com\/fr\/wp-json\/wp\/v2\/media?parent=280110"}],"wp:term":[{"taxonomy":"category","embeddable":true,"href":"https:\/\/www.europesays.com\/fr\/wp-json\/wp\/v2\/categories?post=280110"},{"taxonomy":"post_tag","embeddable":true,"href":"https:\/\/www.europesays.com\/fr\/wp-json\/wp\/v2\/tags?post=280110"}],"curies":[{"name":"wp","href":"https:\/\/api.w.org\/{rel}","templated":true}]}}