{"id":280114,"date":"2025-07-28T17:43:11","date_gmt":"2025-07-28T17:43:11","guid":{"rendered":"https:\/\/www.europesays.com\/fr\/280114\/"},"modified":"2025-07-28T17:43:11","modified_gmt":"2025-07-28T17:43:11","slug":"wta-patrick-mouratoglou-au-sujet-de-la-fin-de-sa-collaboration-avec-osaka-rien-nest-eternel-ce-qui-compte-cest-ce-quune-collaboration-a-apporte-a-chacun-et-ce-qui-perdure-apres","status":"publish","type":"post","link":"https:\/\/www.europesays.com\/fr\/280114\/","title":{"rendered":"WTA > Patrick Mouratoglou au sujet de la fin de sa collaboration avec Osaka : \u00ab\u00a0Rien n&rsquo;est \u00e9ternel. Ce qui compte, c&rsquo;est ce qu&rsquo;une collaboration a apport\u00e9 \u00e0 chacun et ce qui perdure apr\u00e8s\u00a0\u00bb"},"content":{"rendered":"<p>C\u2019est sur son compte Instagram que Patrick s\u2019est exprim\u00e9.<\/p>\n<p><img fetchpriority=\"high\" decoding=\"async\" width=\"1024\" height=\"766\" src=\"https:\/\/www.europesays.com\/fr\/wp-content\/uploads\/2025\/07\/Patrick-1024x766.jpg\" alt=\"\" class=\"wp-image-563872 lazy\"  data-\/><\/p>\n<p>Il n\u2019y a aucune \u00ab\u202francune\u202f\u00bb de la part du coach trico\u00adlore, bien au contraire.<\/p>\n<p>\u00ab\u202f<strong>Rien n\u2019est \u00e9ternel. Ce qui compte, c\u2019est ce qu\u2019une colla\u00adbo\u00adra\u00adtion a apport\u00e9 \u00e0 chacun et ce qui perdure apr\u00e8s. Apr\u00e8s 10 mois de colla\u00adbo\u00adra\u00adtion, nous avons d\u00e9cid\u00e9 de nous s\u00e9parer sur le plan professionnel.Je te suis recon\u00adnais\u00adsant pour ta confiance, le chemin parcouru et ce que nous avons construit ensemble.Je te soutien\u00addrai toujours et te souhaite tout le meilleur @naomiosaka\u202f\u00bb<\/strong><\/p>\n<p class=\"post-published-date\" style=\"color: silver; font-size: 75%; text-align: left;\">Publi\u00e9 le lundi 28 juillet 2025 \u00e0 18:30<\/p>\n","protected":false},"excerpt":{"rendered":"C\u2019est sur son compte Instagram que Patrick s\u2019est exprim\u00e9. Il n\u2019y a aucune \u00ab\u202francune\u202f\u00bb de la part du&hellip;\n","protected":false},"author":2,"featured_media":280115,"comment_status":"","ping_status":"","sticky":false,"template":"","format":"standard","meta":{"footnotes":""},"categories":[1415],"tags":[1011,27,8447,60,1467],"class_list":{"0":"post-280114","1":"post","2":"type-post","3":"status-publish","4":"format-standard","5":"has-post-thumbnail","7":"category-tennis","8":"tag-fr","9":"tag-france","10":"tag-osaka","11":"tag-sports","12":"tag-tennis"},"share_on_mastodon":{"url":"https:\/\/pubeurope.com\/@fr\/114932102198893965","error":""},"_links":{"self":[{"href":"https:\/\/www.europesays.com\/fr\/wp-json\/wp\/v2\/posts\/280114","targetHints":{"allow":["GET"]}}],"collection":[{"href":"https:\/\/www.europesays.com\/fr\/wp-json\/wp\/v2\/posts"}],"about":[{"href":"https:\/\/www.europesays.com\/fr\/wp-json\/wp\/v2\/types\/post"}],"author":[{"embeddable":true,"href":"https:\/\/www.europesays.com\/fr\/wp-json\/wp\/v2\/users\/2"}],"replies":[{"embeddable":true,"href":"https:\/\/www.europesays.com\/fr\/wp-json\/wp\/v2\/comments?post=280114"}],"version-history":[{"count":0,"href":"https:\/\/www.europesays.com\/fr\/wp-json\/wp\/v2\/posts\/280114\/revisions"}],"wp:featuredmedia":[{"embeddable":true,"href":"https:\/\/www.europesays.com\/fr\/wp-json\/wp\/v2\/media\/280115"}],"wp:attachment":[{"href":"https:\/\/www.europesays.com\/fr\/wp-json\/wp\/v2\/media?parent=280114"}],"wp:term":[{"taxonomy":"category","embeddable":true,"href":"https:\/\/www.europesays.com\/fr\/wp-json\/wp\/v2\/categories?post=280114"},{"taxonomy":"post_tag","embeddable":true,"href":"https:\/\/www.europesays.com\/fr\/wp-json\/wp\/v2\/tags?post=280114"}],"curies":[{"name":"wp","href":"https:\/\/api.w.org\/{rel}","templated":true}]}}