{"id":280118,"date":"2025-07-28T17:46:08","date_gmt":"2025-07-28T17:46:08","guid":{"rendered":"https:\/\/www.europesays.com\/fr\/280118\/"},"modified":"2025-07-28T17:46:08","modified_gmt":"2025-07-28T17:46:08","slug":"notre-exposition-est-importante-ca-attire-les-marques-la-formule-1-est-elle-devenue-le-nouvel-eldorado-du-luxe-le-nouvel-obs","status":"publish","type":"post","link":"https:\/\/www.europesays.com\/fr\/280118\/","title":{"rendered":"\u201cNotre exposition est importante, \u00e7a attire les marques\u201d : la Formule 1 est-elle devenue le nouvel eldorado du luxe ? &#8211; Le Nouvel Obs"},"content":{"rendered":"<ol>\n<li><a href=\"https:\/\/news.google.com\/rss\/articles\/CBMi_wFBVV95cUxOcnk4ZGZUbFZBMWFyTGxORXU0UU5MT1BELUM0YTV2cjVGWnFIUHlkMjRLNHF6T0pRcmFiN3l2cU1qcUp3a2lORDB4TDhWb3JkZ3M5MzZLeURJNkdmaHlfdnJia3ZFRmRlVzVJU0ZkVWZsQmZZZ19CNFRpMlQyeVowUEV3bEstYnNwZGttdGtzMWtWNnBUd2l1S2FmamZfVVM2VWNYZzZPXzctcXQ3TEkwSlc3VVNoQjdORnMteWxfSklDcko5UnVpcmROb0lJZXBJZi1rT0cxZHg0THZ4ZXllX01aTDJ2TmpNNk5QbEFmR0gwWGFPeW4zNFVUZ0ZFTzQ?oc=5\" target=\"_blank\" rel=\"nofollow noopener\">\u201cNotre exposition est importante, \u00e7a attire les marques\u201d : la Formule 1 est-elle devenue le nouvel eldorado du luxe ?<\/a>&nbsp;&nbsp;Le Nouvel Obs<\/li>\n<li><a href=\"https:\/\/news.google.com\/rss\/articles\/CBMiY0FVX3lxTFBCSGFQQlV2OWJuc1htbzltOEZRRzNnZjdqc0JGeng0ZzlTZVVUZlVLbFktSTZFdjloeFRYOXFkT211STFWY21GZFNSN0ktQTg1VVpRT1RLckF2M0xGNGs3U0ZwWQ?oc=5\" target=\"_blank\" rel=\"nofollow noopener\">Formule 1 : la course des datas !<\/a>&nbsp;&nbsp;mediakwest.com<\/li>\n<li><a href=\"https:\/\/news.google.com\/rss\/articles\/CBMitwFBVV95cUxPdDZQVDlqZkFHOEF1Z0xJQUNWTkhtTEd0Nm1OUHRvVjZYZVBIUi1vTTJYYWNQQ2FWeFR3QWhUQllCeHJWU3paNExwWDNzQ05lUmxvSTd1ZFF3TFFTTFJ2QXBpVDk3ek54TWV4RlJVNzRtMUxKMDJpaGVfdGZ0ajNER0JubFpTM216M0dVQTU1a2R4V3FNZUh3WlR1b28ybGFpMkkzcHprSkdWNFZHMWotNUw1UVgxWjA?oc=5\" target=\"_blank\" rel=\"nofollow noopener\">La popularit\u00e9 grandissante de la F1, vue par Pierre Houde<\/a>&nbsp;&nbsp;Radio-Canada<\/li>\n<li><a href=\"https:\/\/news.google.com\/rss\/articles\/CBMiuAFBVV95cUxNZGRYQkN4SzUtdkctaW9ETmM0c1hqeEY5c2E3SndhZ1B5Qm9jUmxxVEZmWWV2bFRzeTZqWmZEVkd1V0wyNnFyZ0pMeEYxZ2JSYWpZaE1ybTh3YzQ4cWxjZzZGYkNJc3dHUTIxU2dzRHRwR0Y0alNhUWVTZmFxdGRjczByc2RNWlFQVUlqTzZreC1ZMTdVOE0tUGd2cjVhMVRpdFhoZDdQQThFRkxrcm92ZjNxbl9QMVVl?oc=5\" target=\"_blank\" rel=\"nofollow noopener\">Apr\u00e8s avoir lu ceci, vous ne regarderez plus jamais la F1 de la m\u00eame mani\u00e8re<\/a>&nbsp;&nbsp;Journal du Geek<\/li>\n<\/ol>\n","protected":false},"excerpt":{"rendered":"\u201cNotre exposition est importante, \u00e7a attire les marques\u201d : la Formule 1 est-elle devenue le nouvel eldorado du&hellip;\n","protected":false},"author":2,"featured_media":1445,"comment_status":"","ping_status":"","sticky":false,"template":"","format":"standard","meta":{"footnotes":""},"categories":[1412],"tags":[1451,1452,1453,1454,1455,1011,27,60],"class_list":{"0":"post-280118","1":"post","2":"type-post","3":"status-publish","4":"format-standard","5":"has-post-thumbnail","7":"category-f1","8":"tag-f1","9":"tag-formula-1","10":"tag-formula1","11":"tag-formule-1","12":"tag-formule1","13":"tag-fr","14":"tag-france","15":"tag-sports"},"share_on_mastodon":{"url":"https:\/\/pubeurope.com\/@fr\/114932113932154665","error":""},"_links":{"self":[{"href":"https:\/\/www.europesays.com\/fr\/wp-json\/wp\/v2\/posts\/280118","targetHints":{"allow":["GET"]}}],"collection":[{"href":"https:\/\/www.europesays.com\/fr\/wp-json\/wp\/v2\/posts"}],"about":[{"href":"https:\/\/www.europesays.com\/fr\/wp-json\/wp\/v2\/types\/post"}],"author":[{"embeddable":true,"href":"https:\/\/www.europesays.com\/fr\/wp-json\/wp\/v2\/users\/2"}],"replies":[{"embeddable":true,"href":"https:\/\/www.europesays.com\/fr\/wp-json\/wp\/v2\/comments?post=280118"}],"version-history":[{"count":0,"href":"https:\/\/www.europesays.com\/fr\/wp-json\/wp\/v2\/posts\/280118\/revisions"}],"wp:featuredmedia":[{"embeddable":true,"href":"https:\/\/www.europesays.com\/fr\/wp-json\/wp\/v2\/media\/1445"}],"wp:attachment":[{"href":"https:\/\/www.europesays.com\/fr\/wp-json\/wp\/v2\/media?parent=280118"}],"wp:term":[{"taxonomy":"category","embeddable":true,"href":"https:\/\/www.europesays.com\/fr\/wp-json\/wp\/v2\/categories?post=280118"},{"taxonomy":"post_tag","embeddable":true,"href":"https:\/\/www.europesays.com\/fr\/wp-json\/wp\/v2\/tags?post=280118"}],"curies":[{"name":"wp","href":"https:\/\/api.w.org\/{rel}","templated":true}]}}