{"id":280119,"date":"2025-07-28T17:47:11","date_gmt":"2025-07-28T17:47:11","guid":{"rendered":"https:\/\/www.europesays.com\/fr\/280119\/"},"modified":"2025-07-28T17:47:11","modified_gmt":"2025-07-28T17:47:11","slug":"wiebes-au-sprint-vos-en-jaune","status":"publish","type":"post","link":"https:\/\/www.europesays.com\/fr\/280119\/","title":{"rendered":"Wiebes au sprint, Vos en jaune"},"content":{"rendered":"<p class=\"date\">\n                                                            Thibaut Simon, Media365, publi\u00e9 le lundi 28 juillet 2025 \u00e0 17h55\n                                                    <\/p>\n<p>Lorena Wiebes a remport\u00e9 la troisi\u00e8me \u00e9tape du Tour de France Femmes \u00e0 Angers au terme d&rsquo;un sprint bien men\u00e9 face \u00e0 Marianne Vos, qui s&#8217;empare du maillot jaune.<\/p>\n<p>Alors qu&rsquo;Alison Jackson (EF Education-Oatly), Sara Martin (Movistar), Catalina Soto Campos (Laboral Kutxa-Fundacion Euskadi) et Cl\u00e9mence Latimier (Ark\u00e9a &#8211; B&amp;B Hotels Women) avaient d\u00e9but\u00e9 l&rsquo;\u00e9chapp\u00e9e du jour, les coureuses ont finalement vu le peloton revenir \u00e0 6 km de l&rsquo;arriv\u00e9e. Une chute dans un virage \u00e0 3,5 km de la fin de l&rsquo;\u00e9tape a cass\u00e9 le peloton, voyant Lorena Wiebes prendre les commandes du groupe de t\u00eate. La N\u00e9erlandaise (SD Worx-Protime) s&rsquo;est impos\u00e9e au sprint devant Marianne Vos (Visma-Lease a Bike) qui de son c\u00f4t\u00e9 s&#8217;empare du maillot jaune.<\/p>\n<p>Wiebes en patronne, Latimier \u00e9lue combative du jour<\/p>\n<p>Une championne du Canada, une autre du Chili, une d&rsquo;Espagne et la sixi\u00e8me fran\u00e7aise des derniers Championnats de France. Les \u00e9chapp\u00e9es du jour sont parties en qu\u00eate d&rsquo;un succ\u00e8s, seulement 16 km apr\u00e8s le d\u00e9part de cette 3e \u00e9tape. Pour la Fran\u00e7aise Cl\u00e9mence Latimier, devenue professionnelle il y a seulement trois mois, c&rsquo;est le prix de la combativit\u00e9 qui est venu la r\u00e9compenser. Car pour elle, l&rsquo;\u00e9chapp\u00e9e s&rsquo;est termin\u00e9e \u00e0 10 km de l&rsquo;arriv\u00e9e. Elle a vu ses trois concurrentes partir \u00e0 l&rsquo;assaut du final o\u00f9 Alison Jackson s&rsquo;\u00e9tait notamment empar\u00e9e des points au sommet de la c\u00f4te de la Richardi\u00e8re un peu plus t\u00f4t. Des relances il y en a eu, tout comme le suspense. Reprises \u00e0 6 km de l&rsquo;arriv\u00e9e, Jackson, Martin et Soto Campos ont ensuite assist\u00e9 \u00e0 la chute d&rsquo;une partie du peloton \u00e0 3,5 km de la fin. Si Demi Vollering s&rsquo;est retrouv\u00e9e au milieu du carnage angevin, c&rsquo;est bien Lorena Wiebes qui a jou\u00e9 de ses talents de sprinteuse. Plus forte que Marianne Vos, la coureuse SD Worx-Proxtime a pass\u00e9 la ligne en t\u00eate. Une quatri\u00e8me victoire sur le Tour, la quinzi\u00e8me cette saison.<\/p>\n<p>Vos en jaune, Ferrand-Pr\u00e9v\u00f4t reste sur le podium<\/p>\n<p>La joie de Wiebes contraste \u00e0 l&rsquo;arriv\u00e9e avec l&rsquo;inqui\u00e9tude dans les rangs de la formation FDJ-Suez. Prise dans la chute du peloton et arriv\u00e9e avec ses co\u00e9quipi\u00e8res, six minutes apr\u00e8s le sprint de Wiebes, Demi Vollering esp\u00e8re se r\u00e9tablir. Heureusement pour elle, les temps des coureuses seront align\u00e9s \u00e0 celle de la gagnante du jour en raison de la r\u00e8gle des cinq kilom\u00e8tres en place ce lundi. Bien que Wiebes a lev\u00e9 les bras sur la ligne d&rsquo;arriv\u00e9e, une autre candidate \u00e0 l&rsquo;arriv\u00e9e peut se r\u00e9jouir de sa journ\u00e9e. Marianne Vos, battue par sa compatriote n\u00e9erlandaise, s&#8217;empare du maillot jaune en prenant six secondes de bonification. C&rsquo;est d\u00e9sormais l&rsquo;\u00e9cart qui la s\u00e9pare de sa dauphine, Kim Le Court. Pauline Ferrand-Pr\u00e9v\u00f4t reste sur le podium \u00e0 12 secondes de sa coll\u00e8gue chez Visma-Lease a Bike.<\/p>\n<p><strong>CYCLISME \/ TOUR DE FRANCE (F) 2025<\/strong><br \/><strong>Classement \u00e0 l&rsquo;issue de la 3e \u00e9tape &#8211; Lundi 28 juillet 2025<\/strong><\/p>\n<p><strong>1- Lorena Wiebes (PBS\/Team SD Worx &#8211; Protime) en 3h41&rsquo;47<\/strong><br \/>2- Marianne Vos (PBS\/Team Visma | Lease a Bike) m.t.<br \/>3- Ally Wollaston (AUS\/FDJ &#8211; SUEZ) m.t.<br \/>4- Megan Jastrab (USA\/Team Picnic PostNL) m.t.<br \/>5- Liane Lippert (ALL\/Movistar Team) m.t.<br \/>6- Shari Bossuyt (BEL\/AG Insurance &#8211; Soudal Team) m.t.<br \/>7- Eline Jansen (PBS\/VolkerWessels Cycling Team) m.t.<br \/>8- Katarzyna Niewiadoma (POL\/CANYON\/\/SRAM zondacrypto) m.t.<br \/>9- Noemi R\u00fcegg (SUI\/EF Education-Oatly) m.t.<br \/>10- Lucinda Brand (PBS\/Lidl &#8211; Trek) m.t.<br \/>&#8230;<\/p>\n<p><strong>Classement G\u00e9n\u00e9ral<\/strong><\/p>\n<p><strong>1- Marianne Vos (PBS\/Team Visma | Lease a Bike) en 8h19&rsquo;06<\/strong><br \/>2- Kimberley Pienaar Le Court (MAU\/AG Insurance &#8211; Soudal Team) \u00e0 6\u00a0\u00bb<br \/>3- <strong><strong>Pauline Ferrand-Pr\u00e9v\u00f4t (FRA\/Team Visma | Lease a Bike) \u00e0 12\u00a0\u00bb<\/strong><\/strong><br \/>4- Katarzyna Niewiadoma (POL\/CANYON\/\/SRAM zondacrypto) \u00e0 16\u00a0\u00bb<br \/>5- Lorena Wiebes (PBS\/Team SD Worx &#8211; Protime) \u00e0 16\u00a0\u00bb<br \/>6- Demi Vollering (PBS\/FDJ &#8211; SUEZ) \u00e0 19\u00a0\u00bb<br \/>7- Anna Van Der Breggen (PBS\/Team SD Worx &#8211; Protime) \u00e0 21\u00a0\u00bb<br \/>8- Puck Pieterse (PBS\/Fenix-Deceuninck) \u00e0 21\u00a0\u00bb<br \/>9- Pauliena Rooijakkers (PBS\/Fenix-Deceuninck) \u00e0 25\u00a0\u00bb<br \/>10- Fisher-Black (AUS\/Lidl &#8211; Trek) \u00e0 25\u00a0\u00bb<br \/>&#8230;<\/p>\n","protected":false},"excerpt":{"rendered":"Thibaut Simon, Media365, publi\u00e9 le lundi 28 juillet 2025 \u00e0 17h55 Lorena Wiebes a remport\u00e9 la troisi\u00e8me \u00e9tape&hellip;\n","protected":false},"author":2,"featured_media":280120,"comment_status":"","ping_status":"","sticky":false,"template":"","format":"standard","meta":{"footnotes":""},"categories":[1411],"tags":[1154,207,1011,27,60],"class_list":{"0":"post-280119","1":"post","2":"type-post","3":"status-publish","4":"format-standard","5":"has-post-thumbnail","7":"category-cyclisme","8":"tag-cycling","9":"tag-cyclisme","10":"tag-fr","11":"tag-france","12":"tag-sports"},"share_on_mastodon":{"url":"https:\/\/pubeurope.com\/@fr\/114932117849062958","error":""},"_links":{"self":[{"href":"https:\/\/www.europesays.com\/fr\/wp-json\/wp\/v2\/posts\/280119","targetHints":{"allow":["GET"]}}],"collection":[{"href":"https:\/\/www.europesays.com\/fr\/wp-json\/wp\/v2\/posts"}],"about":[{"href":"https:\/\/www.europesays.com\/fr\/wp-json\/wp\/v2\/types\/post"}],"author":[{"embeddable":true,"href":"https:\/\/www.europesays.com\/fr\/wp-json\/wp\/v2\/users\/2"}],"replies":[{"embeddable":true,"href":"https:\/\/www.europesays.com\/fr\/wp-json\/wp\/v2\/comments?post=280119"}],"version-history":[{"count":0,"href":"https:\/\/www.europesays.com\/fr\/wp-json\/wp\/v2\/posts\/280119\/revisions"}],"wp:featuredmedia":[{"embeddable":true,"href":"https:\/\/www.europesays.com\/fr\/wp-json\/wp\/v2\/media\/280120"}],"wp:attachment":[{"href":"https:\/\/www.europesays.com\/fr\/wp-json\/wp\/v2\/media?parent=280119"}],"wp:term":[{"taxonomy":"category","embeddable":true,"href":"https:\/\/www.europesays.com\/fr\/wp-json\/wp\/v2\/categories?post=280119"},{"taxonomy":"post_tag","embeddable":true,"href":"https:\/\/www.europesays.com\/fr\/wp-json\/wp\/v2\/tags?post=280119"}],"curies":[{"name":"wp","href":"https:\/\/api.w.org\/{rel}","templated":true}]}}