{"id":280121,"date":"2025-07-28T17:48:10","date_gmt":"2025-07-28T17:48:10","guid":{"rendered":"https:\/\/www.europesays.com\/fr\/280121\/"},"modified":"2025-07-28T17:48:10","modified_gmt":"2025-07-28T17:48:10","slug":"mercato-om-accord-total-avec-feyenoord-pour-la-venue-digor-paixao","status":"publish","type":"post","link":"https:\/\/www.europesays.com\/fr\/280121\/","title":{"rendered":"Mercato OM. Accord total avec Feyenoord pour la venue d\u2019Igor Paixao"},"content":{"rendered":"<p>La pers\u00e9v\u00e9rance des dirigeants de l\u2019OM a fini par porter ses fruits. Alors que Leeds \u00e9tait entr\u00e9 dans la danse avec des moyens financiers sup\u00e9rieurs,<a href=\"https:\/\/www.laprovence.com\/article\/om\/46162094372192\/mercato-om-igor-paixao-emballe-les-negociations-se-poursuivent-avec-feyenoord\" target=\"_blank\" rel=\"nofollow noopener\"> ils ont fini par convaincre Feyenoord<\/a> de leur c\u00e9der Igor Paixao. Les dirigeants olympiens ont consenti un effort pour parvenir \u00e0 leurs fins et offrir \u00e0 Roberto De Zerbi <a href=\"https:\/\/www.laprovence.com\/article\/om\/2071719139966714\/mercato-pourquoi-aguerd-et-paixao-plaisent-a-lom\" target=\"_blank\" rel=\"nofollow noopener\">une recrue qu\u2019il attendait de pied ferme<\/a> : le transfert s&rsquo;\u00e9l\u00e8verait, selon nos sources, \u00e0 30 millions d&rsquo;euros assortis de 5 millions de bonus.<\/p>\n<p>Le virevoltant ailier gauche br\u00e9silien (25\u00a0ans) avait trouv\u00e9 un accord contractuel avec l\u2019OM depuis plusieurs jours d\u00e9j\u00e0, sur les bases d\u2019un contrat de cinq ans. Paixao est autoris\u00e9 \u00e0 rejoindre Marseille pour passer les tests m\u00e9dicaux pr\u00e9alables \u00e0 son engagement en faveur de l\u2019Olympique.<\/p>\n<p>Il reste sur une saison stratosph\u00e9rique avec Feyenoord o\u00f9 il a inscrit 18 buts et d\u00e9livr\u00e9 19 passes d\u00e9cisives, toutes comp\u00e9titions confondues.<\/p>\n","protected":false},"excerpt":{"rendered":"La pers\u00e9v\u00e9rance des dirigeants de l\u2019OM a fini par porter ses fruits. Alors que Leeds \u00e9tait entr\u00e9 dans&hellip;\n","protected":false},"author":2,"featured_media":280122,"comment_status":"","ping_status":"","sticky":false,"template":"","format":"standard","meta":{"footnotes":""},"categories":[1410],"tags":[17,743,3396,40278,63,1011,27,1434,149,471,60,13422],"class_list":{"0":"post-280121","1":"post","2":"type-post","3":"status-publish","4":"format-standard","5":"has-post-thumbnail","7":"category-football","8":"tag-17","9":"tag-accord","10":"tag-avec","11":"tag-feyenoord","12":"tag-football","13":"tag-fr","14":"tag-france","15":"tag-mercato","16":"tag-om","17":"tag-pour","18":"tag-sports","19":"tag-total"},"share_on_mastodon":{"url":"https:\/\/pubeurope.com\/@fr\/114932121916136340","error":""},"_links":{"self":[{"href":"https:\/\/www.europesays.com\/fr\/wp-json\/wp\/v2\/posts\/280121","targetHints":{"allow":["GET"]}}],"collection":[{"href":"https:\/\/www.europesays.com\/fr\/wp-json\/wp\/v2\/posts"}],"about":[{"href":"https:\/\/www.europesays.com\/fr\/wp-json\/wp\/v2\/types\/post"}],"author":[{"embeddable":true,"href":"https:\/\/www.europesays.com\/fr\/wp-json\/wp\/v2\/users\/2"}],"replies":[{"embeddable":true,"href":"https:\/\/www.europesays.com\/fr\/wp-json\/wp\/v2\/comments?post=280121"}],"version-history":[{"count":0,"href":"https:\/\/www.europesays.com\/fr\/wp-json\/wp\/v2\/posts\/280121\/revisions"}],"wp:featuredmedia":[{"embeddable":true,"href":"https:\/\/www.europesays.com\/fr\/wp-json\/wp\/v2\/media\/280122"}],"wp:attachment":[{"href":"https:\/\/www.europesays.com\/fr\/wp-json\/wp\/v2\/media?parent=280121"}],"wp:term":[{"taxonomy":"category","embeddable":true,"href":"https:\/\/www.europesays.com\/fr\/wp-json\/wp\/v2\/categories?post=280121"},{"taxonomy":"post_tag","embeddable":true,"href":"https:\/\/www.europesays.com\/fr\/wp-json\/wp\/v2\/tags?post=280121"}],"curies":[{"name":"wp","href":"https:\/\/api.w.org\/{rel}","templated":true}]}}