{"id":280125,"date":"2025-07-28T17:50:11","date_gmt":"2025-07-28T17:50:11","guid":{"rendered":"https:\/\/www.europesays.com\/fr\/280125\/"},"modified":"2025-07-28T17:50:11","modified_gmt":"2025-07-28T17:50:11","slug":"les-yeux-dans-les-yeux-regards-croises-sur-les-portraits-de-la-collection-pinault-telerama","status":"publish","type":"post","link":"https:\/\/www.europesays.com\/fr\/280125\/","title":{"rendered":"\u201cLes yeux dans les yeux\u201d : regards crois\u00e9s sur les portraits de la collection Pinault &#8211; T\u00e9l\u00e9rama"},"content":{"rendered":"<ol>\n<li><a href=\"https:\/\/news.google.com\/rss\/articles\/CBMi1AFBVV95cUxNNnZEU0lfR3RZRnczN0lwbHFPS0tsMkZmMDFRVjd3aFFPVkNBUDhFM2xsaG9HZUNQSnJ5SDl1TU9hMllGSktZQXduTTFUdFF0cmcwOC0zX0RzNG9wVE9sVjhwcmI5MVlWMXZ5VzE3SVJzV1U3Q2RMT2pRQzNSV0tqUmdHUEpOWFFXWXVLVTRDNVNFLTNDN1Bvc1ZYbDhndHlWMzR2UHF0REpOdTk0R1lkaG5sNkJDYmlKcTV4ZldKUlp6RHhxemFWZXdFTXc1aU80MTdlNA?oc=5\" target=\"_blank\" rel=\"nofollow noopener\">\u201cLes yeux dans les yeux\u201d : regards crois\u00e9s sur les portraits de la collection Pinault<\/a>&nbsp;&nbsp;T\u00e9l\u00e9rama<\/li>\n<li><a href=\"https:\/\/news.google.com\/rss\/articles\/CBMi6AFBVV95cUxNUkhEaldjVzVvUFA3RWp1d0M5NF9lUk9OQ2NoMm5OSnJQQ29EYjgyaDBLcHl2NElrQmdwSl9kVTQ1U2hkVnZQMXBndzlLQVE0eU5ERDVraVhhXzg3aUpBb0MzOGlyTE5wdEtvOF95NHZaUGFJWFloSktmV3REN3dlSHk0blk0bHVXUmFMOXlGNGRTYVpnWkY5d1B3WFh1b1c4TFYtcVU0V2t5Zi1DajhGRElnQXZfYkpYVjhGa1BxYzd4NE9MYkRHbTFJM0hjWExBZ0xHTEVCNXlPVkZULVVXbGZUaDRiRkZq?oc=5\" target=\"_blank\" rel=\"nofollow noopener\">Expo Pinault \u00e0 Rennes. L\u2019autoportrait \u00e0 outrance de Cindy Sherman<\/a>&nbsp;&nbsp;Ouest-France<\/li>\n<li><a href=\"https:\/\/news.google.com\/rss\/articles\/CBMi5wFBVV95cUxNZDVvWnRNUEQ1YzQ0T1g2UlZJNjFza2M4SHNZNHhEQ19vUDZlMkVqeW5jdWhpR015aHJXRGoyZ29HOGJETFVDV1ZXN0R1Z2padjYtY1RYUmh2REFWcVJRZUlJUnFpZjN5Sl9LaFp2My11R0JBLWxGNnNhdlpuTWFEeUhHcmh3YTd2bWRudlY1eWk2U0dsWnFjV0dJX0RHTEptaE4yY1FoNko3NlAwWDA5RHFTUHhHMXBmbF9vU0FYVFJLV0lCZ0xURHJ1S1pRT19MY09zZEkyaGd5VlBRb0RGTEtOOElJVlk?oc=5\" target=\"_blank\" rel=\"nofollow noopener\">Six \u00e9tapes pour d\u00e9couvrir l\u2019exposition de la collection Pinault, au couvent des Jacobins<\/a>&nbsp;&nbsp;Maville<\/li>\n<li><a href=\"https:\/\/news.google.com\/rss\/articles\/CBMi5gFBVV95cUxPRmdEN01UZWQ5MFVUVEtBMGZjaDdybFNrREdfa053Mmc3dnVJNzlMOTkwTDB0NDloajJrYTZBYU10YjllX1dINDI0eDhvRXhQY0ZSV2pLWDVZdW9MY29lV2F3Q1JHUUw1OUs0S3l4cmJtemxSYlVfNjFVR3Fhb2F0ay16SjZMVUpDaUFSS1VHYTdNTGZOalhMXzNMZnZNMFpvOVJXRDR3SFE2OVUzOXM3X21YS2U0Wlk0MnJaZzU4Z1AwSmZ3X1luWTFDOWhVanVYM0JZUDRvbXhETFhlZGZCbHE5WF9Tdw?oc=5\" target=\"_blank\" rel=\"nofollow noopener\">ENTRETIEN. \u00ab Le cerveau sait retenir plus de 5 000 visages \u00bb : le portrait au centre de l\u2019expo Pinault<\/a>&nbsp;&nbsp;MSN<\/li>\n<li><a href=\"https:\/\/news.google.com\/rss\/articles\/CBMimwFBVV95cUxNNXF6LXRfbXpGRUw4TFBiVDJDNnhqaGhvbG91V25PTVlJRXhLeGVFMk5EcVhmOUtOMF93QVYwMWU0VURsS1FVUnhCYW84ZHR4RWlLUkVma2hxQVhxcDRINzRoY0VieUFvTGRBR2xUbUh6WnBCYlA3NlJXbGZ4UnowRkUtVVRCaFc2dDVFM3lkZ0VBd3B3LWNQNU84RQ?oc=5\" target=\"_blank\" rel=\"nofollow noopener\">Art contemporain : le portrait \u00e0 la Une \u00e0 Rennes avec Exporama<\/a>&nbsp;&nbsp;RCF Radio<\/li>\n<\/ol>\n","protected":false},"excerpt":{"rendered":"\u201cLes yeux dans les yeux\u201d : regards crois\u00e9s sur les portraits de la collection Pinault&nbsp;&nbsp;T\u00e9l\u00e9rama Expo Pinault \u00e0&hellip;\n","protected":false},"author":2,"featured_media":280126,"comment_status":"","ping_status":"","sticky":false,"template":"","format":"standard","meta":{"footnotes":""},"categories":[1358],"tags":[1348,1384,1385,1386,58,59,1011,27],"class_list":{"0":"post-280125","1":"post","2":"type-post","3":"status-publish","4":"format-standard","5":"has-post-thumbnail","7":"category-arts-et-design","8":"tag-arts","9":"tag-arts-and-design","10":"tag-arts-et-design","11":"tag-design","12":"tag-divertissement","13":"tag-entertainment","14":"tag-fr","15":"tag-france"},"share_on_mastodon":{"url":"https:\/\/pubeurope.com\/@fr\/114932129699873471","error":""},"_links":{"self":[{"href":"https:\/\/www.europesays.com\/fr\/wp-json\/wp\/v2\/posts\/280125","targetHints":{"allow":["GET"]}}],"collection":[{"href":"https:\/\/www.europesays.com\/fr\/wp-json\/wp\/v2\/posts"}],"about":[{"href":"https:\/\/www.europesays.com\/fr\/wp-json\/wp\/v2\/types\/post"}],"author":[{"embeddable":true,"href":"https:\/\/www.europesays.com\/fr\/wp-json\/wp\/v2\/users\/2"}],"replies":[{"embeddable":true,"href":"https:\/\/www.europesays.com\/fr\/wp-json\/wp\/v2\/comments?post=280125"}],"version-history":[{"count":0,"href":"https:\/\/www.europesays.com\/fr\/wp-json\/wp\/v2\/posts\/280125\/revisions"}],"wp:featuredmedia":[{"embeddable":true,"href":"https:\/\/www.europesays.com\/fr\/wp-json\/wp\/v2\/media\/280126"}],"wp:attachment":[{"href":"https:\/\/www.europesays.com\/fr\/wp-json\/wp\/v2\/media?parent=280125"}],"wp:term":[{"taxonomy":"category","embeddable":true,"href":"https:\/\/www.europesays.com\/fr\/wp-json\/wp\/v2\/categories?post=280125"},{"taxonomy":"post_tag","embeddable":true,"href":"https:\/\/www.europesays.com\/fr\/wp-json\/wp\/v2\/tags?post=280125"}],"curies":[{"name":"wp","href":"https:\/\/api.w.org\/{rel}","templated":true}]}}