{"id":280151,"date":"2025-07-28T18:03:12","date_gmt":"2025-07-28T18:03:12","guid":{"rendered":"https:\/\/www.europesays.com\/fr\/280151\/"},"modified":"2025-07-28T18:03:12","modified_gmt":"2025-07-28T18:03:12","slug":"loire-au-chambon-feugerolles-une-reserve-deau-pour-lutter-contre-les-incendies","status":"publish","type":"post","link":"https:\/\/www.europesays.com\/fr\/280151\/","title":{"rendered":"Loire. Au Chambon-Feugerolles, une r\u00e9serve d\u2019eau pour lutter contre les incendies"},"content":{"rendered":"<p>\u00c0 l\u2019heure o\u00f9 les sapeurs-pompiers sont largement mobilis\u00e9s sur les incendies dans le sud de la France, le risque dans les for\u00eats de la Loire n\u2019est pas pris \u00e0 la l\u00e9g\u00e8re.<\/p>\n<p>  Des sites sensibles dans l\u2019Ondaine<\/p>\n<p>Le sud du d\u00e9partement a d\u2019ailleurs \u00e9t\u00e9 r\u00e9cemment concern\u00e9, fin juin, quand plusieurs feux se sont propag\u00e9s sur <a href=\"https:\/\/www.leprogres.fr\/faits-divers-justice\/2025\/07\/01\/incendie-entre-le-pertuiset-et-le-dorier-un-site-sensible-un-risque-aggrave\" target=\"_blank\" rel=\"noopener\">la colline du Dorier, \u00e0 Unieux<\/a>.<\/p>\n<p>Si ce site des gorges de la Loire est un lieu sensible, d\u2019autres secteurs tr\u00e8s bois\u00e9s de l\u2019Ondaine sont soumis \u00e0 une certaine vigilance.C\u2019est le cas, au Chambon-Feugerolles, de la vall\u00e9e de Cotatay, dont les espaces bois\u00e9s rejoignent ceux du Pilat, \u00e0 Saint-Romain-les-Atheux ou encore Saint-Genest-Malifaux.<\/p>\n<p>Ce qui fait de cette vall\u00e9e un emplacement strat\u00e9gique. Mais qui ne b\u00e9n\u00e9ficiait pas, jusqu\u2019alors, de moyens suffisants pour lutter contre les incendies. C\u2019est maintenant chose faite puisqu\u2019un tout nouvel am\u00e9nagement vient d\u2019\u00eatre inaugur\u00e9, ce lundi matin, en pr\u00e9sence des \u00e9lus et des sapeurs-pompiers.<\/p>\n<p>  Une r\u00e9serve qui permet de remplir 30 camions incendie<\/p>\n<p>Une r\u00e9serve d\u2019eau de 120 m\u00e8tres cubes a \u00e9t\u00e9 cr\u00e9\u00e9e il y a quelques mois, tout \u00e0 c\u00f4t\u00e9 du centre d\u2019interpr\u00e9tation des usages de l\u2019eau de la vall\u00e9e de Cotatay. Un volume tr\u00e8s cons\u00e9quent, qui provient du barrage tout proche et qui permettra aux camions-citernes de venir se ravitailler en cas d\u2019incendie dans le secteur.<\/p>\n<p>Pour donner une id\u00e9e de ce que repr\u00e9sentent 120 m 3 , cela permet de remplir trente fois un v\u00e9hicule de secours qui contient 3\u00a0500 litres, a d\u00e9taill\u00e9 <a href=\"https:\/\/www.leprogres.fr\/societe\/2023\/03\/19\/passation-de-commandement-au-sdis-loire\" target=\"_blank\" rel=\"noopener\">\u00c9ric Meunier<\/a> , directeur du Sdis (Service d\u00e9partemental d\u2019incendie et de secours). \u00ab\u00a0Les incendies ne repr\u00e9sentent que 5\u00a0% du total de nos interventions chaque ann\u00e9e, soit 2\u00a0800, mais ce sont les interventions les plus longues.\u00a0\u00bb<\/p>\n<p>  Un plan d\u2019investissement de 2\u00a0M\u20ac par an pendant dix ans<\/p>\n<p>De quoi s\u00e9curiser et rassurer les habitants de la vall\u00e9e de Cotatay, s\u2019est satisfait le maire, David Fara\u00a0: \u00ab\u00a0La for\u00eat est tr\u00e8s pr\u00e9sente et en cas d\u2019incendie, les risques sont cons\u00e9quents, notamment pour les habitants. La difficult\u00e9 \u00e9tait d\u2019int\u00e9grer cet am\u00e9nagement dans la vall\u00e9e. Nous avons d\u00e9moli un ancien b\u00e2timent pour cr\u00e9er cette r\u00e9serve, un \u00e9quipement tr\u00e8s important pour les sapeurs-pompiers.\u00a0\u00bb<\/p>\n<p>La comp\u00e9tence de d\u00e9fense contre les incendies est, depuis 2018, assur\u00e9e par Saint-\u00c9tienne M\u00e9tropole, a rappel\u00e9 Bernard Bonnet, vice-pr\u00e9sident en charge de l\u2019eau.<\/p>\n<p>C\u2019est donc la M\u00e9tropole qui finance ce type d\u2019am\u00e9nagements, \u00e0 hauteur de 2,25\u00a0millions d\u2019euros pour 2025\u00a0: \u00ab\u00a0Nous avons un plan massif d\u2019investissement de 2\u00a0M\u20ac par an pendant dix ans. Il fallait qu\u2019on se mette en conformit\u00e9 avec le sch\u00e9ma d\u00e9partemental d\u2019analyse et de couverture des risques.\u00a0\u00bb<\/p>\n<p>  Les 53 communes de la m\u00e9tropole analys\u00e9es pour le risque incendie<\/p>\n<p>Un \u00e9tat des lieux a \u00e9t\u00e9 r\u00e9alis\u00e9 dans toute la m\u00e9tropole et un recensement a \u00e9t\u00e9 fait dans chacune des 53 communes pour mesurer ce qui devait \u00eatre fait en mati\u00e8re de risque incendie.<\/p>\n<p>Plusieurs lieux strat\u00e9giques ont ainsi \u00e9t\u00e9 d\u00e9termin\u00e9s pour l\u2019installation de ces am\u00e9nagements de d\u00e9fense ext\u00e9rieure contre les incendies, \u00e0 Rochetaill\u00e9e, Saint-Joseph, Sainte-Croix-en-Jarez, Saint-Maurice-en-Gourgois,\u00a0etc.<\/p>\n<p>De plus, a annonc\u00e9 Bernard Bonnet, \u00ab\u00a0nous avons recens\u00e9 4\u00a0200 poteaux incendies qui doivent \u00eatre renouvel\u00e9s. Ils doivent \u00eatre chang\u00e9s tous les 50 ans et nous pr\u00e9voyons\u00a0donc le renouvellement de 80 \u00e0 100 poteaux chaque ann\u00e9e\u00a0\u00bb.<\/p>\n<p>  Objectif\u00a0: utiliser un maximum d\u2019eau brute<\/p>\n<p>\u00ab\u00a0C\u2019est un travail de longue haleine sur dix ans qu\u2019a engag\u00e9 Saint-\u00c9tienne M\u00e9tropole, a soulign\u00e9 le vice-pr\u00e9sident. On r\u00e9fl\u00e9chit \u00e0 trouver des \u00e9conomies, pourquoi pas en utilisant d\u2019anciens ouvrages d\u2019eau potable qu\u2019on pourrait remplir, ou encore en utilisant l\u2019eau des piscines municipales lorsqu\u2019il y a des vidanges.\u00a0\u00bb<\/p>\n<p>Car se pose aussi, \u00e9videmment, la question de la ressource en eau. \u00ab\u00a080\u00a0% de l\u2019eau utilis\u00e9e pour \u00e9teindre les incendies est de l\u2019eau potable\u00a0\u00bb, a soulign\u00e9 \u00c9ric Meunier. D\u2019o\u00f9 l\u2019int\u00e9r\u00eat de multiplier les r\u00e9serves qui utilisent de l\u2019eau brute, comme celle de la vall\u00e9e de Cotatay.<\/p>\n<p>Sur la commune du Chambon-Feugerolles, trois autres am\u00e9nagements similaires, mais plus petits, existent d\u00e9j\u00e0 du c\u00f4t\u00e9 du massif du Pilat, ainsi que deux poteaux branch\u00e9s \u00e0 la conduite du barrage. Des \u00e9quipements salu\u00e9s par les sapeurs-pompiers chambonnaires, qui disposent, dans leur caserne, de trois camions pour lutter contre les incendies.<\/p>\n","protected":false},"excerpt":{"rendered":"\u00c0 l\u2019heure o\u00f9 les sapeurs-pompiers sont largement mobilis\u00e9s sur les incendies dans le sud de la France, le&hellip;\n","protected":false},"author":2,"featured_media":280152,"comment_status":"","ping_status":"","sticky":false,"template":"","format":"standard","meta":{"footnotes":""},"categories":[9653],"tags":[1111,11,2430,12162,7539,436,1777,674,1011,27,12161,3367,12,25,4001,104],"class_list":{"0":"post-280151","1":"post","2":"type-post","3":"status-publish","4":"format-standard","5":"has-post-thumbnail","7":"category-saint-etienne","8":"tag-actu","9":"tag-actualites","10":"tag-auvergne-rhone-alpes","11":"tag-chambon-feugerolles-ville","12":"tag-edition-loire-sud","13":"tag-environnement","14":"tag-eu","15":"tag-europe","16":"tag-fr","17":"tag-france","18":"tag-le-chambon-feugerolles","19":"tag-loire","20":"tag-news","21":"tag-republique-francaise","22":"tag-saint-etienne","23":"tag-societe"},"share_on_mastodon":{"url":"https:\/\/pubeurope.com\/@fr\/114932180875081024","error":""},"_links":{"self":[{"href":"https:\/\/www.europesays.com\/fr\/wp-json\/wp\/v2\/posts\/280151","targetHints":{"allow":["GET"]}}],"collection":[{"href":"https:\/\/www.europesays.com\/fr\/wp-json\/wp\/v2\/posts"}],"about":[{"href":"https:\/\/www.europesays.com\/fr\/wp-json\/wp\/v2\/types\/post"}],"author":[{"embeddable":true,"href":"https:\/\/www.europesays.com\/fr\/wp-json\/wp\/v2\/users\/2"}],"replies":[{"embeddable":true,"href":"https:\/\/www.europesays.com\/fr\/wp-json\/wp\/v2\/comments?post=280151"}],"version-history":[{"count":0,"href":"https:\/\/www.europesays.com\/fr\/wp-json\/wp\/v2\/posts\/280151\/revisions"}],"wp:featuredmedia":[{"embeddable":true,"href":"https:\/\/www.europesays.com\/fr\/wp-json\/wp\/v2\/media\/280152"}],"wp:attachment":[{"href":"https:\/\/www.europesays.com\/fr\/wp-json\/wp\/v2\/media?parent=280151"}],"wp:term":[{"taxonomy":"category","embeddable":true,"href":"https:\/\/www.europesays.com\/fr\/wp-json\/wp\/v2\/categories?post=280151"},{"taxonomy":"post_tag","embeddable":true,"href":"https:\/\/www.europesays.com\/fr\/wp-json\/wp\/v2\/tags?post=280151"}],"curies":[{"name":"wp","href":"https:\/\/api.w.org\/{rel}","templated":true}]}}