{"id":280157,"date":"2025-07-28T18:06:22","date_gmt":"2025-07-28T18:06:22","guid":{"rendered":"https:\/\/www.europesays.com\/fr\/280157\/"},"modified":"2025-07-28T18:06:22","modified_gmt":"2025-07-28T18:06:22","slug":"nancy-le-phallus-de-titan-tintin-bat-son-record-de-taille-avant-sa-deuxieme-floraison-dans-les-prochains-jours","status":"publish","type":"post","link":"https:\/\/www.europesays.com\/fr\/280157\/","title":{"rendered":"Nancy. Le phallus de titan \u00ab\u00a0Tintin\u00a0\u00bb bat son record de taille avant sa deuxi\u00e8me floraison dans les prochains jours"},"content":{"rendered":"<p>\u00c7a y est, le cap est atteint et m\u00eame franchi\u00a0: <a href=\"https:\/\/www.estrepublicain.fr\/environnement\/2025\/07\/25\/tintin-le-phallus-de-titan-va-s-ouvrir-pas-rare-mais-rarissime\" target=\"_blank\" rel=\"noopener\">2 m\u00e8tres. Tintin a d\u00e9pass\u00e9 la barre symbolique<\/a> et donc supplante bel et bien son propre record atteint en juillet\u00a02023. Mais, comme d\u00e9j\u00e0 pr\u00e9cis\u00e9 la semaine derni\u00e8re, aussi longtemps qu\u2019il pousse, le d\u00e9nomm\u00e9 Tintin, amorphophallus de son \u00e9tat (ou arum titan\/p\u00e9nis de titan\/phallus de titan) ne s\u2019ouvrira pas.<\/p>\n<p>Au jardin botanique, ses \u00ab\u00a0soigneurs\u00a0\u00bb doivent donc patienter plus que pr\u00e9vu, la floraison de cette plante originaire de Sumatra ne pouvant se faire qu\u2019une fois sa pouss\u00e9e de croissance achev\u00e9e. Tel est le principe de ce spectacle que s\u2019appr\u00eate \u00e0 donner Tintin pour la seconde fois de son existence, \u00e0 la grande joie du jardin Jean-Marie Pelt qui s\u2019offre, ainsi, une premi\u00e8re en France.<\/p>\n<p>Jamais, avant cela, un m\u00eame arum titan n\u2019avait fleuri deux fois. L\u2019inflorescence \u00e9tant rare en soi, un \u00ab\u00a0bis\u00a0\u00bb rev\u00eat, de fait, un caract\u00e8re tout \u00e0 fait exceptionnel.<\/p>\n<p>Deux ans apr\u00e8s le spectacle de <a href=\"https:\/\/www.estrepublicain.fr\/environnement\/2023\/07\/11\/jardin-botanique-l-arum-titan-devrait-s-ouvrir-des-ce-mardi-soir\" target=\"_blank\" rel=\"noopener\">sa premi\u00e8re floraison,<\/a> qui avait attir\u00e9 20\u00a0000 personnes dans les serres de Villers-l\u00e8s-Nancy, Tintin confirme donc se sentir particuli\u00e8rement \u00e0 l\u2019aise dans cet environnement lorrain.<\/p>\n<p>  Grandeur et d\u00e9cadence<\/p>\n<p>Cela dit, ce g\u00e9ant du r\u00e8gne v\u00e9g\u00e9tal ne semble pas press\u00e9 de triompher. Avant le week-end, le jardin annon\u00e7ait une ouverture probable pour lundi, voire mardi. Mais compte tenu de l\u2019ardeur affich\u00e9e par la plante \u00e0 ajouter jour apr\u00e8s jour quelques centim\u00e8tres de plus, d\u00e9sormais les experts parient plut\u00f4t pour une ouverture jeudi prochain, voire vendredi\u00a0!<\/p>\n<p>On peut comprendre son peu d\u2019empressement, il est vrai. Car aussit\u00f4t en fleur, <a href=\"https:\/\/www.estrepublicain.fr\/insolite\/2023\/07\/12\/la-nuit-5-000-personnes-pour-le-phallus-de-titan-au-jardin-botanique-de-nancy\" target=\"_blank\" rel=\"noopener\"> l\u2019amorphophallus d\u00e9gagera une odeur pestilentielle<\/a> en m\u00eame temps qu\u2019il commencera \u00e0 d\u00e9p\u00e9rir. Au bout de 24-36 heures, c\u2019en sera ainsi fini du spectacle\u2026<\/p>\n<p>Mais pas du v\u00e9g\u00e9tal\u00a0! Et, qui sait\u00a0? Compte tenu de l\u2019expertise de Douglas Tavares, son jardinier soigneur qui a fait des miracles jusqu\u2019\u00e0 pr\u00e9sent, peut-\u00eatre y aura-t-il une troisi\u00e8me fois\u00a0?<\/p>\n","protected":false},"excerpt":{"rendered":"\u00c7a y est, le cap est atteint et m\u00eame franchi\u00a0: 2 m\u00e8tres. Tintin a d\u00e9pass\u00e9 la barre symbolique&hellip;\n","protected":false},"author":2,"featured_media":280158,"comment_status":"","ping_status":"","sticky":false,"template":"","format":"standard","meta":{"footnotes":""},"categories":[9635],"tags":[1111,11,1707,1704,1706,1705,436,1777,674,1011,27,775,1757,1702,1703,12,25,767],"class_list":{"0":"post-280157","1":"post","2":"type-post","3":"status-publish","4":"format-standard","5":"has-post-thumbnail","7":"category-nancy","8":"tag-actu","9":"tag-actualites","10":"tag-edition-luneville","11":"tag-edition-nancy-et-agglomeration","12":"tag-edition-pont-a-mousson","13":"tag-edition-toul","14":"tag-environnement","15":"tag-eu","16":"tag-europe","17":"tag-fr","18":"tag-france","19":"tag-grand-est","20":"tag-insolite","21":"tag-nancy","22":"tag-nancy-ville-54b","23":"tag-news","24":"tag-republique-francaise","25":"tag-science-et-technologie"},"share_on_mastodon":{"url":"https:\/\/pubeurope.com\/@fr\/114932192684387450","error":""},"_links":{"self":[{"href":"https:\/\/www.europesays.com\/fr\/wp-json\/wp\/v2\/posts\/280157","targetHints":{"allow":["GET"]}}],"collection":[{"href":"https:\/\/www.europesays.com\/fr\/wp-json\/wp\/v2\/posts"}],"about":[{"href":"https:\/\/www.europesays.com\/fr\/wp-json\/wp\/v2\/types\/post"}],"author":[{"embeddable":true,"href":"https:\/\/www.europesays.com\/fr\/wp-json\/wp\/v2\/users\/2"}],"replies":[{"embeddable":true,"href":"https:\/\/www.europesays.com\/fr\/wp-json\/wp\/v2\/comments?post=280157"}],"version-history":[{"count":0,"href":"https:\/\/www.europesays.com\/fr\/wp-json\/wp\/v2\/posts\/280157\/revisions"}],"wp:featuredmedia":[{"embeddable":true,"href":"https:\/\/www.europesays.com\/fr\/wp-json\/wp\/v2\/media\/280158"}],"wp:attachment":[{"href":"https:\/\/www.europesays.com\/fr\/wp-json\/wp\/v2\/media?parent=280157"}],"wp:term":[{"taxonomy":"category","embeddable":true,"href":"https:\/\/www.europesays.com\/fr\/wp-json\/wp\/v2\/categories?post=280157"},{"taxonomy":"post_tag","embeddable":true,"href":"https:\/\/www.europesays.com\/fr\/wp-json\/wp\/v2\/tags?post=280157"}],"curies":[{"name":"wp","href":"https:\/\/api.w.org\/{rel}","templated":true}]}}