{"id":280173,"date":"2025-07-28T18:14:12","date_gmt":"2025-07-28T18:14:12","guid":{"rendered":"https:\/\/www.europesays.com\/fr\/280173\/"},"modified":"2025-07-28T18:14:12","modified_gmt":"2025-07-28T18:14:12","slug":"grenoble-une-belle-soiree-dete-au-quartier-saint-laurent","status":"publish","type":"post","link":"https:\/\/www.europesays.com\/fr\/280173\/","title":{"rendered":"Grenoble. Une belle soir\u00e9e d\u2019\u00e9t\u00e9 au quartier Saint Laurent"},"content":{"rendered":"<p>Comme chaque p\u00e9riode de l\u2019ann\u00e9e, la Maison pour tous et la MDH centre-ville ont organis\u00e9 la soir\u00e9e d\u2019\u00e9t\u00e9 pour les habitants du quartier. Malgr\u00e9 le mauvais temps, un concert de samba, des jeux de soci\u00e9t\u00e9, biblioth\u00e8que de rue, buvette et un stand repas ont \u00e9t\u00e9 propos\u00e9s aux participants. Selon les organisateurs, plus de 150 personnes ont profit\u00e9 de cette soir\u00e9e.<\/p>\n","protected":false},"excerpt":{"rendered":"Comme chaque p\u00e9riode de l\u2019ann\u00e9e, la Maison pour tous et la MDH centre-ville ont organis\u00e9 la soir\u00e9e d\u2019\u00e9t\u00e9&hellip;\n","protected":false},"author":2,"featured_media":280174,"comment_status":"","ping_status":"","sticky":false,"template":"","format":"standard","meta":{"footnotes":""},"categories":[9566],"tags":[1111,11,2430,112,1777,674,1011,27,2731,2732,12,25,104,1631],"class_list":{"0":"post-280173","1":"post","2":"type-post","3":"status-publish","4":"format-standard","5":"has-post-thumbnail","7":"category-grenoble","8":"tag-actu","9":"tag-actualites","10":"tag-auvergne-rhone-alpes","11":"tag-edition-grenoble-agglomeration","12":"tag-eu","13":"tag-europe","14":"tag-fr","15":"tag-france","16":"tag-grenoble","17":"tag-grenoble-bassin","18":"tag-news","19":"tag-republique-francaise","20":"tag-societe","21":"tag-vie-associative"},"share_on_mastodon":{"url":"https:\/\/pubeurope.com\/@fr\/114932224111196502","error":""},"_links":{"self":[{"href":"https:\/\/www.europesays.com\/fr\/wp-json\/wp\/v2\/posts\/280173","targetHints":{"allow":["GET"]}}],"collection":[{"href":"https:\/\/www.europesays.com\/fr\/wp-json\/wp\/v2\/posts"}],"about":[{"href":"https:\/\/www.europesays.com\/fr\/wp-json\/wp\/v2\/types\/post"}],"author":[{"embeddable":true,"href":"https:\/\/www.europesays.com\/fr\/wp-json\/wp\/v2\/users\/2"}],"replies":[{"embeddable":true,"href":"https:\/\/www.europesays.com\/fr\/wp-json\/wp\/v2\/comments?post=280173"}],"version-history":[{"count":0,"href":"https:\/\/www.europesays.com\/fr\/wp-json\/wp\/v2\/posts\/280173\/revisions"}],"wp:featuredmedia":[{"embeddable":true,"href":"https:\/\/www.europesays.com\/fr\/wp-json\/wp\/v2\/media\/280174"}],"wp:attachment":[{"href":"https:\/\/www.europesays.com\/fr\/wp-json\/wp\/v2\/media?parent=280173"}],"wp:term":[{"taxonomy":"category","embeddable":true,"href":"https:\/\/www.europesays.com\/fr\/wp-json\/wp\/v2\/categories?post=280173"},{"taxonomy":"post_tag","embeddable":true,"href":"https:\/\/www.europesays.com\/fr\/wp-json\/wp\/v2\/tags?post=280173"}],"curies":[{"name":"wp","href":"https:\/\/api.w.org\/{rel}","templated":true}]}}