{"id":28018,"date":"2025-04-16T00:59:11","date_gmt":"2025-04-16T00:59:11","guid":{"rendered":"https:\/\/www.europesays.com\/fr\/28018\/"},"modified":"2025-04-16T00:59:11","modified_gmt":"2025-04-16T00:59:11","slug":"donald-trump-na-pas-apprecie-la-question-de-cette-journaliste-star-de-cnn-dans-le-bureau-ovale","status":"publish","type":"post","link":"https:\/\/www.europesays.com\/fr\/28018\/","title":{"rendered":"Donald Trump n\u2019a pas appr\u00e9ci\u00e9 la question de cette journaliste star de CNN dans le Bureau ovale"},"content":{"rendered":"<p>\u00c9TATS-UNIS &#8211; Dans le Bureau ovale de la Maison Blanche, Donald Trump est roi. C\u2019est ce qui ressort des \u00e9changes qui s\u2019y sont d\u00e9roul\u00e9s lundi 14\u00a0avril, alors que <a href=\"https:\/\/fr.news.yahoo.com\/contre-donald-trump-depuis-coachella-081943472.html\" data-ylk=\"slk:le pr\u00e9sident am\u00e9ricain;elm:context_link;itc:0;sec:content-canvas;outcm:mb_qualified_link;_E:mb_qualified_link;ct:story;\" class=\"link  yahoo-link\" target=\"_blank\" rel=\"noopener\">le pr\u00e9sident am\u00e9ricain<\/a> recevait son homologue salvadorien Nayib Bukele.<\/p>\n<p>Une journaliste star de CNN, Kaitlan Collins, en a ainsi pris pour son grade apr\u00e8s avoir demand\u00e9 \u00e0 Donald Trump pourquoi <a href=\"https:\/\/fr.news.yahoo.com\/linda-mcmahon-ministre-l-%C3%A9ducation-170010406.html\" data-ylk=\"slk:son administration;elm:context_link;itc:0;sec:content-canvas;outcm:mb_qualified_link;_E:mb_qualified_link;ct:story;\" class=\"link  yahoo-link\" target=\"_blank\" rel=\"noopener\">son administration<\/a> refusait de se conformer \u00e0 <a href=\"https:\/\/fr.news.yahoo.com\/cour-supr%C3%AAme-somme-l-administration-075003095.html\" data-ylk=\"slk:une ordonnance de la Cour supr\u00eame;elm:context_link;itc:0;sec:content-canvas;outcm:mb_qualified_link;_E:mb_qualified_link;ct:story;\" class=\"link  yahoo-link\" target=\"_blank\" rel=\"noopener\">une ordonnance de la Cour supr\u00eame<\/a>, dans l\u2019affaire de l\u2019expulsion tr\u00e8s m\u00e9diatis\u00e9e de Kilmar \u00c1brego Garc\u00eda.<\/p>\n<p><a href=\"https:\/\/fr.news.yahoo.com\/nayib-bukele-pr%C3%A9sident-salvador-nouvel-130334065.html\" data-ylk=\"slk:Qui est Nayib Bukele, pr\u00e9sident du Salvador et nouvel alli\u00e9 de Donald Trump\u00a0?;elm:context_link;itc:0;sec:content-canvas;outcm:mb_qualified_link;_E:mb_qualified_link;ct:story;\" class=\"link  yahoo-link\" target=\"_blank\" rel=\"noopener\"> Qui est Nayib Bukele, pr\u00e9sident du Salvador et nouvel alli\u00e9 de Donald Trump\u00a0? <\/a><\/p>\n<p>Cet immigr\u00e9 salvadorien, en principe inexpulsable depuis 2019, est au c\u0153ur d\u2019un imbroglio judiciaire\u00a0: la justice am\u00e9ricaine exige qu\u2019il soit ramen\u00e9 aux \u00c9tats-Unis, estimant que son expulsion \u00e9tait ill\u00e9gale, alors que l\u2019administration Trump, tout en reconnaissant une \u00ab\u00a0erreur administrative\u00a0\u00bb dans ce dossier, explique qu\u2019elle n\u2019a plus aucun pouvoir sur son sort puisqu\u2019il se trouve sur le sol salvadorien.<\/p>\n<p>\u00ab\u00a0Vous avez dit que vous vous conformeriez\u00a0\u00e0 la d\u00e9cision de la Cour supr\u00eame si cette derni\u00e8re stipulait que quelqu\u2019un doit \u00eatre rapatri\u00e9 [aux \u00c9tats-Unis]\u00a0\u00bb, a rappel\u00e9 Kaitlan Collins \u00e0 Donald Trump dans le Bureau ovale, <a href=\"https:\/\/www.huffpost.com\/entry\/trump-insults-kaitlan-collins-supreme-court-deportation-question_n_67fc1792e4b0afe00ba8e79f\" rel=\"nofollow noopener\" target=\"_blank\" data-ylk=\"slk:comme le rapporte le HuffPost am\u00e9ricain;elm:context_link;itc:0;sec:content-canvas\" class=\"link \">comme le rapporte le HuffPost am\u00e9ricain<\/a>.<\/p>\n<p>Le pr\u00e9sident r\u00e9publicain, visiblement irrit\u00e9, l\u2019a alors interrompue, esquivant compl\u00e8tement la question, <strong>comme vous pouvez le voir dans la vid\u00e9o ci-dessous<\/strong>\u00a0: \u00ab\u00a0pourquoi ne dites-vous pas simplement\u00a0: \u201cn\u2019est-il pas merveilleux que nous tenions les criminels \u00e0 l\u2019\u00e9cart de notre pays\u201d\u00a0?\u00a0\u00bb Et Donald Trump d\u2019ajouter\u00a0: \u00ab\u00a0c\u2019est pour \u00e7a que plus personne ne vous regarde. Vous n\u2019avez aucune cr\u00e9dibilit\u00e9.\u00a0\u00bb<\/p>\n<blockquote placeholder=\"\" data-theme=\"light\" class=\"twitter-tweet\">\n<p>Collins: You said if The Supreme Court said if someone needed to be returned, you would abide by that<\/p>\n<p>Trump: Why don\u2019t you just say isn\u2019t it wonderful that we\u2019re keeping criminals out of our country? That\u2019s why nobody watches you. <a href=\"https:\/\/t.co\/ti1z3pJiGW\" rel=\"nofollow noopener\" target=\"_blank\" data-ylk=\"slk:pic.twitter.com\/ti1z3pJiGW;elm:context_link;itc:0;sec:content-canvas\" class=\"link \">pic.twitter.com\/ti1z3pJiGW<\/a><\/p>\n<p>\u2014 Acyn (@Acyn) <a href=\"https:\/\/twitter.com\/Acyn\/status\/1911812958218490149?ref_src=twsrc%5Etfw\" rel=\"nofollow noopener\" target=\"_blank\" data-ylk=\"slk:April 14, 2025;elm:context_link;itc:0;sec:content-canvas\" class=\"link \">April 14, 2025<\/a><\/p>\n<\/blockquote>\n<p>Pas une premi\u00e8re entre Donald Trump et Kaitlan Collins<\/p>\n<p>Kaitlan Collins, correspondante de presse \u00e0 la Maison Blanche depuis plusieurs ann\u00e9es, avait d\u00e9j\u00e0 \u00e9t\u00e9 ignor\u00e9e par Donald Trump lors de son premier mandat, lorsqu\u2019elle lui avait pos\u00e9 des questions sur Vladimir Poutine en 2018.<\/p>\n<p>En mai\u00a02023, lors d\u2019une r\u00e9union publique mod\u00e9r\u00e9e par la journaliste, Donald Trump <a href=\"https:\/\/edition.cnn.com\/politics\/live-news\/trump-cnn-town-hall#h_b9b3605de6126fe52514f471fdc61653\" rel=\"nofollow noopener\" target=\"_blank\" data-ylk=\"slk:l\u2019avait aussi qualifi\u00e9e de \u00ab\u00a0m\u00e9chante personne\u00a0\u00bb;elm:context_link;itc:0;sec:content-canvas\" class=\"link \">l\u2019avait aussi qualifi\u00e9e de \u00ab\u00a0m\u00e9chante personne\u00a0\u00bb<\/a>, alors qu\u2019elle lui avait demand\u00e9 pourquoi il avait conserv\u00e9 des documents classifi\u00e9s lorsqu\u2019il avait quitt\u00e9 la Maison Blanche en 2021.<\/p>\n<p>Kilmar \u00c1brego Garc\u00eda vivait aux \u00c9tats-Unis en vertu d\u2019une ordonnance de protection qui l\u2019emp\u00eachait de rentrer au Salvador. Ses avocats ont affirm\u00e9 qu\u2019il fuyait la violence des gangs.<\/p>\n<blockquote placeholder=\"\" data-theme=\"light\" class=\"twitter-tweet\">\n<p>President Trump and President Bukele both made clear in the Oval Office today that they do not intend to return Kilmar Armando Abrego Garcia to the U.S. following the Supreme Court&rsquo;s ruling. \u00ab\u00a0How can I smuggle a terrorist into the United States? Of course I&rsquo;m not going to do it.\u2026 <a href=\"https:\/\/t.co\/FZbvEySzmk\" rel=\"nofollow noopener\" target=\"_blank\" data-ylk=\"slk:pic.twitter.com\/FZbvEySzmk;elm:context_link;itc:0;sec:content-canvas\" class=\"link \">pic.twitter.com\/FZbvEySzmk<\/a><\/p>\n<p>\u2014 Kaitlan Collins (@kaitlancollins) <a href=\"https:\/\/twitter.com\/kaitlancollins\/status\/1911824549651358069?ref_src=twsrc%5Etfw\" rel=\"nofollow noopener\" target=\"_blank\" data-ylk=\"slk:April 14, 2025;elm:context_link;itc:0;sec:content-canvas\" class=\"link \">April 14, 2025<\/a><\/p>\n<\/blockquote>\n<p>Interrog\u00e9 lundi \u00e0 ce sujet, Nayib Bukele a exclu tout geste en faveur de ce jeune habitant du Maryland. \u00ab\u00a0Comment puis-je le renvoyer aux \u00c9tats-Unis\u00a0? Je le fais venir clandestinement aux \u00c9tats-Unis\u00a0? Bien entendu, je ne vais pas faire \u00e7a. La question est absurde (&#8230;) Je n\u2019ai pas le pouvoir de le renvoyer vers les \u00c9tats-Unis\u00a0\u00bb, a-t-il d\u00e9clar\u00e9 dans le Bureau ovale.<\/p>\n<p><strong>\u00c0 voir \u00e9galement sur Le HuffPost\u00a0:<\/strong><\/p>\n<p><a href=\"https:\/\/fr.news.yahoo.com\/harvard-refuse-plier-injonctions-trump-201326145.html\" data-ylk=\"slk:Harvard refuse de se plier aux injonctions de Trump, la Maison Blanche g\u00e8le 2,2\u00a0milliards de subventions;elm:context_link;itc:0;sec:content-canvas;outcm:mb_qualified_link;_E:mb_qualified_link;ct:story;\" class=\"link  yahoo-link\" target=\"_blank\" rel=\"noopener\"> Harvard refuse de se plier aux injonctions de Trump, la Maison Blanche g\u00e8le 2,2\u00a0milliards de subventions <\/a><\/p>\n<p><a href=\"https:\/\/fr.news.yahoo.com\/tenter-d-assassiner-donald-trump-190009107.html\" data-ylk=\"slk:Pour tenter d\u2019assassiner Donald Trump, il tue ses parents\u00a0: l\u2019effroyable plan de cet ado am\u00e9ricain;elm:context_link;itc:0;sec:content-canvas;outcm:mb_qualified_link;_E:mb_qualified_link;ct:story;\" class=\"link  yahoo-link\" target=\"_blank\" rel=\"noopener\"> Pour tenter d\u2019assassiner Donald Trump, il tue ses parents\u00a0: l\u2019effroyable plan de cet ado am\u00e9ricain <\/a><\/p>\n<p><script async src=\"https:\/\/platform.twitter.com\/widgets.js\" charset=\"utf-8\"><\/script><\/p>\n","protected":false},"excerpt":{"rendered":"\u00c9TATS-UNIS &#8211; Dans le Bureau ovale de la Maison Blanche, Donald Trump est roi. C\u2019est ce qui ressort&hellip;\n","protected":false},"author":2,"featured_media":28019,"comment_status":"","ping_status":"","sticky":false,"template":"","format":"standard","meta":{"footnotes":""},"categories":[5],"tags":[11,9206,75,1011,27,14,9836,1324,9837,12,28],"class_list":{"0":"post-28018","1":"post","2":"type-post","3":"status-publish","4":"format-standard","5":"has-post-thumbnail","7":"category-international","8":"tag-actualites","9":"tag-bureau-ovale","10":"tag-donald-trump","11":"tag-fr","12":"tag-france","13":"tag-international","14":"tag-kaitlan-collins","15":"tag-la-maison-blanche","16":"tag-nayib-bukele","17":"tag-news","18":"tag-world"},"share_on_mastodon":{"url":"https:\/\/pubeurope.com\/@fr\/114344936298266989","error":""},"_links":{"self":[{"href":"https:\/\/www.europesays.com\/fr\/wp-json\/wp\/v2\/posts\/28018","targetHints":{"allow":["GET"]}}],"collection":[{"href":"https:\/\/www.europesays.com\/fr\/wp-json\/wp\/v2\/posts"}],"about":[{"href":"https:\/\/www.europesays.com\/fr\/wp-json\/wp\/v2\/types\/post"}],"author":[{"embeddable":true,"href":"https:\/\/www.europesays.com\/fr\/wp-json\/wp\/v2\/users\/2"}],"replies":[{"embeddable":true,"href":"https:\/\/www.europesays.com\/fr\/wp-json\/wp\/v2\/comments?post=28018"}],"version-history":[{"count":0,"href":"https:\/\/www.europesays.com\/fr\/wp-json\/wp\/v2\/posts\/28018\/revisions"}],"wp:featuredmedia":[{"embeddable":true,"href":"https:\/\/www.europesays.com\/fr\/wp-json\/wp\/v2\/media\/28019"}],"wp:attachment":[{"href":"https:\/\/www.europesays.com\/fr\/wp-json\/wp\/v2\/media?parent=28018"}],"wp:term":[{"taxonomy":"category","embeddable":true,"href":"https:\/\/www.europesays.com\/fr\/wp-json\/wp\/v2\/categories?post=28018"},{"taxonomy":"post_tag","embeddable":true,"href":"https:\/\/www.europesays.com\/fr\/wp-json\/wp\/v2\/tags?post=28018"}],"curies":[{"name":"wp","href":"https:\/\/api.w.org\/{rel}","templated":true}]}}