{"id":280190,"date":"2025-07-28T18:23:09","date_gmt":"2025-07-28T18:23:09","guid":{"rendered":"https:\/\/www.europesays.com\/fr\/280190\/"},"modified":"2025-07-28T18:23:09","modified_gmt":"2025-07-28T18:23:09","slug":"les-negociants-bordelais-sont-fixes-apres-des-mois-dincertitude-et-de-crise","status":"publish","type":"post","link":"https:\/\/www.europesays.com\/fr\/280190\/","title":{"rendered":"les n\u00e9gociants bordelais sont fix\u00e9s apr\u00e8s des mois d&rsquo;incertitude et de crise"},"content":{"rendered":"<p>            Par<br \/>\n        <strong><br \/>\n            <a href=\"https:\/\/actu.fr\/auteur\/redaction-bordeaux\" title=\"Consulter tous les articles de R\u00e9daction Bordeaux\" rel=\"nofollow noopener\" target=\"_blank\">R\u00e9daction Bordeaux<\/a><br \/>\n        <\/strong><\/p>\n<p>        Publi\u00e9 le<\/p>\n<p>            28 juil. 2025 \u00e0 20h02        <\/p>\n<p>Augmenteront-ils de 10\u2009%\u2009? 30\u2009%\u2009? 200\u2009%\u2009? La r\u00e9ponse est tomb\u00e9e\u2009: l<a href=\"https:\/\/actu.fr\/monde\/15-de-droits-de-douane-que-change-l-accord-conclu-entre-donald-trump-et-l-union-europeenne_62963713.html\" rel=\"nofollow noopener\" target=\"_blank\">es \u00c9tats-Unis et l\u2019Union europ\u00e9enne ont conclu un accord<\/a>, dimanche 27\u00a0juillet, au terme d\u2019une rencontre en \u00c9cosse entre Donald Trump et Ursula von der Leyen, pr\u00e9sidente de la Commission europ\u00e9enne. <a href=\"https:\/\/actu.fr\/monde\/un-impact-enorme-comment-les-droits-de-douane-imposes-par-donald-trump-vont-heurter-l-economie-francaise_62460204.html\" rel=\"nofollow noopener\" target=\"_blank\">Les droits de douane<\/a> ont \u00e9t\u00e9 <strong>fix\u00e9s \u00e0 15\u2009% sur les exportations europ\u00e9ennes<\/strong> Outre Atlantique. Mais pendant ce temps, dans le Bordelais, les n\u00e9gociants en vin vivent depuis des mois au rythme des annonces du pr\u00e9sident am\u00e9ricain, assistant, impuissants, au bouleversement d\u2019<strong>un secteur d\u00e9j\u00e0 en crise<\/strong>. En effet, avec plus de 400\u00a0millions d\u2019euros de chiffre d\u2019affaires (20\u2009% du total) \u2014 devant la Chine (300\u00a0millions) et le Royaume-Uni (200\u00a0millions) \u2014 les \u00c9tats-Unis repr\u00e9sentent de loin le premier march\u00e9 d\u2019exportation pour les vins de Bordeaux.<\/p>\n<p class=\" wall-content\">\u00ab\u2009C\u2019est tr\u00e8s compliqu\u00e9 \u00e0 g\u00e9rer parce que c\u2019est totalement insaisissable. Un jour c\u2019est blanc, le lendemain c\u2019est noir, <a href=\"https:\/\/actu.fr\/monde\/etudiants-etrangers-aux-etats-unis-l-administration-trump-suspend-le-traitement-des-visas_62697589.html\" rel=\"nofollow noopener\" target=\"_blank\">l\u2019administration am\u00e9ricaine<\/a> peut changer d\u2019avis du jour au lendemain, et nous, on n\u2019a aucune visibilit\u00e9\u2009\u00bb, explique Philippe Tapie, pr\u00e9sident de <a href=\"https:\/\/www.bordeaux-negoce.com\/\" rel=\"nofollow noopener\" target=\"_blank\">Bordeaux N\u00e9goce<\/a>.<\/p>\n<p class=\" wall-content\">\u00c0 la mi-mars, Donald Trump avait menac\u00e9 l\u2019UE d\u2019<a href=\"https:\/\/actu.fr\/societe\/c-est-une-guerre-idiote-200-de-taxes-le-coup-de-massue-qui-inquiete-le-champagne-francais_62377794.html\" rel=\"nofollow noopener\" target=\"_blank\">imposer des droits de douane de 200\u2009% sur les alcools<\/a>, en riposte \u00e0 un projet de taxes europ\u00e9ennes sur le bourbon am\u00e9ricain. D\u00e9but avril, il brandit une nouvelle menace de 20\u2009% de droits de douane sur tous les produits europ\u00e9ens, finalement suspendue. Depuis, ces taxes s\u2019\u00e9l\u00e8vent \u00e0 10\u2009% mais fin mai le locataire de la Maison Blanche a encore menac\u00e9 d\u2019appliquer 50\u2009%, avant d\u2019annoncer <a href=\"https:\/\/actu.fr\/monde\/eliminer-les-obstacles-aux-echanges-pourquoi-donald-trump-annonce-30-de-droits-de-douane-pour-l-ue_62906065.html\" rel=\"nofollow noopener\" target=\"_blank\">un taux de 30\u2009% \u00e0 partir du 1er\u00a0ao\u00fbt<\/a>.<\/p>\n<p>Un gouvernement impr\u00e9visible\u00a0<\/p>\n<p class=\" wall-content\">\u00ab\u2009\u00c0 15\u2009%, on trouvera des solutions\u2009\u00bb, estime Philippe Tapie tout en soulignant \u00ab\u2009<a href=\"https:\/\/actu.fr\/hauts-de-france\/saint-quentin-la-motte-croix-au-bailly_80714\/droits-de-douane-des-decisions-difficiles-a-suivre-de-trump-pour-sgd-pharma-a-saint-quentin-lamotte_62493015.html\" rel=\"nofollow noopener\" target=\"_blank\">une administration am\u00e9ricaine totalement impr\u00e9visible<\/a>\u2009\u00bb, pendant que <strong>les stocks s\u2019accumulent<\/strong>. Car, pour exporter du vin, \u00ab\u2009il y a un <strong>minimum de 30\u00a0jours de bateau<\/strong>. Si on passe de l\u2019autre c\u00f4t\u00e9, en Californie, c\u2019est 60\u00a0jours. On ne peut pas raisonner \u00e0 la semaine\u2009\u00bb, poursuit le pr\u00e9sident du syndicat des n\u00e9gociants bordelais qui, en trente ans de m\u00e9tier, n\u2019a \u00ab\u2009jamais \u00e9t\u00e9 confront\u00e9 \u00e0 une situation pareille\u2009\u00bb.<\/p>\n<p>Des stocks envoy\u00e9s pour anticiper les taxes<\/p>\n<p class=\" wall-content\">Twins Bordeaux, l\u2019une des principales maisons de n\u00e9gociants bordelais qui exp\u00e9die habituellement <strong>plus d\u2019un million de bouteilles par an<\/strong> aux \u00c9tats-Unis, est aussi particuli\u00e8rement \u00ab\u2009impact\u00e9e\u2009\u00bb par le yo-yo des annonces et des menaces. Depuis janvier, \u00ab\u2009on doit \u00eatre \u00e0 50\u2009% de chiffre d\u2019affaires en moins par rapport \u00e0 l\u2019ann\u00e9e derni\u00e8re\u2009\u00bb, annonce S\u00e9bastien Mos\u00e8s, le codirecteur et copropri\u00e9taire.<\/p>\n<blockquote class=\"ac-article-quote wall-content\">\n<p>\u00ab\u2009Le march\u00e9 am\u00e9ricain repr\u00e9sente environ un tiers de notre chiffre d\u2019affaires, soit quelque 30\u00a0millions d\u2019euros\u2009\u00bb<\/p>\n<p>    <strong>S\u00e9bastien Mos\u00e8s<\/strong><br \/>\n        codirecteur et copropri\u00e9taire de Twins Bordeaux    <\/p><\/blockquote>\n<p class=\" wall-content\">\u00ab\u2009Jusqu\u2019\u00e0 pr\u00e9sent, on arrive \u00e0 peu pr\u00e8s \u00e0 sauver les meubles parce que d\u00e8s l\u2019\u00e9lection de Donald Trump, on a anticip\u00e9 et <strong>envoy\u00e9 un maximum de stocks aux \u00c9tats-Unis<\/strong> fin 2024\u2009\u00bb, explique S\u00e9bastien Mos\u00e8s, soulignant que cette incertitude n\u2019est \u00ab\u2009pas propice \u00e0 la mise en place d\u2019une strat\u00e9gie stable\u2009\u00bb. Et d\u2019ajouter\u2009: \u00ab\u2009On fonctionne vraiment au coup par coup, <strong>avec un niveau de risque \u00e9lev\u00e9<\/strong>\u2009\u00bb. Twins Bordeaux a m\u00eame exp\u00e9di\u00e9 en mars des caisses par voie a\u00e9rienne, environ 10\u2009000 bouteilles. \u00ab\u2009Mais uniquement des vins tr\u00e8s chers, \u00e0 pas moins de 150\/200\u00a0euros la bouteille, car par avion c\u2019est au moins deux fois et demie le prix d\u2019un envoi par bateau\u2009\u00bb, dit-il.<\/p>\n<p>\u00ab\u2009Champion du monde dans l\u2019accumulation de probl\u00e8mes\u2009\u00bb<\/p>\n<p class=\" wall-content\">D\u2019autres ont adopt\u00e9 des strat\u00e9gies diff\u00e9rentes bien avant le retour de Donald Trump \u00e0 la pr\u00e9sidence, comme la maison de n\u00e9goce bordelaise Bouey pour qui le march\u00e9 am\u00e9ricain repr\u00e9sente moins de 10\u2009% de ses exportations. \u00ab\u2009On a entrepris depuis longtemps <strong>un \u00e9clatement g\u00e9ographique<\/strong>. Face au d\u00e9sordre du monde, les strat\u00e9gies commerciales ne peuvent plus reposer sur une strat\u00e9gie mono ou bi-pays\u2009\u00bb, indiquait en avril Jacques Bouey, son PDG.<\/p>\n<p class=\" wall-content\">Pour le plus grand vignoble AOC de France, ces droits de douane interviennent dans <strong>un contexte d\u00e9j\u00e0 difficile<\/strong>, avec notamment une baisse de la consommation et des difficult\u00e9s g\u00e9n\u00e9rales \u00e0 l\u2019export qui ont entra\u00een\u00e9 <strong>une surproduction et un effondrement du prix du vrac<\/strong>. D\u00e9but 2023, un tiers des<strong> quelque 5\u2009000 vignerons bordelais<\/strong> se d\u00e9clarait en difficult\u00e9. \u00ab\u2009On commence \u00e0 \u00eatre cat\u00e9gorie champion du monde dans l\u2019accumulation de probl\u00e8mes\u2009\u00bb, se d\u00e9sole Philippe Tapie.<\/p>\n<p class=\" wall-content\">Suivez toute l\u2019actualit\u00e9 de vos villes et m\u00e9dias favoris en vous inscrivant \u00e0 <a href=\"https:\/\/moncompte.actu.fr\" title=\"D\u00e9couvez Mon Actu\" rel=\"nofollow noopener\" data-trk=\"{&quot;cta&quot;:{&quot;action&quot;:&quot;https:\\\/\\\/moncompte.actu.fr&quot;,&quot;category&quot;:&quot;mon compte&quot;,&quot;from&quot;:&quot;article footer&quot;,&quot;name&quot;:&quot;Mon actu&quot;,&quot;type&quot;:&quot;cta&quot;}}\" target=\"_blank\">Mon Actu<\/a>.<\/p>\n","protected":false},"excerpt":{"rendered":"Par R\u00e9daction Bordeaux Publi\u00e9 le 28 juil. 2025 \u00e0 20h02 Augmenteront-ils de 10\u2009%\u2009? 30\u2009%\u2009? 200\u2009%\u2009? La r\u00e9ponse est&hellip;\n","protected":false},"author":2,"featured_media":280191,"comment_status":"","ping_status":"","sticky":false,"template":"","format":"standard","meta":{"footnotes":""},"categories":[2817],"tags":[1111,11,1997,33,73,1777,674,1011,27,12,2219,25,364,1662],"class_list":{"0":"post-280190","1":"post","2":"type-post","3":"status-publish","4":"format-standard","5":"has-post-thumbnail","7":"category-bordeaux","8":"tag-actu","9":"tag-actualites","10":"tag-bordeaux","11":"tag-economie","12":"tag-etats-unis","13":"tag-eu","14":"tag-europe","15":"tag-fr","16":"tag-france","17":"tag-news","18":"tag-nouvelle-aquitaine","19":"tag-republique-francaise","20":"tag-union-europeenne","21":"tag-vin"},"share_on_mastodon":{"url":"https:\/\/pubeurope.com\/@fr\/114932259484911533","error":""},"_links":{"self":[{"href":"https:\/\/www.europesays.com\/fr\/wp-json\/wp\/v2\/posts\/280190","targetHints":{"allow":["GET"]}}],"collection":[{"href":"https:\/\/www.europesays.com\/fr\/wp-json\/wp\/v2\/posts"}],"about":[{"href":"https:\/\/www.europesays.com\/fr\/wp-json\/wp\/v2\/types\/post"}],"author":[{"embeddable":true,"href":"https:\/\/www.europesays.com\/fr\/wp-json\/wp\/v2\/users\/2"}],"replies":[{"embeddable":true,"href":"https:\/\/www.europesays.com\/fr\/wp-json\/wp\/v2\/comments?post=280190"}],"version-history":[{"count":0,"href":"https:\/\/www.europesays.com\/fr\/wp-json\/wp\/v2\/posts\/280190\/revisions"}],"wp:featuredmedia":[{"embeddable":true,"href":"https:\/\/www.europesays.com\/fr\/wp-json\/wp\/v2\/media\/280191"}],"wp:attachment":[{"href":"https:\/\/www.europesays.com\/fr\/wp-json\/wp\/v2\/media?parent=280190"}],"wp:term":[{"taxonomy":"category","embeddable":true,"href":"https:\/\/www.europesays.com\/fr\/wp-json\/wp\/v2\/categories?post=280190"},{"taxonomy":"post_tag","embeddable":true,"href":"https:\/\/www.europesays.com\/fr\/wp-json\/wp\/v2\/tags?post=280190"}],"curies":[{"name":"wp","href":"https:\/\/api.w.org\/{rel}","templated":true}]}}