{"id":280202,"date":"2025-07-28T18:30:13","date_gmt":"2025-07-28T18:30:13","guid":{"rendered":"https:\/\/www.europesays.com\/fr\/280202\/"},"modified":"2025-07-28T18:30:13","modified_gmt":"2025-07-28T18:30:13","slug":"un-vol-air-corsica-ajaccio-marseille-force-de-faire-demi-tour-a-cause-dun-incendie-sur-le-continent","status":"publish","type":"post","link":"https:\/\/www.europesays.com\/fr\/280202\/","title":{"rendered":"Un vol Air Corsica Ajaccio-Marseille forc\u00e9 de faire demi-tour \u00e0 cause d&rsquo;un incendie sur le continent"},"content":{"rendered":"<p>Apr\u00e8s environ deux heures dans les airs, les passagers du vol Air Corsica qui avait embarqu\u00e9 \u00e0 Ajaccio ce lundi 28 juillet dans l&rsquo;apr\u00e8s-midi, ont finalement atterri&#8230; \u00e0 Ajaccio. En cause, un incendie qui s&rsquo;est d\u00e9clar\u00e9 sur la commune Les Pennes-Mirabeau, aux alentours de 16 h 30, \u00e0 proximit\u00e9 de l&rsquo;a\u00e9roport Marseille-Provence.<\/p>\n<p>Neuf avions d\u00e9rout\u00e9s\u00a0<\/p>\n<p>Apr\u00e8s plusieurs dizaines de minutes de vol au-dessus de la M\u00e9diterran\u00e9e, l&rsquo;avion d&rsquo;Air Corsica a \u00e9t\u00e9 forc\u00e9 de faire demi-tour par manque de visibilit\u00e9, \u00e0 cause des fum\u00e9es engendr\u00e9es par l&rsquo;incendie. Selon nos informations, l&rsquo;avion est donc revenu \u00e0 son point de d\u00e9part et a atterri \u00e0 l&rsquo;a\u00e9roport Napol\u00e9on Bonaparte aux alentours de 18 h 30. Pour l&rsquo;heure, le vol au d\u00e9part d&rsquo;Ajaccio en direction de Marseille pr\u00e9vu ce lundi 28 juillet\u00a0 \u00e0 20 h 40 est maintenu.<\/p>\n<p>Selon <a href=\"https:\/\/www.laprovence.com\/article\/region\/45889895901444\/incendie-aux-pennes-mirabeau-plus-datterrissages-a-laeroport-marseille-provence-et-plusieurs-vols-retardes\" target=\"_blank\" rel=\"noopener\">nos confr\u00e8res du journal La Provence<\/a>, les atterrissages ont pu reprendre \u00ab\u00a0de mani\u00e8re r\u00e9gul\u00e9e\u00a0\u00bb vers 18 h 45. Au moins neuf avions n&rsquo;ont pas pu atterrir \u00e0 Marignane depuis le d\u00e9but de l&rsquo;incendie.<\/p>\n","protected":false},"excerpt":{"rendered":"Apr\u00e8s environ deux heures dans les airs, les passagers du vol Air Corsica qui avait embarqu\u00e9 \u00e0 Ajaccio&hellip;\n","protected":false},"author":2,"featured_media":280203,"comment_status":"","ping_status":"","sticky":false,"template":"","format":"standard","meta":{"footnotes":""},"categories":[2814],"tags":[17,1111,11,2965,41971,11052,8629,1777,674,4560,274,20017,1011,27,884,12,882,25,1175],"class_list":{"0":"post-280202","1":"post","2":"type-post","3":"status-publish","4":"format-standard","5":"has-post-thumbnail","7":"category-marseille","8":"tag-17","9":"tag-actu","10":"tag-actualites","11":"tag-air","12":"tag-ajaccio-marseille","13":"tag-corsica","14":"tag-demi-tour","15":"tag-eu","16":"tag-europe","17":"tag-faire","18":"tag-faits-divers-justice","19":"tag-force","20":"tag-fr","21":"tag-france","22":"tag-marseille","23":"tag-news","24":"tag-provence-alpes-cote-dazur","25":"tag-republique-francaise","26":"tag-vol"},"share_on_mastodon":{"url":"https:\/\/pubeurope.com\/@fr\/114932286927629629","error":""},"_links":{"self":[{"href":"https:\/\/www.europesays.com\/fr\/wp-json\/wp\/v2\/posts\/280202","targetHints":{"allow":["GET"]}}],"collection":[{"href":"https:\/\/www.europesays.com\/fr\/wp-json\/wp\/v2\/posts"}],"about":[{"href":"https:\/\/www.europesays.com\/fr\/wp-json\/wp\/v2\/types\/post"}],"author":[{"embeddable":true,"href":"https:\/\/www.europesays.com\/fr\/wp-json\/wp\/v2\/users\/2"}],"replies":[{"embeddable":true,"href":"https:\/\/www.europesays.com\/fr\/wp-json\/wp\/v2\/comments?post=280202"}],"version-history":[{"count":0,"href":"https:\/\/www.europesays.com\/fr\/wp-json\/wp\/v2\/posts\/280202\/revisions"}],"wp:featuredmedia":[{"embeddable":true,"href":"https:\/\/www.europesays.com\/fr\/wp-json\/wp\/v2\/media\/280203"}],"wp:attachment":[{"href":"https:\/\/www.europesays.com\/fr\/wp-json\/wp\/v2\/media?parent=280202"}],"wp:term":[{"taxonomy":"category","embeddable":true,"href":"https:\/\/www.europesays.com\/fr\/wp-json\/wp\/v2\/categories?post=280202"},{"taxonomy":"post_tag","embeddable":true,"href":"https:\/\/www.europesays.com\/fr\/wp-json\/wp\/v2\/tags?post=280202"}],"curies":[{"name":"wp","href":"https:\/\/api.w.org\/{rel}","templated":true}]}}