{"id":280214,"date":"2025-07-28T18:37:12","date_gmt":"2025-07-28T18:37:12","guid":{"rendered":"https:\/\/www.europesays.com\/fr\/280214\/"},"modified":"2025-07-28T18:37:12","modified_gmt":"2025-07-28T18:37:12","slug":"ratp-cest-quoi-ce-nouveau-concept-lance-par-carrefour-et-columbus-cafe-dans-une-gare-rer-a-paris","status":"publish","type":"post","link":"https:\/\/www.europesays.com\/fr\/280214\/","title":{"rendered":"RATP. C&rsquo;est quoi ce nouveau concept lanc\u00e9 par Carrefour et Columbus Caf\u00e9 dans une gare RER \u00e0 Paris\u00a0?"},"content":{"rendered":"<p>            Par<br \/>\n        <strong><br \/>\n            <a href=\"https:\/\/actu.fr\/auteur\/redaction-paris\" title=\"Consulter tous les articles de R\u00e9daction Paris\" target=\"_blank\" rel=\"noopener\">R\u00e9daction Paris<\/a><br \/>\n        <\/strong><\/p>\n<p>        Publi\u00e9 le<\/p>\n<p>            28 juil. 2025 \u00e0 18h02        <\/p>\n<p>Depuis le 9\u00a0juillet dernier, les usagers des RER qui transitent de bon matin par la gare de <a href=\"https:\/\/actu.fr\/tag\/chatelet\" target=\"_blank\" rel=\"noopener\">Ch\u00e2telet \u2013 Les Halles<\/a> ont une option de plus pour s\u2019acheter un petit-d\u00e9jeuner sur le chemin du travail\u2009: le <strong>comptoir Columbus Caf\u00e9<\/strong> install\u00e9 dans le <a href=\"https:\/\/actu.fr\/tag\/carrefour\" target=\"_blank\" rel=\"noopener\">Carrefour City<\/a> de la gare souterraine la plus fr\u00e9quent\u00e9e d\u2019Europe.<\/p>\n<p>Caf\u00e9s, boissons chaudes et froides, muffins\u2026<\/p>\n<p class=\" wall-content\">Une collaboration qui implique aussi la <a href=\"https:\/\/actu.fr\/tag\/ratp\" target=\"_blank\" rel=\"noopener\">RATP<\/a>. \u00ab\u2009Un projet n\u00e9 du partenariat de deux enseignes reconnues, qui unissent leurs forces pour <strong>renouveler l\u2019offre propos\u00e9e<\/strong> aux milliers de voyageurs qui transitent chaque jour dans la plus grande gare souterraine d\u2019Europe\u2009\u00bb, s\u2019est r\u00e9jouie Patricia Delon, pr\u00e9sidente-directrice g\u00e9n\u00e9rale de RATP Travel Retail.<\/p>\n<p class=\" wall-content\">Concr\u00e8tement, il s\u2019agit d\u2019un <strong>espace de 50m\u00b2<\/strong> dans lequel sont propos\u00e9s les caf\u00e9s, boissons chaudes et froides, muffins et p\u00e2tisseries de la cha\u00eene de caf\u00e9 fran\u00e7aise.\u00a0Le corner sera ouvert de 7\u00a0heures \u00e0 20\u00a0heures.<\/p>\n<p class=\" wall-content\">\u00ab\u2009Nous voulons apporter \u00e0 Carrefour notre exp\u00e9rience et notre expertise des <strong>moments de consommation plaisir<\/strong>, avec une marque qui repose sur la gourmandise, l\u2019accessibilit\u00e9 et la proximit\u00e9\u2009\u00bb, a de son c\u00f4t\u00e9 expliqu\u00e9 Fr\u00e9d\u00e9ric Pastur, directeur g\u00e9n\u00e9ral de Columbus Caf\u00e9.<\/p>\n<p class=\" wall-content\">\u00c0 noter que d\u2019autres ouvertures de comptoirs au sein de magasins de proximit\u00e9 Carrefour sont \u00e0 l\u2019\u00e9tude pour les mois \u00e0 venir. \u00ab\u2009Nous r\u00e9pondons aux <strong>attentes des consommateurs urbains<\/strong> en qu\u00eate de qualit\u00e9, de proximit\u00e9 et de praticit\u00e9\u2009\u00bb, a estim\u00e9 Beno\u00eet Soury, directeur ex\u00e9cutif de la proximit\u00e9 de Carrefour France.<\/p>\n<p class=\" wall-content\">Suivez toute l\u2019actualit\u00e9 de vos villes et m\u00e9dias favoris en vous inscrivant \u00e0 <a href=\"https:\/\/moncompte.actu.fr\" title=\"D\u00e9couvez Mon Actu\" rel=\"nofollow noopener\" data-trk=\"{&quot;cta&quot;:{&quot;action&quot;:&quot;https:\\\/\\\/moncompte.actu.fr&quot;,&quot;category&quot;:&quot;mon compte&quot;,&quot;from&quot;:&quot;article footer&quot;,&quot;name&quot;:&quot;Mon actu&quot;,&quot;type&quot;:&quot;cta&quot;}}\" target=\"_blank\">Mon Actu<\/a>.<\/p>\n","protected":false},"excerpt":{"rendered":"Par R\u00e9daction Paris Publi\u00e9 le 28 juil. 2025 \u00e0 18h02 Depuis le 9\u00a0juillet dernier, les usagers des RER&hellip;\n","protected":false},"author":2,"featured_media":280215,"comment_status":"","ping_status":"","sticky":false,"template":"","format":"standard","meta":{"footnotes":""},"categories":[1888],"tags":[11,4304,16079,1777,674,1011,27,12,626,625,25,104],"class_list":{"0":"post-280214","1":"post","2":"type-post","3":"status-publish","4":"format-standard","5":"has-post-thumbnail","7":"category-paris","8":"tag-actualites","9":"tag-carrefour","10":"tag-chatelet","11":"tag-eu","12":"tag-europe","13":"tag-fr","14":"tag-france","15":"tag-news","16":"tag-paris","17":"tag-ratp","18":"tag-republique-francaise","19":"tag-societe"},"share_on_mastodon":{"url":"https:\/\/pubeurope.com\/@fr\/114932314518263223","error":""},"_links":{"self":[{"href":"https:\/\/www.europesays.com\/fr\/wp-json\/wp\/v2\/posts\/280214","targetHints":{"allow":["GET"]}}],"collection":[{"href":"https:\/\/www.europesays.com\/fr\/wp-json\/wp\/v2\/posts"}],"about":[{"href":"https:\/\/www.europesays.com\/fr\/wp-json\/wp\/v2\/types\/post"}],"author":[{"embeddable":true,"href":"https:\/\/www.europesays.com\/fr\/wp-json\/wp\/v2\/users\/2"}],"replies":[{"embeddable":true,"href":"https:\/\/www.europesays.com\/fr\/wp-json\/wp\/v2\/comments?post=280214"}],"version-history":[{"count":0,"href":"https:\/\/www.europesays.com\/fr\/wp-json\/wp\/v2\/posts\/280214\/revisions"}],"wp:featuredmedia":[{"embeddable":true,"href":"https:\/\/www.europesays.com\/fr\/wp-json\/wp\/v2\/media\/280215"}],"wp:attachment":[{"href":"https:\/\/www.europesays.com\/fr\/wp-json\/wp\/v2\/media?parent=280214"}],"wp:term":[{"taxonomy":"category","embeddable":true,"href":"https:\/\/www.europesays.com\/fr\/wp-json\/wp\/v2\/categories?post=280214"},{"taxonomy":"post_tag","embeddable":true,"href":"https:\/\/www.europesays.com\/fr\/wp-json\/wp\/v2\/tags?post=280214"}],"curies":[{"name":"wp","href":"https:\/\/api.w.org\/{rel}","templated":true}]}}