{"id":280226,"date":"2025-07-28T18:43:10","date_gmt":"2025-07-28T18:43:10","guid":{"rendered":"https:\/\/www.europesays.com\/fr\/280226\/"},"modified":"2025-07-28T18:43:10","modified_gmt":"2025-07-28T18:43:10","slug":"lallemagne-annonce-organiser-un-pont-aerien-humanitaire","status":"publish","type":"post","link":"https:\/\/www.europesays.com\/fr\/280226\/","title":{"rendered":"l&rsquo;Allemagne annonce organiser un \u00ab\u00a0pont a\u00e9rien\u00a0\u00bb humanitaire"},"content":{"rendered":"<p>L&rsquo;Allemagne va organiser, avec la Jordanie, un \u00ab\u00a0pont a\u00e9rien de biens humanitaires vers Gaza\u00a0\u00bb, a annonc\u00e9 lundi 28 juillet Friedrich Merz, afin de venir en aide \u00e0 la population de ce territoire confront\u00e9e, selon les Nations unies, \u00e0 des \u00ab\u00a0niveaux alarmants\u00a0\u00bb de malnutrition. \u00ab\u00a0Le ministre de la D\u00e9fense, Boris Pistorius, travaillera en \u00e9troite collaboration avec la France et la Grande-Bretagne, qui sont \u00e9galement pr\u00eates \u00e0 mettre en place un tel pont a\u00e9rien pour acheminer des denr\u00e9es alimentaires et des fournitures m\u00e9dicales\u00a0\u00bb, a ajout\u00e9 le chancelier, lors d&rsquo;un point-presse \u00e0 Berlin. \u00ab\u00a0Nous savons que cela ne repr\u00e9sente qu&rsquo;une aide minime pour les habitants de Gaza, mais c&rsquo;est tout de m\u00eame une contribution que nous sommes heureux d&rsquo;apporter\u00a0\u00bb, a dit Friedrich Merz. Suivez notre direct.<\/p>\n<p class=\"c-body__bullet\"> <strong>Une solution am\u00e9ricaine contre la crise humanitaire \u00e0 Gaza ? <\/strong>Alors qu&rsquo;Isra\u00ebl a d\u00e9clar\u00e9 dimanche <a href=\"https:\/\/www.franceinfo.fr\/monde\/proche-orient\/israel-palestine\/pause-tactique-couloirs-humanitaires-largages-aeriens-israel-annonce-plusieurs-mesures-dans-la-bande-de-gaza-pour-faciliter-l-entree-d-aide_7402042.html\" rel=\"nofollow noopener\" target=\"_blank\">une \u00ab\u00a0pause tactique\u00a0\u00bb quotidienne \u00e0 des fins humanitaires<\/a>, Donald Trump a annonc\u00e9 lundi que les Etats-Unis allaient mettre en place des \u00ab\u00a0centres alimentaires o\u00f9 les gens pourront entrer librement, sans limites\u00a0\u00bb. Il a \u00e9galement reconnu qu&rsquo;il y avait des signes d'\u00a0\u00bbune r\u00e9elle famine\u00a0\u00bb dans le territoire palestinien.<\/p>\n<p class=\"c-body__bullet\"><strong> <\/strong><strong>La d\u00e9fense civile palestinienne a fait \u00e9tat de 16 morts dans des frappes isra\u00e9liennes<\/strong>. Cinq Palestiniens, dont une femme enceinte, ont notamment \u00e9t\u00e9 tu\u00e9s par une op\u00e9ration a\u00e9rienne nocturne sur un immeuble du district d&rsquo;al-Mawasi, dans le sud de Gaza, selon Mahmoud Bassal, porte-parole de l&rsquo;organisation de secours. Une autre frappe a\u00e9rienne a fait cinq morts \u00e0 Khan Youn\u00e8s, dans le sud de la bande de Gaza, toujours d&rsquo;apr\u00e8s la d\u00e9fense civile. A cela s&rsquo;ajoutent la mort d&rsquo;une personne et neuf autres personnes bless\u00e9es, apr\u00e8s des tirs de l&rsquo;arm\u00e9e isra\u00e9lienne autour d&rsquo;un centre de distribution dans le centre de Gaza, selon l&rsquo;h\u00f4pital al-Awda, situ\u00e9 dans le camp de Nousseirat, \u00e0 proximit\u00e9.<\/p>\n<p class=\"c-body__bullet\"><strong> Les d\u00e9c\u00e8s li\u00e9s \u00e0 la malnutrition s&rsquo;acc\u00e9l\u00e8rent, selon l&rsquo;ONU.<\/strong> Dans la bande de Gaza, la malnutrition a atteint des \u00ab\u00a0niveaux alarmants\u00a0\u00bb, a alert\u00e9 dimanche l&rsquo;Organisation mondiale de la sant\u00e9. \u00ab\u00a0La malnutrition suit une trajectoire dangereuse dans la bande de Gaza, marqu\u00e9e par un pic de d\u00e9c\u00e8s en juillet\u00a0\u00bb, a d\u00e9clar\u00e9 l&rsquo;organisme onusien dans un communiqu\u00e9. Sur 74\u00a0d\u00e9c\u00e8s li\u00e9s \u00e0 la malnutrition recens\u00e9s depuis le d\u00e9but de l&rsquo;ann\u00e9e, 63 ont eu lieu en juillet, dont 24 enfants de moins de 5 ans, un enfant de plus de 5 ans et 38 adultes, selon cette source.<\/p>\n<p class=\"c-body__bullet\"><strong> L&rsquo;ONU se penche sur l&rsquo;avenir menac\u00e9 de la solution \u00e0 deux Etats. <\/strong>Pouss\u00e9e par la France et l&rsquo;Arabie saoudite, l&rsquo;ONU se penche \u00e0 partir de lundi sur l&rsquo;avenir menac\u00e9 de la solution \u00e0 deux Etats, isra\u00e9lien et palestinien. Apr\u00e8s l&rsquo;annonce jeudi du pr\u00e9sident fran\u00e7ais, Emmanuel Macron, qu&rsquo;il reconna\u00eetrait l&rsquo;Etat palestinien formellement en septembre, <a href=\"https:\/\/www.franceinfo.fr\/monde\/proche-orient\/israel-palestine\/reconnaissance-de-l-etat-de-palestine-a-quoi-va-servir-la-conference-a-l-onu-presidee-par-la-france-et-l-arabie-saoudite_7402258.html\" rel=\"nofollow noopener\" target=\"_blank\">cette conf\u00e9rence convoqu\u00e9e par l&rsquo;Assembl\u00e9e g\u00e9n\u00e9rale des Nations unies<\/a>, et copr\u00e9sid\u00e9e par Paris et Riyad, esp\u00e8re enclencher une dynamique en la mati\u00e8re.<\/p>\n","protected":false},"excerpt":{"rendered":"L&rsquo;Allemagne va organiser, avec la Jordanie, un \u00ab\u00a0pont a\u00e9rien de biens humanitaires vers Gaza\u00a0\u00bb, a annonc\u00e9 lundi 28&hellip;\n","protected":false},"author":2,"featured_media":280227,"comment_status":"","ping_status":"","sticky":false,"template":"","format":"standard","meta":{"footnotes":""},"categories":[1587],"tags":[11,672,1804,1805,1803,1777,674,1801,12,1802],"class_list":{"0":"post-280226","1":"post","2":"type-post","3":"status-publish","4":"format-standard","5":"has-post-thumbnail","7":"category-allemagne","8":"tag-actualites","9":"tag-allemagne","10":"tag-bundesrepublik-deutschland","11":"tag-de","12":"tag-deutschland","13":"tag-eu","14":"tag-europe","15":"tag-germany","16":"tag-news","17":"tag-republique-federale-dallemagne"},"share_on_mastodon":{"url":"https:\/\/pubeurope.com\/@fr\/114932338138562514","error":""},"_links":{"self":[{"href":"https:\/\/www.europesays.com\/fr\/wp-json\/wp\/v2\/posts\/280226","targetHints":{"allow":["GET"]}}],"collection":[{"href":"https:\/\/www.europesays.com\/fr\/wp-json\/wp\/v2\/posts"}],"about":[{"href":"https:\/\/www.europesays.com\/fr\/wp-json\/wp\/v2\/types\/post"}],"author":[{"embeddable":true,"href":"https:\/\/www.europesays.com\/fr\/wp-json\/wp\/v2\/users\/2"}],"replies":[{"embeddable":true,"href":"https:\/\/www.europesays.com\/fr\/wp-json\/wp\/v2\/comments?post=280226"}],"version-history":[{"count":0,"href":"https:\/\/www.europesays.com\/fr\/wp-json\/wp\/v2\/posts\/280226\/revisions"}],"wp:featuredmedia":[{"embeddable":true,"href":"https:\/\/www.europesays.com\/fr\/wp-json\/wp\/v2\/media\/280227"}],"wp:attachment":[{"href":"https:\/\/www.europesays.com\/fr\/wp-json\/wp\/v2\/media?parent=280226"}],"wp:term":[{"taxonomy":"category","embeddable":true,"href":"https:\/\/www.europesays.com\/fr\/wp-json\/wp\/v2\/categories?post=280226"},{"taxonomy":"post_tag","embeddable":true,"href":"https:\/\/www.europesays.com\/fr\/wp-json\/wp\/v2\/tags?post=280226"}],"curies":[{"name":"wp","href":"https:\/\/api.w.org\/{rel}","templated":true}]}}