{"id":280251,"date":"2025-07-28T18:58:14","date_gmt":"2025-07-28T18:58:14","guid":{"rendered":"https:\/\/www.europesays.com\/fr\/280251\/"},"modified":"2025-07-28T18:58:14","modified_gmt":"2025-07-28T18:58:14","slug":"la-bluffante-declaration-damour-du-mari-de-gwyneth-paltrow","status":"publish","type":"post","link":"https:\/\/www.europesays.com\/fr\/280251\/","title":{"rendered":"la bluffante d\u00e9claration d\u2019amour du mari de Gwyneth Paltrow"},"content":{"rendered":"<p>                                        <img decoding=\"async\" src=\"https:\/\/www.europesays.com\/fr\/wp-content\/uploads\/2025\/07\/7659223c5d709eb30b0181162dc12e61091cf3fa2506d04299b82d2756f1bc16.jpg\" alt=\"La d\u00e9claration d'amour de Brad Falchuk \u00e0 Gwyneth Paltrow\" class=\"a11y-hidden\"\/><\/p>\n<p>En plein enregistrement du dernier \u00e9pisode de son podcast, la star de la saga Iron Man a \u00e9t\u00e9 surprise par la touchante d\u00e9claration d\u2019amour de son \u00e9poux.<\/p>\n<p class=\"fig-paragraph\">Lors de l\u2019enregistrement du dernier \u00e9pisode de son podcast\u00a0<a href=\"http:\/\/madame.lefigaro.fr\/celebrites\/actu-people\/nocive-et-chaotique-gwyneth-paltrow-vivement-critiquee-par-d-anciens-employes-pour-la-gestion-toxique-de-son-entreprise-goop-20250727\" data-fig-type=\"Article\" data-gtm-custom-categorie=\"navigation\" data-gtm-custom-action=\"crossclick\" data-gtm-custom-label=\"Contextuel\" data-gtm-event=\"customEventSPE\" data-fig-domain=\"MADAME\" rel=\"nofollow noopener\" target=\"_blank\">The Goop<\/a> \u00a0dans lequel elle promettait de r\u00e9pondre \u00e0 toutes les questions de ses auditeurs,\u00a0<a href=\"https:\/\/madame.lefigaro.fr\/tag\/gwyneth-paltrow\" target=\"_blank\" data-fig-type=\"Keyword\" rel=\"sponsored noopener nofollow\" data-gtm-custom-categorie=\"navigation\" data-gtm-custom-action=\"crossclick\" data-gtm-custom-label=\"Contextuel\" data-gtm-event=\"customEventSPE\" data-fig-domain=\"MADAME\">Gwyneth Paltrow<\/a>\u00a0a eu droit \u00e0 une surprise. Alors qu\u2019elle \u00e9tait interrog\u00e9e sur ce que son \u00e9poux, le sc\u00e9nariste Brad Falchuck, aimait le plus chez elle, l\u2019actrice a pos\u00e9 directement la question au principal int\u00e9ress\u00e9. Deux textos plus tard, t\u00e9l\u00e9phone \u00e0 la main et lunettes sur le nez, la star de la saga Iron Man lisait, face cam\u00e9ra, la r\u00e9ponse de celui dont elle partage la vie depuis sept ans.<\/p>\n<p>\u00abJ\u2019aime la fa\u00e7on dont ton corps se d\u00e9place dans l\u2019espace\u00bb<\/p>\n<p class=\"fig-paragraph\">\u00abJ\u2019aime vraiment chaque aspect de toi\u00bb, a-t-il commenc\u00e9, \u00e9voquant d\u2019abord la \u00abbeaut\u00e9 physique\u00bb de l\u2019actrice de 52 ans, avant de se lancer dans une longue et intime \u00e9num\u00e9ration de ses atouts. \u00abJ\u2019aime la fa\u00e7on dont ton corps se d\u00e9place dans l\u2019espace, (\u2026) la fa\u00e7on dont tes mains ajoutent quelque chose \u00e0 une casserole, ton amour des blagues salaces et des murs bien enduits. Ce que tu sais de l\u2019art,\u00a0<a href=\"http:\/\/madame.lefigaro.fr\/celebrites\/actu-people\/il-y-a-beaucoup-de-scenes-de-sexe-dans-ce-film-vraiment-beaucoup-gwyneth-paltrow-evoque-son-tournage-avec-timothee-chalamet-20250319\" data-fig-type=\"Article\" data-gtm-custom-categorie=\"navigation\" data-gtm-custom-action=\"crossclick\" data-gtm-custom-label=\"Contextuel\" data-gtm-event=\"customEventSPE\" data-fig-domain=\"MADAME\" rel=\"nofollow noopener\" target=\"_blank\">le fait que tu te sentes si \u00e0 l\u2019aise nue<\/a>\u00a0et que tu d\u00e9testes les faux-semblants\u00bb, a-t-il poursuivi.<\/p>\n<p>                                    <a class=\"fig-a11y-skip a11y-hidden\" href=\"#fig-a11y-skip-main-inarticle\"><br \/>\n        Passer la publicit\u00e9<br \/>\n    <\/a><\/p>\n<p class=\"fig-paragraph\">En encensant, p\u00eale-m\u00eale, la routine matinale de son \u00e9pouse, sa gestion des probl\u00e8mes, son \u00absourire au lit, apr\u00e8s avoir mis [son] appareil dentaire\u00bb ou encore sa \u00abvo\u00fbte plantaire\u00bb, Brad Falchuck a sign\u00e9 une d\u00e9claration d\u2019amour aussi inattendue qu\u2019originale, entre humour et romantisme. Des mots qui, sans surprise, ont \u00e9mu Gwyneth Paltrow, malgr\u00e9 ses efforts pour para\u00eetre imperturbable tout au long de la lecture. \u00abJe vais pleurer\u00bb, a-t-elle r\u00e9agi apr\u00e8s avoir fini le texte, le sourire aux l\u00e8vres et les yeux p\u00e9tillants derri\u00e8re ses lunettes aviateur.<\/p>\n","protected":false},"excerpt":{"rendered":"En plein enregistrement du dernier \u00e9pisode de son podcast, la star de la saga Iron Man a \u00e9t\u00e9&hellip;\n","protected":false},"author":2,"featured_media":280252,"comment_status":"","ping_status":"","sticky":false,"template":"","format":"standard","meta":{"footnotes":""},"categories":[1359],"tags":[1193,58,59,1011,27,15352,973],"class_list":{"0":"post-280251","1":"post","2":"type-post","3":"status-publish","4":"format-standard","5":"has-post-thumbnail","7":"category-people","8":"tag-couple","9":"tag-divertissement","10":"tag-entertainment","11":"tag-fr","12":"tag-france","13":"tag-gwyneth-paltrow","14":"tag-people"},"share_on_mastodon":{"url":"https:\/\/pubeurope.com\/@fr\/114932397167582160","error":""},"_links":{"self":[{"href":"https:\/\/www.europesays.com\/fr\/wp-json\/wp\/v2\/posts\/280251","targetHints":{"allow":["GET"]}}],"collection":[{"href":"https:\/\/www.europesays.com\/fr\/wp-json\/wp\/v2\/posts"}],"about":[{"href":"https:\/\/www.europesays.com\/fr\/wp-json\/wp\/v2\/types\/post"}],"author":[{"embeddable":true,"href":"https:\/\/www.europesays.com\/fr\/wp-json\/wp\/v2\/users\/2"}],"replies":[{"embeddable":true,"href":"https:\/\/www.europesays.com\/fr\/wp-json\/wp\/v2\/comments?post=280251"}],"version-history":[{"count":0,"href":"https:\/\/www.europesays.com\/fr\/wp-json\/wp\/v2\/posts\/280251\/revisions"}],"wp:featuredmedia":[{"embeddable":true,"href":"https:\/\/www.europesays.com\/fr\/wp-json\/wp\/v2\/media\/280252"}],"wp:attachment":[{"href":"https:\/\/www.europesays.com\/fr\/wp-json\/wp\/v2\/media?parent=280251"}],"wp:term":[{"taxonomy":"category","embeddable":true,"href":"https:\/\/www.europesays.com\/fr\/wp-json\/wp\/v2\/categories?post=280251"},{"taxonomy":"post_tag","embeddable":true,"href":"https:\/\/www.europesays.com\/fr\/wp-json\/wp\/v2\/tags?post=280251"}],"curies":[{"name":"wp","href":"https:\/\/api.w.org\/{rel}","templated":true}]}}