{"id":280257,"date":"2025-07-28T19:01:14","date_gmt":"2025-07-28T19:01:14","guid":{"rendered":"https:\/\/www.europesays.com\/fr\/280257\/"},"modified":"2025-07-28T19:01:14","modified_gmt":"2025-07-28T19:01:14","slug":"pierre-est-il-mort-michael-la-t-il-tue-manon-et-nordine-demenagent-le-resume-de-lepisode-1997-du-mardi-29-juillet-2025","status":"publish","type":"post","link":"https:\/\/www.europesays.com\/fr\/280257\/","title":{"rendered":"Pierre est-il mort ? Micha\u00ebl l&rsquo;a-t-il tu\u00e9 ? Manon et Nordine d\u00e9m\u00e9nagent&#8230; Le r\u00e9sum\u00e9 de l&rsquo;\u00e9pisode 1997 du mardi 29 juillet 2025"},"content":{"rendered":"<p><b>Mardi 29 juillet 2025 dans <\/b><b>Demain nous appartient<\/b> <b>sur TF1<\/b> &#8211; bient\u00f4t marqu\u00e9e par<a href=\"https:\/\/www.programme-tv.net\/news\/series-tv\/381213-exclu-demain-nous-appartient-une-actrice-d-un-si-grand-soleil-rejoint-le-feuilleton-de-tf1-pour-jouer-la-nouvelle-proviseure\/\" data-api-deeplink=\"teleloisirs:\/\/news\/381213\" target=\"_blank\" rel=\"noopener\"> l&rsquo;arriv\u00e9e d&rsquo;une ancienne star de Sous le soleil<\/a>\u2026 \u00c0 l&rsquo;h\u00f4pital, Manny affirme d\u00e9sormais avoir \u00e9t\u00e9 t\u00e9moin direct de l\u2019altercation entre Judith et Yanis, et <a href=\"https:\/\/www.programme-tv.net\/news\/series-tv\/384024-demain-nous-appartient-en-avance-pierre-soupconne-michael-d-avoir-tente-de-tuer-son-fils-manny-accuse-judith-du-meurtre-de-cyril-le-resume-de-l-episode-1996-du-lundi-28-juillet-2025\/\" data-api-deeplink=\"teleloisirs:\/\/news\/384024\" target=\"_blank\" rel=\"noopener\">accuse Judith de l\u2019avoir poignard\u00e9.<\/a> Il avance m\u00eame que l\u2019arme utilis\u00e9e pourrait \u00eatre le couteau pliable de Yanis. Alex et Chlo\u00e9 sont choqu\u00e9s par ce retournement de situation. Mais Pierre reste m\u00e9fiant. Il se souvient que son fils avait confi\u00e9 \u00e0 Jack que Judith n\u2019\u00e9tait pas coupable. Micha\u00ebl est dans le collimateur de <a href=\"https:\/\/www.programme-tv.net\/news\/series-tv\/383094-son-enfant-est-tombe-dans-la-drogue-jean-luc-reichmann-demain-nous-appartient-se-confie-sur-paul-son-personnage-qui-arrive-ce-jeudi-10-juillet-2025\/\" data-api-deeplink=\"teleloisirs:\/\/news\/383094\" target=\"_blank\" rel=\"noopener\">Pierre (jou\u00e9 par Jean-Luc Reichmann). <\/a><\/p>\n<p><b>Demain nous appartient <\/b><b>en avance\u00a0: Pierre est-il mort ? <\/b><\/p>\n<p>\u00c0 l\u2019h\u00f4pital, Judith confronte directement Manny. Elle le supplie de revenir sur son mensonge. Le jeune homme n\u2019a pour seule r\u00e9ponse : \u00ab\u00a0Je suis d\u00e9sol\u00e9\u00a0\u00bb. Au commissariat, Micha\u00ebl manipule Jack : et si Manny voulait se valoriser aux yeux de Jack, tout en continuant son trafic en parall\u00e8le ? Troubl\u00e9, Jack commence \u00e0 douter de Manny.<\/p>\n<p>Micha\u00ebl manipule ensuite Karim en lui rapportant de mani\u00e8re biais\u00e9e ce que Jack lui a dit. Selon lui, Manny aurait menti pour se faire mousser tout en poursuivant ses activit\u00e9s ill\u00e9gales. Quant \u00e0 Alex et Chlo\u00e9, ils sont bien d\u00e9cid\u00e9s \u00e0 d\u00e9couvrir la v\u00e9rit\u00e9. Ils volent discr\u00e8tement les cl\u00e9s du domicile de Micha\u00ebl. Ce dernier d\u00e9couvre leur intrusion gr\u00e2ce \u00e0 son syst\u00e8me de vid\u00e9osurveillance sur son t\u00e9l\u00e9phone.<\/p>\n<p>Chez Micha\u00ebl, Alex, Chlo\u00e9 et Pierre fouillent m\u00e9ticuleusement les lieux. Chlo\u00e9 perd rapidement espoir, mais Pierre revient soudainement avec une d\u00e9couverte choc : une enveloppe dissimul\u00e9e sous le lit contenant du cash, plusieurs t\u00e9l\u00e9phones pr\u00e9pay\u00e9s et de la MDMA marqu\u00e9e \u00ab\u00a0Snake\u00a0\u00bb. Aucun doute, Micha\u00ebl est li\u00e9 au r\u00e9seau de trafic ! Au moment o\u00f9 ils pensent avoir enfin une preuve, Micha\u00ebl et Karim les prennent en flagrant d\u00e9lit. Micha\u00ebl tente de retourner la situation : Pierre aurait lui-m\u00eame cach\u00e9 cette enveloppe pour le pi\u00e9ger. \u00c0 bout, Pierre perd le contr\u00f4le et un coup de feu retentit.<\/p>\n<p>            <b>Demain nous appartient <\/b><b>en avance\u00a0: <\/b>Manon et Nordine d\u00e9m\u00e9nagent au grand dam d&rsquo;Aurore et William<\/p>\n<p>Chez les Daunier, Aurore et William esp\u00e8rent que Manon et Nordine vont rester encore un moment sous leur toit. Le jeune couple a visit\u00e9 un appartement qui leur pla\u00eet \u00e9norm\u00e9ment. Ils souhaitent y retourner avec eux. \u00c0 contrec\u0153ur,  William accepte. Lors de la visite, Manon et Nordine se projettent imm\u00e9diatement, pendant que William tente maladroitement de les d\u00e9courager. Sans succ\u00e8s. Les jeunes amoureux ont d\u00e9j\u00e0 les cl\u00e9s et annoncent qu\u2019ils vont emm\u00e9nager d\u00e8s aujourd\u2019hui. En faisant leurs cartons, ils se servent dans les affaires d\u2019Aurore et William. Ils prennent une lampe qu&rsquo;a offert William \u00e0 Aurore mais aussi un robot m\u00e9nager. Les Daunier assistent impuissants au d\u00e9part de leur fille. Et d\u00e9couvrent que leur fille et leur beau fils ont pioch\u00e9 dans leur pr\u00e9cieuse r\u00e9serve de glaces italiennes. Pendant ce temps, Manon et Nordine savourent leur nouvelle vie avec des coupes de glace.<\/p>\n<p>                        <b>Demain nous appartient <\/b><b>en avance\u00a0: Joyce est-elle enceinte ? <\/b><\/p>\n<p>Malgr\u00e9 sa gueule de bois, Victoire remarque que Soraya est pr\u00e9occup\u00e9e. Son amie esp\u00e9rait \u00eatre enceinte, mais ce n\u2019est pas le cas. Bien qu\u2019elle tente de minimiser sa d\u00e9ception, Victoire lui propose de se changer les id\u00e9es avec une s\u00e9ance de paddle en compagnie de Ludo, Fred et Joyce. Soraya d\u00e9cline l\u2019invitation. \u00c0 la plage, Joyce est incommod\u00e9e par les odeurs de nourriture. Au Spoon, Joyce ne veut pas boire d&rsquo;alcool et ne veut pas manger de poisson cru ni mayonnaise.<\/p>\n","protected":false},"excerpt":{"rendered":"Mardi 29 juillet 2025 dans Demain nous appartient sur TF1 &#8211; bient\u00f4t marqu\u00e9e par l&rsquo;arriv\u00e9e d&rsquo;une ancienne star&hellip;\n","protected":false},"author":2,"featured_media":280258,"comment_status":"","ping_status":"","sticky":false,"template":"","format":"standard","meta":{"footnotes":""},"categories":[1356],"tags":[244,3598,5247,58,59,1011,27,5250,5249,5248,5246,5252,252,199,5251,1364],"class_list":{"0":"post-280257","1":"post","2":"type-post","3":"status-publish","4":"format-standard","5":"has-post-thumbnail","7":"category-television","8":"tag-commentaire","9":"tag-demain-nous-appartient","10":"tag-demain-nous-appartient-en-avance","11":"tag-divertissement","12":"tag-entertainment","13":"tag-fr","14":"tag-france","15":"tag-lorie","16":"tag-mytf1-max","17":"tag-ru00e9sumu00e9-demain-nous-appartient","18":"tag-ru00e9sumu00e9-en-avance-demain-nous-appartient","19":"tag-su00e9ries-mania","20":"tag-television","21":"tag-tf1","22":"tag-tu00e9lu00e9-loisirs","23":"tag-tv"},"share_on_mastodon":{"url":"https:\/\/pubeurope.com\/@fr\/114932408966683952","error":""},"_links":{"self":[{"href":"https:\/\/www.europesays.com\/fr\/wp-json\/wp\/v2\/posts\/280257","targetHints":{"allow":["GET"]}}],"collection":[{"href":"https:\/\/www.europesays.com\/fr\/wp-json\/wp\/v2\/posts"}],"about":[{"href":"https:\/\/www.europesays.com\/fr\/wp-json\/wp\/v2\/types\/post"}],"author":[{"embeddable":true,"href":"https:\/\/www.europesays.com\/fr\/wp-json\/wp\/v2\/users\/2"}],"replies":[{"embeddable":true,"href":"https:\/\/www.europesays.com\/fr\/wp-json\/wp\/v2\/comments?post=280257"}],"version-history":[{"count":0,"href":"https:\/\/www.europesays.com\/fr\/wp-json\/wp\/v2\/posts\/280257\/revisions"}],"wp:featuredmedia":[{"embeddable":true,"href":"https:\/\/www.europesays.com\/fr\/wp-json\/wp\/v2\/media\/280258"}],"wp:attachment":[{"href":"https:\/\/www.europesays.com\/fr\/wp-json\/wp\/v2\/media?parent=280257"}],"wp:term":[{"taxonomy":"category","embeddable":true,"href":"https:\/\/www.europesays.com\/fr\/wp-json\/wp\/v2\/categories?post=280257"},{"taxonomy":"post_tag","embeddable":true,"href":"https:\/\/www.europesays.com\/fr\/wp-json\/wp\/v2\/tags?post=280257"}],"curies":[{"name":"wp","href":"https:\/\/api.w.org\/{rel}","templated":true}]}}