{"id":280283,"date":"2025-07-28T19:14:22","date_gmt":"2025-07-28T19:14:22","guid":{"rendered":"https:\/\/www.europesays.com\/fr\/280283\/"},"modified":"2025-07-28T19:14:22","modified_gmt":"2025-07-28T19:14:22","slug":"meurthe-et-moselle-un-post-facebook-dun-elu-du-departement-choque-la-communaute-juive-de-nancy","status":"publish","type":"post","link":"https:\/\/www.europesays.com\/fr\/280283\/","title":{"rendered":"Meurthe-et-Moselle. Un post Facebook d\u2019un \u00e9lu du D\u00e9partement choque la communaut\u00e9 juive de Nancy"},"content":{"rendered":"<p>Les relations entre la majorit\u00e9 de gauche au conseil d\u00e9partemental du 54 et la communaut\u00e9 juive sont en train de se tendre doucement, mais s\u00fbrement. Il y a d\u2019abord eu la motion adopt\u00e9e fin juin pour d\u00e9noncer \u00ab\u00a0le g\u00e9nocide en cours \u00e0 Gaza\u00a0\u00bb. Le mot controvers\u00e9 et pol\u00e9mique de \u00ab\u00a0g\u00e9nocide\u00a0\u00bb a \u00ab\u00a0choqu\u00e9\u00a0\u00bb au sein de la communaut\u00e9 juive.<\/p>\n<p>\u00ab\u00a0C\u2019est venu mettre de la tension dans un climat g\u00e9n\u00e9ral \u00e0 Nancy o\u00f9 l\u2019on voit d\u00e9j\u00e0 monter l\u2019antis\u00e9mitisme.\u00a0L\u2019importation en France du conflit au Moyen-Orient n\u2019est pas une bonne chose. Pour \u00e9viter cela, il faudrait une charte d\u00e9ontologique de bonne conduite des \u00e9lus de tous bords\u00a0\u00bb, argumente Alain Lefebvre, pr\u00e9sident du consistoire de Lorraine.<\/p>\n<p>\u00ab\u00a0Une affiche immonde ouvertement antis\u00e9mite\u00a0\u00bb<\/p>\n<p>Cette charte n\u2019est pas pr\u00e8s de voir le jour&#8230;<\/p>\n","protected":false},"excerpt":{"rendered":"Les relations entre la majorit\u00e9 de gauche au conseil d\u00e9partemental du 54 et la communaut\u00e9 juive sont en&hellip;\n","protected":false},"author":2,"featured_media":280284,"comment_status":"","ping_status":"","sticky":false,"template":"","format":"standard","meta":{"footnotes":""},"categories":[9635],"tags":[1111,11,14238,7162,1777,674,274,1011,27,775,3457,1702,12,316,3456,25,41972],"class_list":{"0":"post-280283","1":"post","2":"type-post","3":"status-publish","4":"format-standard","5":"has-post-thumbnail","7":"category-nancy","8":"tag-actu","9":"tag-actualites","10":"tag-edition-longwy","11":"tag-edition-thionville-hayange","12":"tag-eu","13":"tag-europe","14":"tag-faits-divers-justice","15":"tag-fr","16":"tag-france","17":"tag-grand-est","18":"tag-meurthe-et-moselle","19":"tag-nancy","20":"tag-news","21":"tag-politique","22":"tag-region-lorraine","23":"tag-republique-francaise","24":"tag-villerupt"},"share_on_mastodon":{"url":"https:\/\/pubeurope.com\/@fr\/114932460099710826","error":""},"_links":{"self":[{"href":"https:\/\/www.europesays.com\/fr\/wp-json\/wp\/v2\/posts\/280283","targetHints":{"allow":["GET"]}}],"collection":[{"href":"https:\/\/www.europesays.com\/fr\/wp-json\/wp\/v2\/posts"}],"about":[{"href":"https:\/\/www.europesays.com\/fr\/wp-json\/wp\/v2\/types\/post"}],"author":[{"embeddable":true,"href":"https:\/\/www.europesays.com\/fr\/wp-json\/wp\/v2\/users\/2"}],"replies":[{"embeddable":true,"href":"https:\/\/www.europesays.com\/fr\/wp-json\/wp\/v2\/comments?post=280283"}],"version-history":[{"count":0,"href":"https:\/\/www.europesays.com\/fr\/wp-json\/wp\/v2\/posts\/280283\/revisions"}],"wp:featuredmedia":[{"embeddable":true,"href":"https:\/\/www.europesays.com\/fr\/wp-json\/wp\/v2\/media\/280284"}],"wp:attachment":[{"href":"https:\/\/www.europesays.com\/fr\/wp-json\/wp\/v2\/media?parent=280283"}],"wp:term":[{"taxonomy":"category","embeddable":true,"href":"https:\/\/www.europesays.com\/fr\/wp-json\/wp\/v2\/categories?post=280283"},{"taxonomy":"post_tag","embeddable":true,"href":"https:\/\/www.europesays.com\/fr\/wp-json\/wp\/v2\/tags?post=280283"}],"curies":[{"name":"wp","href":"https:\/\/api.w.org\/{rel}","templated":true}]}}