{"id":280293,"date":"2025-07-28T19:19:10","date_gmt":"2025-07-28T19:19:10","guid":{"rendered":"https:\/\/www.europesays.com\/fr\/280293\/"},"modified":"2025-07-28T19:19:10","modified_gmt":"2025-07-28T19:19:10","slug":"herault-un-incendie-se-declare-entre-sete-et-montpellier-en-raison-de-travaux-de-soudure-500-pompiers-mobilises","status":"publish","type":"post","link":"https:\/\/www.europesays.com\/fr\/280293\/","title":{"rendered":"H\u00e9rault\u00a0: un incendie se d\u00e9clare entre S\u00e8te et Montpellier en raison de travaux de soudure, 500 pompiers mobilis\u00e9s"},"content":{"rendered":"<p class=\"paragraph text_align_left lp-f-body-02\"><a href=\"https:\/\/www.leparisien.fr\/faits-divers\/charente-un-mort-et-quatre-disparus-dans-lincendie-dun-gite-accueillant-des-personnes-handicapees-28-07-2025-YTENMCB3SJFOPLJTZS6QNTNMRE.php\" target=\"_self\" rel=\"nofollow noopener\">Les incendies<\/a> se multiplient dans le sud-est de la France. Alors que le feu a \u00e9t\u00e9 fix\u00e9 \u00e0 Port-de-Bouc et \u00e0 Martigues, dans les <a href=\"https:\/\/www.leparisien.fr\/bouches-du-rhone-13\/\" target=\"_self\" rel=\"nofollow noopener\">Bouches-du-Rh\u00f4ne<\/a> (13), <a href=\"https:\/\/www.leparisien.fr\/bouches-du-rhone-13\/bouches-du-rhone-deux-incendies-en-cours-pres-de-10-ha-parcourus-par-les-flammes-28-07-2025-LU545XC4OZH3ZH4QSDYBMEY3PI.php\" target=\"_self\" rel=\"nofollow noopener\">les Pennes-Mirabeau \u00e9taient encore en proie aux flammes <\/a>ce lundi soir. Mais le d\u00e9partement de l\u2019H\u00e9rault (34) est \u00e9galement touch\u00e9.<\/p>\n<p class=\"paragraph text_align_left lp-f-body-02\">En effet, un incendie s\u2019est d\u00e9clar\u00e9 aux alentours de 16h45 au nord de Cournonsec, commune situ\u00e9e entre Montpellier et S\u00e8te, selon des informations de <a href=\"https:\/\/france3-regions.franceinfo.fr\/occitanie\/herault\/sete\/incendie-dans-l-herault-des-travaux-de-soudure-a-l-origine-d-un-feu-en-cours-plus-de-80-pompiers-mobilises-3194448.html\" target=\"_blank\" rel=\"nofollow noopener\">France 3 R\u00e9gions<\/a>. En cause : \u00ab un d\u00e9part de feu d\u2019herbe, de garrigue et de ch\u00eanes verts suite \u00e0 des travaux de soudure \u00bb, comme expliqu\u00e9 par les Pompiers de l\u2019H\u00e9rault via un communiqu\u00e9 sur X. Le brasier se serait rapidement propag\u00e9 dans une vigne avant d\u2019atteindre un massif forestier.<\/p>\n<blockquote class=\"twitter-tweet\">\n<p lang=\"fr\" dir=\"ltr\"><a href=\"https:\/\/twitter.com\/hashtag\/Incendie?src=hash&amp;ref_src=twsrc%5Etfw\" rel=\"nofollow noopener\" target=\"_blank\">#Incendie<\/a>|| COURNONSEC<br \/>Nous intervenons pour un d\u00e9part de feu d\u2019herbe, de garrigue &amp; de ch\u00eanes verts  suite \u00e0 des travaux de soudure au lieu-dit les Dev\u00e8zes<br \/>\ud83d\udd3a4 <a href=\"https:\/\/twitter.com\/hashtag\/GIFF?src=hash&amp;ref_src=twsrc%5Etfw\" rel=\"nofollow noopener\" target=\"_blank\">#GIFF<\/a><br \/>\ud83d\udd3a2 ABE <a href=\"https:\/\/twitter.com\/hashtag\/SDIS34?src=hash&amp;ref_src=twsrc%5Etfw\" rel=\"nofollow noopener\" target=\"_blank\">#SDIS34<\/a><br \/>\ud83d\udd3a1 Groupe alimentation en transit<br \/>Sur la route \ud83d\udea8+ sir\u00e8ne 2 tons = \ud83d\ude92 prioritaires <a href=\"https:\/\/twitter.com\/hashtag\/InfoFlash?src=hash&amp;ref_src=twsrc%5Etfw\" rel=\"nofollow noopener\" target=\"_blank\">#InfoFlash<\/a> <a href=\"https:\/\/t.co\/42RdGX4i6d\" rel=\"nofollow\">pic.twitter.com\/42RdGX4i6d<\/a><\/p>\n<p>\u2014 Pompiers 34 \ud83c\uddeb\ud83c\uddf7 (@PompiersHerault) <a href=\"https:\/\/twitter.com\/PompiersHerault\/status\/1949864780962935109?ref_src=twsrc%5Etfw\" rel=\"nofollow noopener\" target=\"_blank\">July 28, 2025<\/a><\/p><\/blockquote>\n<p class=\"paragraph text_align_left lp-f-body-02\">Les conditions sont d\u00e9licates pour les soldats du feu, puisque le sol est sec. De plus, un vent fort, estim\u00e9 \u00e0 30 km\/h, et des rafales de nord nord-ouest atteignant 40 km\/h facilitent la progression des flammes.<\/p>\n<p>Une centaine de personnes \u00e9vacu\u00e9es mais aucun bless\u00e9<\/p>\n<p class=\"paragraph text_align_left lp-f-body-02\">\u00ab Le feu ne menace plus les habitations de Cournonsec \u00bb, ont assur\u00e9 les pompiers vers 20 heures, pr\u00e9cisant que 500 pompiers et 100 camions de lutte contre les incendies \u00e9taient sur les lieux. De son c\u00f4t\u00e9, pr\u00e9fecture a confirm\u00e9 qu\u2019un avion Dash et quatre Canadair \u00e9taient arriv\u00e9s en renfort aux alentours de 18 heures.<\/p>\n<blockquote class=\"twitter-tweet\">\n<p lang=\"fr\" dir=\"ltr\">\ud83d\udd25 Dans l&rsquo;H\u00e9rault, l&rsquo;incendie de Cournonsec s&rsquo;est rapidement intensifi\u00e9 et mobilise plus de 350 pompiers ce lundi soir ! (\u00a9 Melvin Lejeune) <a href=\"https:\/\/t.co\/WcvPlpvuqu\" rel=\"nofollow\">pic.twitter.com\/WcvPlpvuqu<\/a><\/p>\n<p>\u2014 M\u00e9t\u00e9o Express (@MeteoExpress) <a href=\"https:\/\/twitter.com\/MeteoExpress\/status\/1949886555268526444?ref_src=twsrc%5Etfw\" rel=\"nofollow noopener\" target=\"_blank\">July 28, 2025<\/a><\/p><\/blockquote>\n<p class=\"lp-card-podcast-highlighting__title  lp-f-subtitle-05\">[1\/4] C\u00e9cile Vallin, les secrets d\u2019une disparition<\/p>\n<p class=\"lp-card-podcast-highlighting__description lp-f-ui-05\">Crime story raconte chaque semaine les grandes affaires criminelles.<\/p>\n<p><a class=\"lp-card-podcast-highlighting__call-to-action\" data-page-type=\"HP\" data-block-name=\"podcast-highlight\">\u00c9couter<\/a><\/p>\n<p class=\"paragraph text_align_left lp-f-body-02\">Selon les informations de <a href=\"https:\/\/www.midilibre.fr\/2025\/07\/28\/il-resulte-de-travaux-de-soudure-un-feu-de-garrigue-se-developpe-pres-de-montpellier-ce-lundi-apres-midi-12848964.php\" target=\"_self\" rel=\"nofollow noopener\">Midi Libre<\/a>, une centaine de personnes ont \u00e9t\u00e9 \u00e9vacu\u00e9es \u00e0 Montbazin, commune proche de l\u2019incendie dont la majorit\u00e9 des logements sont diss\u00e9min\u00e9s dans la v\u00e9g\u00e9tation. Aucun bless\u00e9 ni \u00ab d\u00e9g\u00e2ts aux biens \u00bb ne sont pour l\u2019instant \u00e0 d\u00e9plorer selon les pompiers, alors que le feu a d\u00e9j\u00e0 parcouru plus de 320 hectares, en br\u00fblant 150.<\/p>\n<p class=\"paragraph text_align_left lp-f-body-02\">Une d\u00e9viation est mise en place pour lib\u00e9rer la D5 entre Montbazin et Cournonsec afin de faciliter l\u2019intervention des secours, a annonc\u00e9 la pr\u00e9fecture.<\/p>\n<p><script async src=\"https:\/\/platform.twitter.com\/widgets.js\" charset=\"utf-8\"><\/script><\/p>\n","protected":false},"excerpt":{"rendered":"Les incendies se multiplient dans le sud-est de la France. Alors que le feu a \u00e9t\u00e9 fix\u00e9 \u00e0&hellip;\n","protected":false},"author":2,"featured_media":280294,"comment_status":"","ping_status":"","sticky":false,"template":"","format":"standard","meta":{"footnotes":""},"categories":[9599],"tags":[1111,11,459,1777,674,118,1011,27,2208,12,2680,25],"class_list":{"0":"post-280293","1":"post","2":"type-post","3":"status-publish","4":"format-standard","5":"has-post-thumbnail","7":"category-montpellier","8":"tag-actu","9":"tag-actualites","10":"tag-departements-horsidfo","11":"tag-eu","12":"tag-europe","13":"tag-faits-divers","14":"tag-fr","15":"tag-france","16":"tag-montpellier","17":"tag-news","18":"tag-occitanie","19":"tag-republique-francaise"},"share_on_mastodon":{"url":"https:\/\/pubeurope.com\/@fr\/114932479606788958","error":""},"_links":{"self":[{"href":"https:\/\/www.europesays.com\/fr\/wp-json\/wp\/v2\/posts\/280293","targetHints":{"allow":["GET"]}}],"collection":[{"href":"https:\/\/www.europesays.com\/fr\/wp-json\/wp\/v2\/posts"}],"about":[{"href":"https:\/\/www.europesays.com\/fr\/wp-json\/wp\/v2\/types\/post"}],"author":[{"embeddable":true,"href":"https:\/\/www.europesays.com\/fr\/wp-json\/wp\/v2\/users\/2"}],"replies":[{"embeddable":true,"href":"https:\/\/www.europesays.com\/fr\/wp-json\/wp\/v2\/comments?post=280293"}],"version-history":[{"count":0,"href":"https:\/\/www.europesays.com\/fr\/wp-json\/wp\/v2\/posts\/280293\/revisions"}],"wp:featuredmedia":[{"embeddable":true,"href":"https:\/\/www.europesays.com\/fr\/wp-json\/wp\/v2\/media\/280294"}],"wp:attachment":[{"href":"https:\/\/www.europesays.com\/fr\/wp-json\/wp\/v2\/media?parent=280293"}],"wp:term":[{"taxonomy":"category","embeddable":true,"href":"https:\/\/www.europesays.com\/fr\/wp-json\/wp\/v2\/categories?post=280293"},{"taxonomy":"post_tag","embeddable":true,"href":"https:\/\/www.europesays.com\/fr\/wp-json\/wp\/v2\/tags?post=280293"}],"curies":[{"name":"wp","href":"https:\/\/api.w.org\/{rel}","templated":true}]}}