{"id":280312,"date":"2025-07-28T19:32:18","date_gmt":"2025-07-28T19:32:18","guid":{"rendered":"https:\/\/www.europesays.com\/fr\/280312\/"},"modified":"2025-07-28T19:32:18","modified_gmt":"2025-07-28T19:32:18","slug":"le-fc-nantes-boucle-la-plus-grosse-vente-de-son-histoire-france-fc-nantes","status":"publish","type":"post","link":"https:\/\/www.europesays.com\/fr\/280312\/","title":{"rendered":"Le FC Nantes boucle la plus grosse vente de son histoire &#8211; France &#8211; FC Nantes"},"content":{"rendered":"<p>Il y a des offres qu\u2019on ne peut pas refuser.<\/p>\n<p>\u00c0 seulement 20 ans, et apr\u00e8s 32 petits matchs de Ligue 1 en trois saisons, <strong>Nathan Z\u00e9z\u00e9 troque son statut de futur leader de la d\u00e9fense du FC Nantes pour celui de plus grosse vente de l\u2019histoire du club<\/strong>. Ce lundi, l\u2019international Espoirs fran\u00e7ais a paraph\u00e9 un contrat record avec <a target=\"_blank\" href=\"https:\/\/www.sofoot.com\/articles\/lacazette-galtier-le-neom-sc-le-club-ambitieux-dune-ville-fantome-en-arabie-saoudite#goog_rewarded\" rel=\"noopener nofollow\">le Neom SC, promu en premi\u00e8re division saoudienne<\/a> cette ann\u00e9e.<\/p>\n<p>Nantes multiplie les d\u00e9parts<\/p>\n<p>Son d\u00e9part interroge forc\u00e9ment sur l\u2019attractivit\u00e9 de la Ligue 1, mais les <strong>20 millions d\u2019euros<\/strong> vont, au contraire, faire souffler un ouf de soulagement dans les bureaux des Jaune et Vert. Cela ne comprend d\u2019ailleurs pas les bonus, qui seraient de 3 millions selon les informations de <a target=\"_blank\" href=\"https:\/\/www.lequipe.fr\/Football\/Actualites\/Mercato-nathan-zeze-officiellement-cede-a-neom-plus-grosse-vente-de-l-histoire-de-nantes\/1581529\" rel=\"noopener nofollow\">L\u2019\u00c9quipe<\/a>, et 20% \u00e9ventuels sur la plus-value d\u2019une future revente. Apr\u00e8s les d\u00e9parts de <a target=\"_blank\" href=\"https:\/\/www.sofoot.com\/breves\/mercato-moses-simon-signe-jusquen-2028-au-paris-fc\" rel=\"noopener nofollow\">Moses Simon au Paris FC<\/a>, Douglas Augusto \u00e0 Krasnodar, <a target=\"_blank\" href=\"https:\/\/www.sofoot.com\/breves\/jean-charles-castelletto-quitte-le-fc-nantes-pour-aller-au-qatar#goog_rewarded\" rel=\"noopener nofollow\">Jean-Charles Castelletto \u00e0 Al-Duhail<\/a> et <a target=\"_blank\" href=\"https:\/\/www.sofoot.com\/breves\/mercato-pedro-chirivella-signe-au-panathinaikos\" rel=\"noopener nofollow\">Pedro Chirivella au Panathina\u00efk\u00f3s<\/a>, les Canaris ont d\u00e9j\u00e0 amass\u00e9 40 millions d\u2019euros cet \u00e9t\u00e9, un autre record. De quoi voir venir.<\/p>\n<p>En Arabie saoudite, Nathan Z\u00e9z\u00e9 ne sera pas trop d\u00e9pays\u00e9. En effet, <strong>le Neom SC a pris l\u2019habitude de faire son march\u00e9 en Ligue 1<\/strong>, avec Christophe Galtier sur le banc, <a target=\"_blank\" href=\"https:\/\/www.sofoot.com\/breves\/mercato-alexandre-lacazette-va-sen-aller-au-neom-sc-en-arabie-saoudite\" rel=\"noopener nofollow\">Alexandre Lacazette<\/a> et Sa\u00efd Benrahma en attaque, <a target=\"_blank\" href=\"https:\/\/www.sofoot.com\/breves\/marcin-bulka-sengage-lui-aussi-avec-neom\" rel=\"noopener nofollow\">Marcin Bu\u0142ka dans les buts<\/a> ou encore Amadou Kon\u00e9 au milieu.<\/p>\n<p>Plut\u00f4t pilule rouge ou bleue, \u00e0 Neom ?<\/p>\n<p>\t\t\t\t\t\t\t\t\t\t<a class=\"lien-connexe\" href=\"https:\/\/www.sofoot.com\/breves\/jean-charles-castelletto-quitte-le-fc-nantes-pour-aller-au-qatar\" rel=\"nofollow noopener\" target=\"_blank\">Jean-Charles Castelletto quitte le FC Nantes pour aller au Qatar<\/a>\t\t\t\t\t<\/p>\n","protected":false},"excerpt":{"rendered":"Il y a des offres qu\u2019on ne peut pas refuser. \u00c0 seulement 20 ans, et apr\u00e8s 32 petits&hellip;\n","protected":false},"author":2,"featured_media":280313,"comment_status":"","ping_status":"","sticky":false,"template":"","format":"standard","meta":{"footnotes":""},"categories":[2818],"tags":[1111,47,11,61,69,65,64,1777,674,63,1011,27,68,66,766,12,62,2636,70,25,67],"class_list":{"0":"post-280312","1":"post","2":"type-post","3":"status-publish","4":"format-standard","5":"has-post-thumbnail","7":"category-nantes","8":"tag-actu","9":"tag-actualite","10":"tag-actualites","11":"tag-actus-football","12":"tag-bundesliga","13":"tag-championnats-europeens","14":"tag-equipe-de-france","15":"tag-eu","16":"tag-europe","17":"tag-football","18":"tag-fr","19":"tag-france","20":"tag-ligua","21":"tag-ligue-1","22":"tag-nantes","23":"tag-news","24":"tag-news-foot","25":"tag-pays-de-la-loire","26":"tag-premier-league","27":"tag-republique-francaise","28":"tag-serie-a"},"share_on_mastodon":{"url":"https:\/\/pubeurope.com\/@fr\/114932530842583629","error":""},"_links":{"self":[{"href":"https:\/\/www.europesays.com\/fr\/wp-json\/wp\/v2\/posts\/280312","targetHints":{"allow":["GET"]}}],"collection":[{"href":"https:\/\/www.europesays.com\/fr\/wp-json\/wp\/v2\/posts"}],"about":[{"href":"https:\/\/www.europesays.com\/fr\/wp-json\/wp\/v2\/types\/post"}],"author":[{"embeddable":true,"href":"https:\/\/www.europesays.com\/fr\/wp-json\/wp\/v2\/users\/2"}],"replies":[{"embeddable":true,"href":"https:\/\/www.europesays.com\/fr\/wp-json\/wp\/v2\/comments?post=280312"}],"version-history":[{"count":0,"href":"https:\/\/www.europesays.com\/fr\/wp-json\/wp\/v2\/posts\/280312\/revisions"}],"wp:featuredmedia":[{"embeddable":true,"href":"https:\/\/www.europesays.com\/fr\/wp-json\/wp\/v2\/media\/280313"}],"wp:attachment":[{"href":"https:\/\/www.europesays.com\/fr\/wp-json\/wp\/v2\/media?parent=280312"}],"wp:term":[{"taxonomy":"category","embeddable":true,"href":"https:\/\/www.europesays.com\/fr\/wp-json\/wp\/v2\/categories?post=280312"},{"taxonomy":"post_tag","embeddable":true,"href":"https:\/\/www.europesays.com\/fr\/wp-json\/wp\/v2\/tags?post=280312"}],"curies":[{"name":"wp","href":"https:\/\/api.w.org\/{rel}","templated":true}]}}